{"id":196,"date":"2010-01-07T16:31:56","date_gmt":"2010-01-07T15:31:56","guid":{"rendered":"http:\/\/www.ladislavjakl.cz\/?p=196"},"modified":"2010-01-07T16:31:56","modified_gmt":"2010-01-07T15:31:56","slug":"pryc-s-kolaboranty","status":"publish","type":"post","link":"https:\/\/www.ladislavjakl.cz\/?p=196","title":{"rendered":"Pry\u010d s kolaboranty!"},"content":{"rendered":"<p>D\u011bjiny civilizace jsou d\u011bjinami boje s\u00a0p\u0159\u00edrodou. Cel\u00e9 generace na\u0161ich p\u0159edk\u016f v\u011bd\u011bly, \u017ee co si od p\u0159\u00edrody neurvou, to m\u00edt nebudou.<br \/>\nP\u0159\u00edroda tak\u00e9 um\u00ed lidem zasadit stra\u0161liv\u00e9 r\u00e1ny, \u010dlov\u011bk se ale nesm\u00ed d\u00e1t a mus\u00ed vr\u00e1tit ka\u017edou r\u00e1nu dvakr\u00e1t. Ka\u017ed\u00e1 r\u00e1na zasazen\u00e1 p\u0159\u00edrod\u011b je v\u00edt\u011bzstv\u00edm civilizace. Nev\u00edm, kde zrovna sed\u00edte, kdy\u017e \u010dtete tyhle \u0159\u00e1dky.<\/p>\n<p><!--more-->Ale skoro bych se vsadil, \u017ee kdybyste na stejn\u00e9m m\u00edst\u011b sed\u011bli p\u0159ed tis\u00edci lety, tedy je\u0161t\u011b p\u0159edt\u00edm, ne\u017e va\u0161i prad\u011bdov\u00e9 dali p\u0159\u00edrod\u011b coproto, vylezl by zrovna na tom va\u0161em m\u00edst\u011b odkudsi z\u00a0hou\u0161t\u00ed vlk a kousl by v\u00e1s do zadku.<br \/>\nBoj civilizace s\u00a0p\u0159\u00edrodou je tvrd\u00fd a jsou v\u00a0n\u011bm ztr\u00e1ty na obou stran\u00e1ch. Tak to ale v\u00a0boj\u00edch, kde jde o v\u0161e, b\u00fdv\u00e1. Nejhor\u0161\u00ed v\u0161ak je, \u017ee se mezi lidmi najdou kolaboranti, kte\u0159\u00ed zr\u00e1dn\u011b bojuj\u00ed v\u00a0uniform\u011b nep\u0159\u00edtele proti sv\u00fdm, proti n\u00e1m, proti civilizaci. Ti by cht\u011bli va\u0161e vyt\u00e1p\u011bn\u00e9 such\u00e9 pohodln\u00e9 p\u0159\u00edbytky s\u00a0lednicemi pln\u00fdmi j\u00eddla a pit\u00ed op\u011bt nechat zar\u016fst bujnou vegetac\u00ed. Proto\u017ee jak se v\u00a0boji s\u00a0p\u0159\u00edrodou polev\u00ed, hned si mrcha vezme v\u0161e, co j\u00ed bylo pracn\u011b vyrv\u00e1no. Proto jsou tito kolaboranti v\u00a0na\u0161ich \u0159ad\u00e1ch tak nebezpe\u010dn\u00ed. Existuje jedin\u00fd opr\u00e1vn\u011bn\u00fd d\u016fvod, kdy lze polevit v\u00a0l\u00edt\u00e9m boji s\u00a0divokou p\u0159\u00edrodou. Je to pot\u0159eba zato\u010dit s\u00a0kolaboranty!<br \/>\nAle hned potom je nutno se vr\u00e1tit na hlavn\u00ed frontu a bojovat d\u00e1l o ka\u017ed\u00fd metr. Generace na\u0161ich potomk\u016f se na n\u00e1s d\u00edvaj\u00ed. Nech\u00e1me jim u\u0161l\u00e1pnutou civilizaci obkl\u00ed\u010denou zu\u0159\u00edc\u00ed divo\u010dinou, nebo kvetouc\u00ed kulturu, kde m\u00e1 p\u0159\u00edroda p\u011bkn\u011b vyk\u00e1zan\u00e9 sv\u00e9 m\u00edsto v\u00a0truhl\u00edku za oknem \u010di v\u00a0ZOO? To z\u00e1le\u017e\u00ed na ka\u017ed\u00e9m z\u00a0n\u00e1s.<br \/>\nDopisuji tyto \u0159\u00e1dky a vyr\u00e1\u017e\u00edm na \u0160umavu, do prvn\u00ed frontov\u00e9 linie. P\u0159\u00edrodo, t\u0159es se, nebude\u0161 se tam roztahovat v\u011b\u010dn\u011b, u\u017e na tebe jdu.<\/p>\n<p>ps\u00e1no pro iDnes<\/p>\n","protected":false},"excerpt":{"rendered":"<p>D\u011bjiny civilizace jsou d\u011bjinami boje s\u00a0p\u0159\u00edrodou. Cel\u00e9 generace na\u0161ich p\u0159edk\u016f v\u011bd\u011bly, \u017ee co si od p\u0159\u00edrody neurvou, to m\u00edt nebudou. P\u0159\u00edroda tak\u00e9 um\u00ed lidem zasadit stra\u0161liv\u00e9 r\u00e1ny, \u010dlov\u011bk se ale nesm\u00ed d\u00e1t a mus\u00ed vr\u00e1tit ka\u017edou r\u00e1nu dvakr\u00e1t. Ka\u017ed\u00e1 r\u00e1na zasazen\u00e1 p\u0159\u00edrod\u011b je v\u00edt\u011bzstv\u00edm civilizace. Nev\u00edm, kde zrovna sed\u00edte, kdy\u017e \u010dtete tyhle \u0159\u00e1dky.<\/p>\n","protected":false},"author":1,"featured_media":0,"comment_status":"open","ping_status":"open","sticky":false,"template":"","format":"standard","meta":{"ngg_post_thumbnail":0,"footnotes":""},"categories":[10],"tags":[],"class_list":["post-196","post","type-post","status-publish","format-standard","hentry","category-zlehka"],"_links":{"self":[{"href":"https:\/\/www.ladislavjakl.cz\/index.php?rest_route=\/wp\/v2\/posts\/196","targetHints":{"allow":["GET"]}}],"collection":[{"href":"https:\/\/www.ladislavjakl.cz\/index.php?rest_route=\/wp\/v2\/posts"}],"about":[{"href":"https:\/\/www.ladislavjakl.cz\/index.php?rest_route=\/wp\/v2\/types\/post"}],"author":[{"embeddable":true,"href":"https:\/\/www.ladislavjakl.cz\/index.php?rest_route=\/wp\/v2\/users\/1"}],"replies":[{"embeddable":true,"href":"https:\/\/www.ladislavjakl.cz\/index.php?rest_route=%2Fwp%2Fv2%2Fcomments&post=196"}],"version-history":[{"count":1,"href":"https:\/\/www.ladislavjakl.cz\/index.php?rest_route=\/wp\/v2\/posts\/196\/revisions"}],"predecessor-version":[{"id":197,"href":"https:\/\/www.ladislavjakl.cz\/index.php?rest_route=\/wp\/v2\/posts\/196\/revisions\/197"}],"wp:attachment":[{"href":"https:\/\/www.ladislavjakl.cz\/index.php?rest_route=%2Fwp%2Fv2%2Fmedia&parent=196"}],"wp:term":[{"taxonomy":"category","embeddable":true,"href":"https:\/\/www.ladislavjakl.cz\/index.php?rest_route=%2Fwp%2Fv2%2Fcategories&post=196"},{"taxonomy":"post_tag","embeddable":true,"href":"https:\/\/www.ladislavjakl.cz\/index.php?rest_route=%2Fwp%2Fv2%2Ftags&post=196"}],"curies":[{"name":"wp","href":"https:\/\/api.w.org\/{rel}","templated":true}]}}