{"id":1967,"date":"2012-06-08T16:24:28","date_gmt":"2012-06-08T14:24:28","guid":{"rendered":"http:\/\/www.ladislavjakl.cz\/?p=1967"},"modified":"2012-06-08T16:24:28","modified_gmt":"2012-06-08T14:24:28","slug":"svobodni-nasim-jedinym-kandidatem-na-prezidenta-je-jakl","status":"publish","type":"post","link":"https:\/\/www.ladislavjakl.cz\/?p=1967","title":{"rendered":"Svobodn\u00ed: Na\u0161\u00edm jedin\u00fdm kandid\u00e1tem na prezidenta je Jakl"},"content":{"rendered":"<p><strong><img loading=\"lazy\" decoding=\"async\" class=\"size-medium wp-image-1968 alignleft\" title=\"jakltyden\" src=\"https:\/\/www.ladislavjakl.cz\/wp-content\/uploads\/2012\/06\/jakltyden-264x125.jpg\" alt=\"jakltyden\" width=\"264\" height=\"125\" srcset=\"https:\/\/www.ladislavjakl.cz\/wp-content\/uploads\/2012\/06\/jakltyden-264x125.jpg 264w, https:\/\/www.ladislavjakl.cz\/wp-content\/uploads\/2012\/06\/jakltyden.jpg 519w\" sizes=\"auto, (max-width: 264px) 100vw, 264px\" \/>Tajemn\u00edk prezidenta Ladislav Jakl je jedin\u00fdm kandid\u00e1tem Strany  svobodn\u00fdch ob\u010dan\u016f na prezidenta. O jeho nominaci je\u0161t\u011b budou hlasovat  \u010dlenov\u00e9 strany v prezidentsk\u00fdch prim\u00e1rk\u00e1ch. V tiskov\u00e9 zpr\u00e1v\u011b to uvedl  p\u0159edseda Svobodn\u00fdch Petr Mach. Jakl podle n\u011bj m\u00e1 podporu veden\u00ed strany.<\/strong><\/p>\n<p><!--more--><br \/>\n&#8222;Jestli\u017ee  Ladislav Jakl v prim\u00e1rk\u00e1ch usp\u011bje, zah\u00e1j\u00edme sb\u011br pot\u0159ebn\u00fdch 50  tis\u00edc\u00a0podpis\u016f, aby mohl b\u00fdt jedn\u00edm z kandid\u00e1t\u016f v bl\u00ed\u017e\u00edc\u00ed se prezidentsk\u00e9  volb\u011b.&#8220; uvedl Mach. Svobodn\u00ed maj\u00ed asi\u00a0tis\u00edc \u010dlen\u016f a registrovan\u00fdch  p\u0159\u00edznivc\u016f, kte\u0159\u00ed nyn\u00ed mohou hlasovat o tom, zda Jakla za prezidentsk\u00e9ho  kandid\u00e1ta cht\u011bj\u00ed. Prim\u00e1rky Svobodn\u00fdch za\u010d\u00ednaj\u00ed\u00a0ve \u010dtvrtek 7. \u010dervna\u00a0a  kon\u010d\u00ed 14. \u010dervna.<\/p>\n<p>Jakl u\u017e d\u0159\u00edve potvrdil, \u017ee nab\u00eddku od  Svobodn\u00fdch dostal. &#8222;A proto\u017ee jsem p\u0159\u00edznivcem t\u00e9to strany, je to pro mne  ur\u010dit\u011b zaj\u00edmav\u00fd podn\u011bt k \u00favaze,&#8220; \u0159ekl tehdy serveru iDnes.cz.<\/p>\n<p>Dvaapades\u00e1tilet\u00fd  Jakl je \u0159editelem politick\u00e9ho odboru prezidentsk\u00e9 kancel\u00e1\u0159e. Klausov\u00fdm  poradcem je od roku 1997. Svobodn\u00ed se profiluj\u00ed jako pravicov\u00e1  euroskeptick\u00e1 strana. Pokud se nepoda\u0159\u00ed prosadit z\u00e1sadn\u00ed zm\u011bny sou\u010dasn\u00e9  EU, m\u011bla by podle nich \u010cR unii opustit.<\/p>\n<p>&#8222;Chceme m\u00edt kandid\u00e1ta,  kter\u00fd skrze jmenov\u00e1n\u00ed bankovn\u00ed rady \u010cNB zajist\u00ed pokra\u010dov\u00e1n\u00ed zdrav\u00e9  m\u011bnov\u00e9 politiky, nedopust\u00ed dal\u0161\u00ed p\u0159esouv\u00e1n\u00ed pravomoc\u00ed a pen\u011bz na  Evropskou unii a bude sn\u011bmovn\u011b vracet z\u00e1kony omezuj\u00edc\u00ed svobodu \u010dlov\u011bka,&#8220;  vysv\u011btlil Mach, pro\u010d si veden\u00ed strany jako prezidentsk\u00e9ho kandid\u00e1ta  vybrala Jakla.<\/p>\n<p><a href=\"http:\/\/www.tyden.cz\/rubriky\/domaci\/svobodni-nasim-jedinym-kandidatem-na- prezidenta-je-jakl_236832.html\" target=\"_blank\">Zdroj<\/a><\/p>\n","protected":false},"excerpt":{"rendered":"<p>Tajemn\u00edk prezidenta Ladislav Jakl je jedin\u00fdm kandid\u00e1tem Strany svobodn\u00fdch ob\u010dan\u016f na prezidenta. O jeho nominaci je\u0161t\u011b budou hlasovat \u010dlenov\u00e9 strany v prezidentsk\u00fdch prim\u00e1rk\u00e1ch. V tiskov\u00e9 zpr\u00e1v\u011b to uvedl p\u0159edseda Svobodn\u00fdch Petr Mach. Jakl podle n\u011bj m\u00e1 podporu veden\u00ed strany.<\/p>\n","protected":false},"author":1,"featured_media":0,"comment_status":"open","ping_status":"open","sticky":false,"template":"","format":"standard","meta":{"ngg_post_thumbnail":0,"footnotes":""},"categories":[11],"tags":[],"class_list":["post-1967","post","type-post","status-publish","format-standard","hentry","category-ozvena"],"_links":{"self":[{"href":"https:\/\/www.ladislavjakl.cz\/index.php?rest_route=\/wp\/v2\/posts\/1967","targetHints":{"allow":["GET"]}}],"collection":[{"href":"https:\/\/www.ladislavjakl.cz\/index.php?rest_route=\/wp\/v2\/posts"}],"about":[{"href":"https:\/\/www.ladislavjakl.cz\/index.php?rest_route=\/wp\/v2\/types\/post"}],"author":[{"embeddable":true,"href":"https:\/\/www.ladislavjakl.cz\/index.php?rest_route=\/wp\/v2\/users\/1"}],"replies":[{"embeddable":true,"href":"https:\/\/www.ladislavjakl.cz\/index.php?rest_route=%2Fwp%2Fv2%2Fcomments&post=1967"}],"version-history":[{"count":1,"href":"https:\/\/www.ladislavjakl.cz\/index.php?rest_route=\/wp\/v2\/posts\/1967\/revisions"}],"predecessor-version":[{"id":1969,"href":"https:\/\/www.ladislavjakl.cz\/index.php?rest_route=\/wp\/v2\/posts\/1967\/revisions\/1969"}],"wp:attachment":[{"href":"https:\/\/www.ladislavjakl.cz\/index.php?rest_route=%2Fwp%2Fv2%2Fmedia&parent=1967"}],"wp:term":[{"taxonomy":"category","embeddable":true,"href":"https:\/\/www.ladislavjakl.cz\/index.php?rest_route=%2Fwp%2Fv2%2Fcategories&post=1967"},{"taxonomy":"post_tag","embeddable":true,"href":"https:\/\/www.ladislavjakl.cz\/index.php?rest_route=%2Fwp%2Fv2%2Ftags&post=1967"}],"curies":[{"name":"wp","href":"https:\/\/api.w.org\/{rel}","templated":true}]}}