{"id":1983,"date":"2012-06-12T12:50:46","date_gmt":"2012-06-12T10:50:46","guid":{"rendered":"http:\/\/www.ladislavjakl.cz\/?p=1983"},"modified":"2012-06-12T12:50:46","modified_gmt":"2012-06-12T10:50:46","slug":"je-to-jiste-zly-euroskeptik-farage-se-setka-s-klausem-hajkem-a-jaklem","status":"publish","type":"post","link":"https:\/\/www.ladislavjakl.cz\/?p=1983","title":{"rendered":"Je to jist\u00e9: Zl\u00fd euroskeptik Farage se setk\u00e1 s Klausem, H\u00e1jkem a Jaklem"},"content":{"rendered":"<p>Jak ji\u017e Parlamentn\u00edListy.cz informovaly, do \u010cesk\u00e9 republiky p\u0159ij\u00ed\u017ed\u00ed v  pond\u011bl\u00ed 18. \u010dervna na pozv\u00e1n\u00ed konzervativn\u00edho ob\u010dansk\u00e9ho sdru\u017een\u00ed Akce  D.O.S.T. p\u0159edseda frakce Evropa svobody a demokracie v Evropsk\u00e9m  parlamentu, europoslanec Nigel Farage. Zn\u00e1m\u00e9ho kritika unijn\u00edch ne\u0161var\u016f  p\u0159ijme na Pra\u017esk\u00e9m hrad\u011b prezident republiky V\u00e1clav Klaus.<\/p>\n<p><!--more--><\/p>\n<p>V\u00a0odpoledn\u00edch hodin\u00e1ch se Nigel Farage setk\u00e1 p\u0159i \u010d\u00ed\u0161i v\u00edna s\u00a0veden\u00edm  Akce D.O.S.T. a s\u00a0n\u011bkter\u00fdmi p\u0159edstaviteli euroskeptick\u00fdch stran a  organizac\u00ed v\u00a0\u010cR. P\u0159\u00edtomen bude i z\u00e1stupce \u0159editele kancel\u00e1\u0159e prezidenta  republiky Petr H\u00e1jek a tajemn\u00edk prezidenta republiky a \u0159editel  politick\u00e9ho odboru kancel\u00e1\u0159e prezidenta republiky Ladislav Jakl.<\/p>\n<h4>Proti ztr\u00e1t\u011b suverenity<\/h4>\n<p>Ve ve\u010dern\u00edch hodin\u00e1ch pak Nigel Farage vystoup\u00ed na moderovan\u00e9 p\u0159edn\u00e1\u0161ce  s n\u00e1zvem Pravda o Evrop\u011b. Cel\u00fdm ve\u010derem bude prov\u00e1zet p\u0159edseda Akce  D.O.S.T. Michal Sem\u00edn.<\/p>\n<p>\u201eN\u00e1v\u0161t\u011bva Nigela Farage je pro vlastenecky sm\u00fd\u0161lej\u00edc\u00ed \u010cechy,  odm\u00edtajic\u00ed\u00a0z\u00e1nik\u00a0na\u0161\u00ed st\u00e1tn\u00ed svrchovanosti,\u00a0velkou ud\u00e1lost\u00ed. Hlas  zdrav\u00e9ho rozumu nab\u00edr\u00e1 postupn\u011b na s\u00edle a bude-li lidem, jak\u00fdm je Nigel  Farage, naslouch\u00e1no,\u00a0m\u016f\u017ee se Evropa katastrofick\u00e9mu sc\u00e9n\u00e1\u0159i tuh\u00e9  centralizace a tup\u00e9 ideologizaci ve\u0159ejn\u00e9ho \u017eivota je\u0161t\u011b vyhnout,\u201c uvedl  Michal Sem\u00edn.<\/p>\n<p>\u017divotopis<\/p>\n<p>Nigel Farage (* 3. dubna 1964 ve Farnborough) je britsk\u00fd politik United  Kingdom Independence Party (UKIP). Do roku 2009 v Evropsk\u00e9m parlamentu  p\u0159edsedal euroskeptick\u00e9 frakci Nez\u00e1vislost a demokracie, dnes spole\u010dn\u011b s  Francescem Speronim vede n\u00e1stupnickou frakci Evropa svobody a  demokracie. D\u0159\u00edve byl \u010dlenem Konzervativn\u00ed strany, kterou opustil na  protest proti schv\u00e1len\u00ed tzv. Maastrichtsk\u00e9 smlouvy ze strany Velk\u00e9  Brit\u00e1nie.<\/p>\n<p>V roce 1993 se stal \u010dlenem UKIP, za n\u00ed\u017e pak p\u011btkr\u00e1t kandidoval v  n\u00e1rodn\u00edch parlamentn\u00edch volb\u00e1ch. Roku 1999 byl poprv\u00e9 zvolen do  Evropsk\u00e9ho parlamentu. Sv\u016fj mand\u00e1t pak obh\u00e1jil v letech 2004 a 2009. V  roce 2006 byl Nigel Farage zvolen l\u00eddrem UKIP.<\/p>\n<p><a href=\"http:\/\/www.parlamentnilisty.cz\/zpravy\/Je-to-jiste-Zly-euroskeptik-Farage-se-setka-s-Klausem-Hajkem-a-Jaklem-235096\" target=\"_blank\">Zdroj<\/a><\/p>\n","protected":false},"excerpt":{"rendered":"<p>Jak ji\u017e Parlamentn\u00edListy.cz informovaly, do \u010cesk\u00e9 republiky p\u0159ij\u00ed\u017ed\u00ed v pond\u011bl\u00ed 18. \u010dervna na pozv\u00e1n\u00ed konzervativn\u00edho ob\u010dansk\u00e9ho sdru\u017een\u00ed Akce D.O.S.T. p\u0159edseda frakce Evropa svobody a demokracie v Evropsk\u00e9m parlamentu, europoslanec Nigel Farage. Zn\u00e1m\u00e9ho kritika unijn\u00edch ne\u0161var\u016f p\u0159ijme na Pra\u017esk\u00e9m hrad\u011b prezident republiky V\u00e1clav Klaus.<\/p>\n","protected":false},"author":1,"featured_media":0,"comment_status":"open","ping_status":"open","sticky":false,"template":"","format":"standard","meta":{"ngg_post_thumbnail":0,"footnotes":""},"categories":[11],"tags":[],"class_list":["post-1983","post","type-post","status-publish","format-standard","hentry","category-ozvena"],"_links":{"self":[{"href":"https:\/\/www.ladislavjakl.cz\/index.php?rest_route=\/wp\/v2\/posts\/1983","targetHints":{"allow":["GET"]}}],"collection":[{"href":"https:\/\/www.ladislavjakl.cz\/index.php?rest_route=\/wp\/v2\/posts"}],"about":[{"href":"https:\/\/www.ladislavjakl.cz\/index.php?rest_route=\/wp\/v2\/types\/post"}],"author":[{"embeddable":true,"href":"https:\/\/www.ladislavjakl.cz\/index.php?rest_route=\/wp\/v2\/users\/1"}],"replies":[{"embeddable":true,"href":"https:\/\/www.ladislavjakl.cz\/index.php?rest_route=%2Fwp%2Fv2%2Fcomments&post=1983"}],"version-history":[{"count":1,"href":"https:\/\/www.ladislavjakl.cz\/index.php?rest_route=\/wp\/v2\/posts\/1983\/revisions"}],"predecessor-version":[{"id":1984,"href":"https:\/\/www.ladislavjakl.cz\/index.php?rest_route=\/wp\/v2\/posts\/1983\/revisions\/1984"}],"wp:attachment":[{"href":"https:\/\/www.ladislavjakl.cz\/index.php?rest_route=%2Fwp%2Fv2%2Fmedia&parent=1983"}],"wp:term":[{"taxonomy":"category","embeddable":true,"href":"https:\/\/www.ladislavjakl.cz\/index.php?rest_route=%2Fwp%2Fv2%2Fcategories&post=1983"},{"taxonomy":"post_tag","embeddable":true,"href":"https:\/\/www.ladislavjakl.cz\/index.php?rest_route=%2Fwp%2Fv2%2Ftags&post=1983"}],"curies":[{"name":"wp","href":"https:\/\/api.w.org\/{rel}","templated":true}]}}