{"id":1987,"date":"2012-06-12T12:58:33","date_gmt":"2012-06-12T10:58:33","guid":{"rendered":"http:\/\/www.ladislavjakl.cz\/?p=1987"},"modified":"2012-06-12T12:58:33","modified_gmt":"2012-06-12T10:58:33","slug":"klaus-zemana-nepodporil-veri-ve-sve-sance-jakl","status":"publish","type":"post","link":"https:\/\/www.ladislavjakl.cz\/?p=1987","title":{"rendered":"Klaus Zemana nepodpo\u0159il, v\u011b\u0159\u00ed ve sv\u00e9 \u0161ance Jakl"},"content":{"rendered":"<p>Tajemn\u00edk prezidenta republiky Ladislav Jakl odm\u00edt\u00e1, \u017ee by jeho nad\u0159\u00edzen\u00fd podpo\u0159il na prezidenta Milo\u0161e Zemana.<\/p>\n<p><!--more--><\/p>\n<div style=\"margin-top: 15px;\"><strong><span style=\"font-size: x-small;\">12.\u010derven 2012<\/span><\/strong> &#8211; <strong><span style=\"font-size: x-small;\">11:48<\/span><\/strong><\/div>\n<p>Ladislav Jakl to  \u0159ekl p\u0159i besed\u011b po\u0159\u00e1dan\u00e9 pra\u017eskou organizac\u00ed Strany svobodn\u00fdch ob\u010dan\u016f,  kter\u00e1 uva\u017euje o tom, \u017ee by Jakla vyslala jako sv\u00e9ho kandid\u00e1ta do  prezidentsk\u00fdch voleb.<\/p>\n<p>Podle Jakla, kter\u00fd Svobodn\u00e9 v minulosti u\u017e  n\u011bkolikr\u00e1t podpo\u0159il, jde o zaj\u00edmav\u00fd n\u00e1m\u011bt. &#8222;Proto\u017ee jsem p\u0159\u00edznivcem t\u00e9to  strany, je to pro mne ur\u010dit\u011b zaj\u00edmav\u00fd podn\u011bt k \u00favaze,\u201c komentoval tehdy  Jakl prvn\u00ed zpr\u00e1vy o \u00famyslu Svobodn\u00fdch.<\/p>\n<p>Rozhodnut\u00ed, zda Svobodn\u00ed  Jakla jako sv\u00e9ho kandid\u00e1ta vy\u0161lou, ale bude z\u00e1viset na \u010dlenech a  sympatizantech strany. Ti budou v elektronick\u00fdch prim\u00e1rk\u00e1ch rozhodovat o  tom, zda m\u00e1 Jakl jejich plnou d\u016fv\u011bru. Jakl bude z\u00e1rove\u0148 jedin\u00fdm  kandid\u00e1tem v jejich prim\u00e1rk\u00e1ch, strana neuva\u017euje o jin\u00e9m jm\u00e9nu.<\/p>\n<p>A  pr\u00e1v\u011b proto, aby se p\u0159edstavil a vysv\u011btlil n\u011bkter\u00e9 sv\u00e9 n\u00e1zory a  postoje, p\u0159ijal Jakl pozv\u00e1n\u00ed Svobodn\u00fdch do restaurace Vysm\u00e1t\u00fd zaj\u00edc, kde  v zapln\u011bn\u00e9m sal\u00f3nku v\u00edce ne\u017e dv\u011b hodiny trp\u011bliv\u011b odpov\u00eddal na dotazy  publika. Ve\u010der moderoval p\u0159edseda Svobodn\u00fdch Petr Mach. A Prvn\u00edzpravy.cz  byly u toho.<\/p>\n<p>Jakl nejprve Svobodn\u00e9 pochv\u00e1lil, jejich strany si  pr\u00fd cen\u00ed a je r\u00e1d, \u017ee existuje. &#8222;Za sou\u010dasn\u00e9ho kontextu jste strana,  kv\u016fli kter\u00e9 jsem ochoten zvednout zadek a j\u00edt k volb\u00e1m. Kdyby  neexistovala, k volb\u00e1m bych asi ani ne\u0161el,&#8220; \u0159ekl host ve\u010dera.<\/p>\n<p>\u0158editel  prezidentova politick\u00e9ho odboru pak pokra\u010doval v sebev\u011bdom\u00fdch  prohl\u00e1\u0161en\u00edch, kter\u00e1 stran sv\u00e9 mo\u017en\u00e9 kandidatury dosud do m\u00e9di\u00ed \u010dinil.<\/p>\n<p>&#8222;Za  sou\u010dasn\u00e9 situace bych se volil,&#8220; \u0159ekl nap\u0159\u00edklad v nar\u00e1\u017ece na to, \u017ee  zat\u00edm p\u0159edstaven\u00ed kandid\u00e1ti jsou vesm\u011bs kandid\u00e1ty &#8222;mainstreamu&#8220; a nikdo z  nich nereprezentuje zdrav\u00fd oby\u010dejn\u00fd rozum a n\u00e1zory, se kter\u00fdmi by se  mohli lid\u00e9 skute\u010dn\u011b identifikovat.<\/p>\n<p>Dodal tak\u00e9, \u017ee si um\u00ed p\u0159edstavit svoji podporu n\u011bjak\u00e9mu jin\u00e9mu kandid\u00e1tovi, kter\u00fd by byl lep\u0161\u00ed. \u017d\u00e1dn\u00fd lep\u0161\u00ed podle n\u011bj ale nen\u00ed.<\/p>\n<p>Vlastn\u011b  ano, na dotaz odv\u011btil, \u017ee si dovede p\u0159edstavit, \u017ee by volil b\u00fdval\u00e9ho  lidoveck\u00e9ho poslance Ji\u0159\u00edho Karase, nemysl\u00ed si ale, \u017ee ten svoji  kandidaturu mysl\u00ed v\u00e1\u017en\u011b (Karas sv\u016fj \u00famysl kandidovat ozn\u00e1mil, ale nem\u00e1  podporu KDU-\u010cSL, pro kterou je p\u0159\u00edli\u0161 konzervativn\u00edm kandid\u00e1tem, pozn.  red.). P\u0159i t\u011bchto slovech to mezi Svobodn\u00fdmi, kte\u0159\u00ed se hrd\u011b pova\u017euj\u00ed za  libertari\u00e1ny, za\u0161um\u011blo. Karas coby tradi\u010dn\u00ed katol\u00edk s pevn\u00fdmi  konzervativn\u00edmi postoji, bojuj\u00edc\u00ed proti homosexualismu, potrat\u016fm,  eutan\u00e1zii a rozvod\u016fm, je pro mnoh\u00e9 z nich z\u00e1sadn\u011b nep\u0159ijateln\u00fd. V odporu  k jeho n\u00e1zor\u016fm a postoj\u016fm se tak libertari\u00e1ni p\u0159\u00edli\u0161 neli\u0161\u00ed od levi\u010d\u00e1k\u016f  v\u0161eho druhu.<\/p>\n<p>&#8222;Poprv\u00e9 jsem si na tu ot\u00e1zku odpov\u011bd\u011bl v Chebu, v  ulici Komensk\u00e9ho a to 16. z\u00e1\u0159\u00ed 1964. A tam, ve sv\u00e9 mate\u0159sk\u00e9 \u0161kolce, jsem  si \u0159ekl, \u017ee by to byl docela dobr\u00fd n\u00e1pad,&#8220; odpov\u011bd\u011bl pak Jakl na dotaz,  zda skute\u010dn\u011b chce b\u00fdt prezidentem.<\/p>\n<p>Jakl tak\u00e9 odm\u00edtl zkratkovit\u00e9  tvrzen\u00ed sd\u011blovac\u00edch prost\u0159edk\u016f, \u017ee by prezident V\u00e1clav Klaus podpo\u0159il  kandidaturu Milo\u0161e Zemana, jak informovaly n\u011bkter\u00e9 den\u00edky. Jakl toti\u017e  rozebral to, co prezident p\u0159esn\u011b \u0159ekl a tvrdil, \u017ee tato slova \u017e\u00e1dnou  explicitn\u00ed podporu ve smyslu \u00b4toho budu volit, tomu d\u00e1m hlas, toho  volte\u00b4, neznamenaj\u00ed.<\/p>\n<p>&#8222;Prezident pouze \u0159ekl, \u017ee Milo\u0161 Zeman je  v\u00fdznamn\u00e1 osobnost \u010desk\u00e9 politiky. No a nen\u00ed? A tak\u00e9 \u0159ekl, \u017ee jeho  prezidentskou kandidaturu pova\u017euje za logick\u00e9 vy\u00fast\u011bn\u00ed jeho politick\u00e9 i  \u017eivotn\u00ed dr\u00e1hy&#8230; To ale \u017e\u00e1dn\u00e1 podpora nen\u00ed,&#8220; je p\u0159esv\u011bd\u010den prezident\u016fv  nejbli\u017e\u0161\u00ed spolupracovn\u00edk.<\/p>\n<p>Nav\u00edc tvrd\u00ed, \u017ee uveden\u00fd v\u00fdrok prezident  pronesl ve chv\u00edli, kdy byl Jakl se svou kapelou na Slovensku a tud\u00ed\u017e  nem\u011bl situaci pod kontrolou. Prezident\u016fv v\u00fdrok si tak nemohl ohl\u00eddat,  \u0159ekl tajemn\u00edk prezidenta s v\u00e1\u017enou tv\u00e1\u0159\u00ed.<\/p>\n<p>Jakl se tak\u00e9 nep\u0159\u00edmo  ot\u0159el do dal\u0161\u00edch kandid\u00e1t\u016f na prezidenta, kdy\u017e o nich mluvil jako o  exkomunistovi (z\u0159ejm\u011b myslel Jana Fischera) a kryptokomunistovi (z\u0159ejm\u011b  myslel Jana \u0160vejnara) a v\u00fdslovn\u011b zm\u00ednil i P\u0159emysla &#8222;M\u011bkk\u00e9 ano&#8220; Sobotku  (v nar\u00e1\u017ece na jeho zbab\u011bl\u00fd postoj k Lisabonsk\u00e9 smlouv\u011b).<\/p>\n<p><strong>U\u017e jsem velk\u00fd kluk&#8230;<\/strong><\/p>\n<p>Prezident\u016fv  tajemn\u00edk tak\u00e9 obhajoval n\u00e1zor, \u017ee by voli\u010d nem\u011bl ve volb\u00e1ch taktizovat,  ale volit skute\u010dn\u011b podle toho, kter\u00fd kandid\u00e1t mu je sv\u00fdmi n\u00e1zory  nejbli\u017e\u0161\u00ed. Odm\u00edt\u00e1 proto \u010dasto tradovan\u00e9 kli\u0161\u00e9, \u017ee hlas mal\u00fdm stran\u00e1m  propadne a \u017ee by m\u011bl proto voli\u010d vyb\u00edrat z t\u011bch velk\u00fdch a zaveden\u00fdch a z  nich pragmaticky volit &#8222;men\u0161\u00ed zlo&#8220;.<\/p>\n<p>&#8222;U\u017e jsem velk\u00fd kluk, nebudu volit men\u0161\u00ed zlo,&#8220; odm\u00edtl Jakl takov\u00e9 \u00favahy.<\/p>\n<p>&#8222;U  voleb nem\u00e1 \u010dlov\u011bk taktizovat a p\u0159em\u00fd\u0161let o n\u011bjak\u00e9 &#8222;second best  variant\u011b&#8220;, ale m\u00e1 volit podle sv\u00e9ho srdce. \u017d\u00e1dn\u00fd hlas nepropadne. Ka\u017ed\u00fd  hlas m\u00e1 obrovskou hodnotu,&#8220; \u0159ekl.<\/p>\n<p>Z restaurace, kde pak je\u0161t\u011b po ukon\u010den\u00ed ofici\u00e1ln\u00ed \u010d\u00e1sti z\u016fstal k dipozici pro osobn\u00ed debaty, si Jakl na Hrad odnesl <a href=\"http:\/\/esm.svobodni.cz\/petice.php\" target=\"_blank\"><em><strong>petici<\/strong><\/em><\/a> obsahuj\u00edc\u00ed v\u00fdzvu prezidentu V\u00e1clavu Klausovi, aby nedokon\u010doval  ratifikaci novely Lisabonsk\u00e9 smlouvy (tzv. ESM). Tu mu v \u00favodu  vystoupen\u00ed p\u0159edali z\u00e1stupci Svobodn\u00fdch. Jakl za petici pod\u011bkoval a  sl\u00edbil, \u017ee v\u00edce ne\u017e dva a p\u016fl tis\u00edce podpis\u016f, kter\u00e9 se na n\u00ed zat\u00edm  se\u0161lo, panu prezidentovi p\u0159ed\u00e1.<\/p>\n<p><a href=\"http:\/\/www.prvnizpravy.cz\/zpravy\/z-domova\/klaus-zemana-nepodporil-veri-ve-sve-sance-jakl\/\" target=\"_blank\">Zdroj<\/a><\/p>\n","protected":false},"excerpt":{"rendered":"<p>Tajemn\u00edk prezidenta republiky Ladislav Jakl odm\u00edt\u00e1, \u017ee by jeho nad\u0159\u00edzen\u00fd podpo\u0159il na prezidenta Milo\u0161e Zemana.<\/p>\n","protected":false},"author":1,"featured_media":0,"comment_status":"open","ping_status":"open","sticky":false,"template":"","format":"standard","meta":{"ngg_post_thumbnail":0,"footnotes":""},"categories":[11],"tags":[],"class_list":["post-1987","post","type-post","status-publish","format-standard","hentry","category-ozvena"],"_links":{"self":[{"href":"https:\/\/www.ladislavjakl.cz\/index.php?rest_route=\/wp\/v2\/posts\/1987","targetHints":{"allow":["GET"]}}],"collection":[{"href":"https:\/\/www.ladislavjakl.cz\/index.php?rest_route=\/wp\/v2\/posts"}],"about":[{"href":"https:\/\/www.ladislavjakl.cz\/index.php?rest_route=\/wp\/v2\/types\/post"}],"author":[{"embeddable":true,"href":"https:\/\/www.ladislavjakl.cz\/index.php?rest_route=\/wp\/v2\/users\/1"}],"replies":[{"embeddable":true,"href":"https:\/\/www.ladislavjakl.cz\/index.php?rest_route=%2Fwp%2Fv2%2Fcomments&post=1987"}],"version-history":[{"count":1,"href":"https:\/\/www.ladislavjakl.cz\/index.php?rest_route=\/wp\/v2\/posts\/1987\/revisions"}],"predecessor-version":[{"id":1988,"href":"https:\/\/www.ladislavjakl.cz\/index.php?rest_route=\/wp\/v2\/posts\/1987\/revisions\/1988"}],"wp:attachment":[{"href":"https:\/\/www.ladislavjakl.cz\/index.php?rest_route=%2Fwp%2Fv2%2Fmedia&parent=1987"}],"wp:term":[{"taxonomy":"category","embeddable":true,"href":"https:\/\/www.ladislavjakl.cz\/index.php?rest_route=%2Fwp%2Fv2%2Fcategories&post=1987"},{"taxonomy":"post_tag","embeddable":true,"href":"https:\/\/www.ladislavjakl.cz\/index.php?rest_route=%2Fwp%2Fv2%2Ftags&post=1987"}],"curies":[{"name":"wp","href":"https:\/\/api.w.org\/{rel}","templated":true}]}}