{"id":1998,"date":"2012-06-14T12:59:09","date_gmt":"2012-06-14T10:59:09","guid":{"rendered":"http:\/\/www.ladislavjakl.cz\/?p=1998"},"modified":"2012-06-14T12:59:09","modified_gmt":"2012-06-14T10:59:09","slug":"ladislav-jakl-o-svoji-kandidature-na-prezidenta-na-setkani-svobodnych","status":"publish","type":"post","link":"https:\/\/www.ladislavjakl.cz\/?p=1998","title":{"rendered":"Ladislav Jakl o svoj\u00ed kandidatu\u0159e na prezidenta na setk\u00e1n\u00ed Svobodn\u00fdch"},"content":{"rendered":"<p>Tajemn\u00edk prezidenta republiky Ladislav Jakl, kter\u00fd se bude s nejv\u011bt\u0161\u00ed  pravd\u011bpodobnost\u00ed uch\u00e1zet o post hlavy st\u00e1tu za Stranu svobodn\u00fdch  ob\u010dan\u016f, v\u010dera besedoval s jej\u00edmi \u010dleny a p\u0159edstavoval jim sv\u00e9 n\u00e1zory.  Zazn\u011blo t\u0159eba, pro\u010d se vlastn\u011b rozhodl kandidovat, p\u0159esto\u017ee se  kategoricky v\u017edy stav\u011bl proti p\u0159\u00edm\u00e9 volb\u011b.<\/p>\n<p><!--more--><\/p>\n<p>Informace o tom, \u017ee Klaus\u016fv tajemn\u00edk zva\u017euje kandidaturu na Hrad,  p\u0159inesly Parlamentn\u00edListy.cz jako prvn\u00ed u\u017e v\u00a0polovin\u011b dubna. Ned\u00e1vno ho  nav\u00edc k\u00a0tomuto kroku vyzvala i strana Svobodn\u00fdch b\u00fdval\u00e9ho prezidentova  poradce Petra Macha. Strana by mu pr\u00fd sehnala i pot\u0159ebn\u00fdch 50 tis\u00edc  podpis\u016f. Jaklovu nominaci za Svobodn\u00e9 mus\u00ed je\u0161t\u011b potvrdit prim\u00e1rky.<\/p>\n<p>Aby m\u011bli \u010dlenov\u00e9 Svobodn\u00fdch jasno pro rozhodov\u00e1n\u00ed ve  vnitrostranick\u00fdch prim\u00e1rk\u00e1ch, uspo\u0159\u00e1dala jejich pra\u017esk\u00e1 organizace  besedu, kde Ladislav Jakl podrobn\u011b odpov\u00eddal na nejr\u016fzn\u011bj\u0161\u00ed dotazy a  tak\u00e9 zm\u00ednil, co ho k\u00a0p\u0159\u00edpadn\u00e9 kandidatu\u0159e za libertari\u00e1ny vede.<\/p>\n<h4>Chci naru\u0161it napl\u00e1novanou hru z\u00e1jmov\u00fdch skupin<\/h4>\n<p>\u201eZa\u010dal bych kr\u00e1tkou, asi tak dvou a\u017e t\u0159\u00edhodinovou p\u0159edn\u00e1\u0161kou a pak  bychom se dostali k\u00a0diskusi,\u201c rozesm\u00e1l Ladislav Jakl v\u00a0\u00favodu pln\u00fd salon  restaurace Vysm\u00e1t\u00fd zaj\u00edc v\u00a0centru Prahy.<\/p>\n<p>Ten na \u00favod vysv\u011btlil, pro\u010d se uch\u00fdlil k\u00a0tomu, \u017ee v\u016fbec o kandidatu\u0159e  uva\u017euje, kdy\u017e od sam\u00e9ho po\u010d\u00e1tku pova\u017euje p\u0159\u00edmou volbu prezidenta za  \u0161patnou a bl\u00e1znivou. \u201eP\u0159\u00edprava a pr\u016fb\u011bh tohoto p\u0159edstaven\u00ed s\u00a0n\u00e1zvem  p\u0159\u00edm\u00e1 volba m\u016f\u017ee nabrat tak\u00e9 jin\u00e9 podoby a jin\u00e9 cesty, ne\u017e jak je  naps\u00e1no ve sc\u00e9n\u00e1\u0159\u00edch velk\u00fdch z\u00e1jmov\u00fdch skupin a velk\u00fdch medi\u00e1ln\u00edch  hr\u00e1\u010d\u016f. Za\u017e\u00edv\u00e1me tu snad nejdel\u0161\u00ed prezidentskou kampa\u0148 v\u0161ech dob,  p\u0159esto\u017ee volby je\u0161t\u011b ani nebyly vyhl\u00e1\u0161eny a p\u0159ijaty p\u0159\u00edslu\u0161n\u00e9 prov\u00e1d\u011bc\u00ed  z\u00e1kony. P\u0159esto u\u017e od lo\u0148sk\u00e9ho podzimu vid\u00edme pr\u016fzkumy a v\u00fd\u010dty favorit\u016f,  kter\u00e9 n\u00e1s maj\u00ed nau\u010dit vyjmenovat v\u0161echny kandid\u00e1ty zpam\u011bti a hlavn\u011b  nevyjmenovat nikoho jin\u00e9ho,\u201c soud\u00ed o medi\u00e1ln\u00edm p\u0159eh\u00e1n\u011bn\u00ed v\u00a0odhadech  v\u00fdsledk\u016f volby.<\/p>\n<p>\u201eProto n\u00e1m to u\u017e od \u0159\u00edjna \u0159\u00edkaj\u00ed, abychom se kone\u010dn\u011b nau\u010dili, kdo je  t\u00edm kandid\u00e1tem, o kter\u00e9m je mo\u017en\u00e9 to \u0159\u00edkat nahlas. A tak\u00e9 kdo j\u00edm  nebude, proto\u017ee kdyby se objevilo jin\u00e9 jm\u00e9no, tak je to p\u0159ece bizardn\u00ed. A  v\u00edte pro\u010d? Proto\u017ee se o n\u011bm p\u0159ece je\u0161t\u011b nemluvilo. Tuto napl\u00e1novanou  hru z\u00e1jmov\u00fdch skupin stoj\u00ed zato n\u011bjak\u00fdm zp\u016fsobem naru\u0161it,\u201c vysv\u011btlil  tajemn\u00edk prezidenta Klause.<\/p>\n<h4>\u201eV\u0161eobecn\u00e9 dobro\u201c potla\u010duje svobodu<\/h4>\n<p>My\u0161len\u00ed ve smyslu, \u017ee jin\u00e1 jm\u00e9na, ne\u017e ta \u201emedi\u00e1ln\u011b obl\u00edben\u00e1\u201c vlastn\u011b  ani nejsou voliteln\u00e1, proto podle Jakla d\u011bl\u00e1 z\u00a0lid\u00ed ovladateln\u00e9 st\u00e1do.<\/p>\n<p>Po kr\u00e1tk\u00e9m \u00favodu pak v\u00edce ne\u017e dv\u011b hodiny odpov\u00eddal na dotazy. Mezi  prvn\u00edmi nap\u0159\u00edklad na ot\u00e1zku, zda skute\u010dn\u011b chce b\u00fdt prezidentem. \u201ePoprv\u00e9  jsem si na tu ot\u00e1zku odpov\u011bd\u011bl v\u00a0Chebu, v\u00a0ulici Komensk\u00e9ho a to 16. z\u00e1\u0159\u00ed  1964. A tam, ve sv\u00e9 mate\u0159sk\u00e9 \u0161kolce, jsem si \u0159ekl, \u017ee by to byl docela  dobr\u00fd n\u00e1pad,\u201c povedlo se op\u011bt Jaklovi rozesm\u00e1t publikum.<\/p>\n<p>\u201ePolitika sama a v\u016fbec cel\u00e1 jej\u00ed historie je pro m\u011b histori\u00ed souboje  dobra a svobody. V\u00a0tomto souboji jsem na stran\u011b svobody,\u201c vysv\u011btloval  problematiku pravice a levice. Levicov\u00e9 strany \u010di hnut\u00ed se toti\u017e velmi  \u010dasto za\u0161ti\u0165uj\u00ed tvrzen\u00edm, \u017ee bojuj\u00ed za v\u0161eobecn\u00e9 dobro, kter\u00e9 b\u00fdv\u00e1  prosazov\u00e1no pr\u00e1v\u011b na \u00fakor svobody jednotlivc\u016f.<\/p>\n<p>Diskuse se nevyhnula ani Evropsk\u00e9 unii. Jakl zodpov\u00eddal i dotaz, jak  by se zachoval v\u00a0p\u0159\u00edpad\u011b, \u017ee by jako prezident byl postaven p\u0159ed  rozhodnut\u00ed, zda podepsat n\u011bco podobn\u00e9ho Lisabonsk\u00e9 smlouv\u011b, pokud by  takov\u00e1 ot\u00e1zka byla v\u00a0budoucnu nastolena. Principi\u00e1ln\u011b je podle n\u011bho  jednoduch\u00e9 \u0159\u00edci ne, co\u017e d\u011blal i v\u00a0p\u0159\u00edpad\u011b Lisabonsk\u00e9 smlouvy a  prezidentu Klausovi radil nepodepisovat. Jak ale zd\u016fraznil, on tehdy  v\u00a0t\u00e9 k\u016f\u017ei prezidenta nebyl a ne\u010delil takov\u00e9mu tlaku jako V\u00e1clav Klaus.<\/p>\n<h4>Pot\u0159ebujete \u010d\u016frat? Budeme hlasovat<\/h4>\n<p>\u201eTam, kde jde o to vynucovat si ur\u010dit\u00e9 chov\u00e1n\u00ed od ob\u010dan\u016f, m\u00e1 EU mnoho  rys\u016f st\u00e1tu. Tam, kde jde o zp\u011btn\u00e9 vazby, ob\u010danskou kontrolu a vliv  \u010dlov\u011bka na rozhodov\u00e1n\u00ed o ve\u0159ejn\u00fdch statc\u00edch, tam tyto vlastnosti nem\u00e1.  Toto je v\u00e1\u017en\u00e1 disproporce, kter\u00e9 se \u0159\u00edk\u00e1 demokratick\u00fd deficit. Evropsk\u00e1  unie nem\u00e1 ob\u010dansk\u00fd mand\u00e1t k\u00a0rozhodnut\u00edm, kter\u00fdmi nut\u00ed ob\u010dany n\u011bjak\u00fdm  zp\u016fsobem \u017e\u00edt,\u201c shrnoval sv\u00e9 n\u00e1zory na EU.<\/p>\n<p>\u201eByl byste pro federalizaci Evropy, pokud by to schv\u00e1lili lid\u00e9  v\u00a0referendu?\u201c zn\u011bla dal\u0161\u00ed ot\u00e1zka. Reakce Ladislava Jakla byla prost\u00e1.  \u201eNe, proto\u017ee svoboda je v\u00edc ne\u017e demokracie,\u201c konstatoval za potlesku  p\u0159\u00edtomn\u00fdch.<\/p>\n<p>\u201eKdy\u017e n\u00e1s tady zamknou, tak ze za\u010d\u00e1tku to nebude nikomu moc vadit,  ale po chv\u00edli tomu bude naopak. Prost\u011b se n\u00e1m bude cht\u00edt \u010d\u016frat a te\u010f si  p\u0159edstavte situaci, \u017ee o tom, kdo p\u016fjde d\u0159\u00edv \u010d\u016frat, budeme hlasovat.  Bude to demokratick\u00e9? Jist\u011b. Bude to zr\u016fdn\u00e9? Jist\u011b. \u010cili demokracie  nerovn\u00e1 se svoboda. Jsou v\u011bci, o kter\u00fdch nen\u00ed mo\u017en\u00e9 hlasovat,\u201c dodal  mo\u017en\u00fd kandid\u00e1t na prezidenta Jakl.<\/p>\n<h4>Registrovan\u00ed partne\u0159i vs. man\u017eelstv\u00ed<\/h4>\n<p>T\u00e9matem EU se v\u0161ak podle n\u011bho zaob\u00edr\u00e1me natolik, \u017ee n\u00e1m unik\u00e1, \u017ee je  daleko v\u00edc mezin\u00e1rodn\u00edch instituc\u00ed, kter\u00e9 jsou diskutabiln\u00ed. \u201eNebo si  mysl\u00edte, \u017ee je prosp\u011b\u0161n\u00e1 OSN? Je stejn\u011b neproduktivn\u00ed jako EU. Na\u0161t\u011bst\u00ed  tam jsou n\u011bkter\u00e9 brzd\u00edc\u00ed st\u00e1ty, hlavn\u011b jeden, kter\u00fd kdyby tam nebyl, tak  u\u017e by to d\u00e1vno hypertrofovalo do n\u011bjak\u00e9 formy sv\u011btovl\u00e1dy,\u201c varoval  Jakl. My\u0161lenka na propojov\u00e1n\u00ed st\u00e1t\u016f je pr\u00fd chybn\u00e1 od sam\u00e9ho za\u010d\u00e1tku.<\/p>\n<p>\u0158e\u0161ila se ov\u0161em tak\u00e9 i problematika registrovan\u00e9ho partnerstv\u00ed.  \u201eMan\u017eelstv\u00ed nen\u00ed jen svazek on a ona, ale je to troj\u00faheln\u00edk: on, ona a  st\u00e1t. Man\u017eelstv\u00ed je smlouva se st\u00e1tem a st\u00e1t t\u00e9to instituci p\u0159izn\u00e1v\u00e1  v\u00fdznamn\u00e1 privilegia a tak\u00e9 od n\u00ed n\u011bco chce. Neum\u00edm si p\u0159edstavit, \u017ee by  libertari\u00e1n prosazoval vznik dal\u0161\u00ed st\u00e1tn\u00ed instituce, registrovan\u00e9ho  partnerstv\u00ed, proto\u017ee tu nen\u00ed t\u00edha argument\u016f, kter\u00e9 by p\u0159esv\u011bd\u010dily, \u017ee je  k\u00a0tomu n\u011bjak\u00fd ve\u0159ejn\u00fd z\u00e1jem,\u201c byl p\u0159esv\u011bd\u010den Ladislav Jakl.<\/p>\n<p><a href=\"http:\/\/www.reformy.cz\/zpravy\/ladislav-jakl-o-svoji-kandidature-na-prezidenta-na-setkani-svobodnych\/?utm_source=rss&amp;utm_medium=rss&amp;utm_campaign=ladislav-jakl-o-svoji-kandidature-na-prezidenta-na-setkani-svobodnych\" target=\"_blank\">Zdroj<\/a><\/p>\n<p>Foto | Milan Kabrna<\/p>\nngg_shortcode_0_placeholder\n","protected":false},"excerpt":{"rendered":"<p>Tajemn\u00edk prezidenta republiky Ladislav Jakl, kter\u00fd se bude s nejv\u011bt\u0161\u00ed pravd\u011bpodobnost\u00ed uch\u00e1zet o post hlavy st\u00e1tu za Stranu svobodn\u00fdch ob\u010dan\u016f, v\u010dera besedoval s jej\u00edmi \u010dleny a p\u0159edstavoval jim sv\u00e9 n\u00e1zory. Zazn\u011blo t\u0159eba, pro\u010d se vlastn\u011b rozhodl kandidovat, p\u0159esto\u017ee se kategoricky v\u017edy stav\u011bl proti p\u0159\u00edm\u00e9 volb\u011b.<\/p>\n","protected":false},"author":1,"featured_media":0,"comment_status":"open","ping_status":"open","sticky":false,"template":"","format":"standard","meta":{"ngg_post_thumbnail":0,"footnotes":""},"categories":[11],"tags":[],"class_list":["post-1998","post","type-post","status-publish","format-standard","hentry","category-ozvena"],"_links":{"self":[{"href":"https:\/\/www.ladislavjakl.cz\/index.php?rest_route=\/wp\/v2\/posts\/1998","targetHints":{"allow":["GET"]}}],"collection":[{"href":"https:\/\/www.ladislavjakl.cz\/index.php?rest_route=\/wp\/v2\/posts"}],"about":[{"href":"https:\/\/www.ladislavjakl.cz\/index.php?rest_route=\/wp\/v2\/types\/post"}],"author":[{"embeddable":true,"href":"https:\/\/www.ladislavjakl.cz\/index.php?rest_route=\/wp\/v2\/users\/1"}],"replies":[{"embeddable":true,"href":"https:\/\/www.ladislavjakl.cz\/index.php?rest_route=%2Fwp%2Fv2%2Fcomments&post=1998"}],"version-history":[{"count":2,"href":"https:\/\/www.ladislavjakl.cz\/index.php?rest_route=\/wp\/v2\/posts\/1998\/revisions"}],"predecessor-version":[{"id":2000,"href":"https:\/\/www.ladislavjakl.cz\/index.php?rest_route=\/wp\/v2\/posts\/1998\/revisions\/2000"}],"wp:attachment":[{"href":"https:\/\/www.ladislavjakl.cz\/index.php?rest_route=%2Fwp%2Fv2%2Fmedia&parent=1998"}],"wp:term":[{"taxonomy":"category","embeddable":true,"href":"https:\/\/www.ladislavjakl.cz\/index.php?rest_route=%2Fwp%2Fv2%2Fcategories&post=1998"},{"taxonomy":"post_tag","embeddable":true,"href":"https:\/\/www.ladislavjakl.cz\/index.php?rest_route=%2Fwp%2Fv2%2Ftags&post=1998"}],"curies":[{"name":"wp","href":"https:\/\/api.w.org\/{rel}","templated":true}]}}