{"id":2005,"date":"2012-06-14T13:07:18","date_gmt":"2012-06-14T11:07:18","guid":{"rendered":"http:\/\/www.ladislavjakl.cz\/?p=2005"},"modified":"2012-06-14T13:07:18","modified_gmt":"2012-06-14T11:07:18","slug":"jakl-prezidentem","status":"publish","type":"post","link":"https:\/\/www.ladislavjakl.cz\/?p=2005","title":{"rendered":"Jakl prezidentem?"},"content":{"rendered":"<p>Koho nakonec podpo\u0159\u00ed V\u00e1clav Klaus? T\u011b\u017ekou v\u00e1hu Zemana, nebo pravd\u011bpodobn\u00e9ho kandid\u00e1ta Svobodn\u00fdch?<\/p>\n<p><!--more--><\/p>\n<p>Byla to o\u010dek\u00e1van\u00e1 zpr\u00e1va. Ladislav Jakl, \u0159editel politick\u00e9ho odboru  prezidentsk\u00e9 kancel\u00e1\u0159e a poradce V\u00e1clava Klause, bude kandidovat na  prezidenta. Ujmout by se ho m\u011bla Strana svobodn\u00fdch ob\u010dan\u016f, kter\u00e1 kv\u016fli  tomu uspo\u0159\u00e1dala prezidentsk\u00e9 prim\u00e1rky. V\u00fdsledky nap\u00ednav\u00e9ho \u201ekl\u00e1n\u00ed\u201c,  kter\u00e9ho se na kandid\u00e1tsk\u00e9 stran\u011b \u00fa\u010dastn\u00ed pouze Jakl, budou zn\u00e1my o  v\u00edkendu.<\/p>\n<p>U\u017e te\u010f lze s pravd\u011bpodobnost\u00ed hrani\u010d\u00edc\u00ed s jistotou p\u0159edpokl\u00e1dat, \u017ee  Svobodn\u00ed vy\u0161lou Jakla, aby bojoval o Hrad.\u00a0V\u00fdsledky prim\u00e1rek strana  ofici\u00e1ln\u011b ozn\u00e1m\u00ed v\u00a0ned\u011bli na Republikov\u00e9m sn\u011bmu, kde krom\u011b Jakla  vystoup\u00ed tak\u00e9 zahrani\u010dn\u00ed host\u00e9 Richard Sul\u00edk (poslanec slovensk\u00e9 N\u00e1rodn\u00ed  rady a p\u0159edseda strany Sloboda a Solidarita) \u010di Ludwik Dorn (poslanec  polsk\u00e9ho Sejmu ze strany Solid\u00e1rn\u00ed Polsko).<\/p>\n<p><strong>\u201e<\/strong>Jestli\u017ee Ladislav Jakl v prim\u00e1rk\u00e1ch usp\u011bje,  zah\u00e1j\u00edme sb\u011br pot\u0159ebn\u00fdch 50 tis\u00edc\u00a0podpis\u016f, aby mohl b\u00fdt jedn\u00edm z  kandid\u00e1t\u016f v bl\u00ed\u017e\u00edc\u00ed se prezidentsk\u00e9 volb\u011b,\u201c \u0159ekl \u0161\u00e9f Svobodn\u00fdch Petr  Mach a dodal:\u00a0\u201eChceme m\u00edt kandid\u00e1ta, kter\u00fd skrze jmenov\u00e1n\u00ed bankovn\u00ed rady  \u010cNB zajist\u00ed pokra\u010dov\u00e1n\u00ed zdrav\u00e9 m\u011bnov\u00e9 politiky, nedopust\u00ed dal\u0161\u00ed  p\u0159esouv\u00e1n\u00ed pravomoc\u00ed a pen\u011bz na Evropskou unii a bude sn\u011bmovn\u011b vracet  z\u00e1kony omezuj\u00edc\u00ed svobodu \u010dlov\u011bka.\u201c<\/p>\n<p>Jaklova kandidatura je z hlediska Svobodn\u00fdch docela proz\u00edrav\u00fdm a  pragmatick\u00fdm krokem. U\u017e proto, \u017ee Jakl nen\u00ed zrovna p\u0159ehl\u00e9dnuteln\u00e1  osobnost. Nominac\u00ed vlastn\u00edho kandid\u00e1ta \u2013 k tomu tak provokativn\u00edho  r\u00e9tora \u2013 si d\u011bl\u00e1 strana, kter\u00e1 m\u00e1 v\u00a0p\u0159edvolebn\u00edch pr\u016fzkumech <a href=\"http:\/\/www.ceskapozice.cz\/domov\/politika\/petr-mach-o-opravnene-deziluzi-takzvane-pravici-o-budoucnosti-vaclava-klause\">kolem t\u0159\u00ed procent<\/a>,  dobrou reklamu. Na podobnou kartu \u201ezviditeln\u011bn\u00ed\u201c vsadili ostatn\u011b tak\u00e9  Zemanovci s\u00a0Milo\u0161em Zemanem, lidovci se Zuzanou Roithovou \u010di Suverenita  s\u00a0Janou Bobo\u0161\u00edkovou. V\u0161echny jmenovan\u00e9 strany si to <a href=\"http:\/\/www.ceskapozice.cz\/domov\/politika\/partajni-tygrici-sturmuji-na-snemovnu\">\u0161turmuj\u00ed na sn\u011bmovnu<\/a>. Vyt\u00e1hnou prezident\u0161t\u00ed kandid\u00e1ti n\u011bkterou z nich do parlamentu? \u0160ance tu je.<\/p>\n<h5>Po vzoru Putin-Medved\u011bv&#8230;<\/h5>\n<p>Z\u00e1bavnou ot\u00e1zkou pak bude, koho vlastn\u011b v\u00a0prezidentsk\u00fdch volb\u00e1ch  nakonec podpo\u0159\u00ed sou\u010dasn\u00e1 hlava st\u00e1tu. V\u00e1clav Klaus sice ji\u017e d\u0159\u00edve  nazna\u010dil, \u017ee by mohl <a href=\"http:\/\/www.ceskapozice.cz\/domov\/politika\/klausuv-pozdrav-milosi-budu-te-volit\">volit Milo\u0161e Zemana<\/a>.  T\u00edm by se \u010ceskem po deseti letech tak trochu prohnal od\u00e9r opozi\u010dn\u00ed  smlouvy. Jen\u017ee kdyby n\u011bjak\u00fdm zp\u016fsobem podpo\u0159il Jakla, sotva by se n\u011bkdo  mohl divit. Klaus\u016fv souputn\u00edk\u00a0zat\u00edm kr\u00e1\u010del ve (skoro) stejn\u00fdch  politick\u00fdch a n\u00e1zorov\u00fdch kolej\u00edch jako nyn\u011bj\u0161\u00ed prezident. A pak je tu  jist\u00e1 pozorovateln\u00e1 z\u00e1liba pana prezidenta v n\u00e1padech, bud\u00edc\u00edch  kontroverze, co\u017e by kandidatura Ladislava Jakla vrchovat\u011b napl\u0148ovala.<\/p>\n<p>A\u017e se medi\u00e1ln\u00ed soukol\u00ed rozjedou naplno, nebude v p\u0159\u00edpad\u011b Jakla o peprnou n\u00e1pl\u0148 nouze.\u00a0Jen kdy\u017e si vzpomenu na ned\u00e1vn\u00e9 ud\u00e1losti:<\/p>\n<ul>\n<li>obhajoba n\u00e1rodovce a n\u011bkdej\u0161\u00edho vysok\u00e9ho \u00fa\u0159edn\u00edka ministerstva \u0161kolstv\u00ed Ladislava B\u00e1tory;<\/li>\n<li><a href=\"http:\/\/www.ceskapozice.cz\/domov\/politika\/do-hradu-siji-uz-i-zeleni-jakl-pry-ohrozuje-stat\">rozhovor do knihy<\/a> Deset tis\u00edc extremist\u016f, jej\u00edm\u017e spoluautorem je mana\u017eer neonacistick\u00e9 hudebn\u00ed skupiny Conflict 88 Robert F\u00fcrych;<\/li>\n<li>Jakl se t\u00e9\u017e zast\u00e1val sporn\u00e9 milosti pro b\u00fdvalou\u00a0<a href=\"http:\/\/www.ceskapozice.cz\/domov\/politika\/milost-pan-vaclav-klaus-v-kauze-%E2%80%9Ebenesova%E2%80%9C-mlzi\">\u0159editelku Metropolitn\u00ed univerzity<\/a> Annu  Bene\u0161ovou. \u201eA kdybych j\u00e1 byl prezidentem, tak j\u00e1 bych milosti  nezd\u016fvod\u0148oval v\u016fbec. Vysv\u011btlovat pohnut\u00ed individu\u00e1ln\u00edho, osobn\u00edho  rozhodnut\u00ed je v\u017edycky slo\u017eit\u00e9, nikdy ne \u00fapln\u00e9,\u201c\u00a0<a href=\"http:\/\/www.ceskatelevize.cz\/ct24\/domaci\/164747-prezidentska-milost-za-korupci-budi-odpor-zalobcu\/\" target=\"_blank\">pravil Jakl<\/a> v\u00a0\u00fanoru.<\/li>\n<\/ul>\n<p>Zeman je ov\u0161em v prezidentsk\u00e9m kl\u00e1n\u00ed trochu \u201et\u011b\u017e\u0161\u00ed v\u00e1ha\u201c a V\u00e1clav  Klaus nerad prohr\u00e1v\u00e1. Leda\u017ee by v pozad\u00ed byl je\u0161t\u011b d\u016fmysln\u011bj\u0161\u00ed  pl\u00e1n:\u00a0zajistit, aby nebyla p\u0159etr\u017eena nastoupen\u00e1 hradn\u00ed linie, t\u0159eba po  vzoru dua Putin\u2013Medved\u011bv. A\u017e Jaklovi skon\u010d\u00ed prezidentsk\u00e9 obdob\u00ed, Klaus  by se ve sv\u00fdch 76 letech mohl na Hrad vr\u00e1tit.<\/p>\n<p>Te\u010f ale v\u00e1\u017en\u011bji. Osobn\u011b\u00a0by se mi nejv\u00edce l\u00edbilo, kdyby se Jakl m\u00edsto prezidentov\u00e1n\u00ed sp\u00ed\u0161e uch\u00fdlil ke sv\u00e9 lib\u016fstce &#8211; va\u0159en\u00ed <a href=\"https:\/\/www.ladislavjakl.cz\/?p=1840\" target=\"_blank\">r\u016f\u017eov\u00e9ho piva BuQi\u010d\u00e1k<\/a>. Vysv\u011btlovat pohnut\u00ed takov\u00e9ho individu\u00e1ln\u00edho, osobn\u00edho rozhodnut\u00ed je v\u017edycky slo\u017eit\u00e9, nikdy ne \u00fapln\u00e9&#8230;<\/p>\n<p><a href=\"http:\/\/www.ceskapozice.cz\/domov\/politika\/jakl-prezidentem\" target=\"_blank\">Zdroj<\/a><\/p>\n","protected":false},"excerpt":{"rendered":"<p>Koho nakonec podpo\u0159\u00ed V\u00e1clav Klaus? T\u011b\u017ekou v\u00e1hu Zemana, nebo pravd\u011bpodobn\u00e9ho kandid\u00e1ta Svobodn\u00fdch?<\/p>\n","protected":false},"author":1,"featured_media":0,"comment_status":"open","ping_status":"open","sticky":false,"template":"","format":"standard","meta":{"ngg_post_thumbnail":0,"footnotes":""},"categories":[11],"tags":[],"class_list":["post-2005","post","type-post","status-publish","format-standard","hentry","category-ozvena"],"_links":{"self":[{"href":"https:\/\/www.ladislavjakl.cz\/index.php?rest_route=\/wp\/v2\/posts\/2005","targetHints":{"allow":["GET"]}}],"collection":[{"href":"https:\/\/www.ladislavjakl.cz\/index.php?rest_route=\/wp\/v2\/posts"}],"about":[{"href":"https:\/\/www.ladislavjakl.cz\/index.php?rest_route=\/wp\/v2\/types\/post"}],"author":[{"embeddable":true,"href":"https:\/\/www.ladislavjakl.cz\/index.php?rest_route=\/wp\/v2\/users\/1"}],"replies":[{"embeddable":true,"href":"https:\/\/www.ladislavjakl.cz\/index.php?rest_route=%2Fwp%2Fv2%2Fcomments&post=2005"}],"version-history":[{"count":1,"href":"https:\/\/www.ladislavjakl.cz\/index.php?rest_route=\/wp\/v2\/posts\/2005\/revisions"}],"predecessor-version":[{"id":2006,"href":"https:\/\/www.ladislavjakl.cz\/index.php?rest_route=\/wp\/v2\/posts\/2005\/revisions\/2006"}],"wp:attachment":[{"href":"https:\/\/www.ladislavjakl.cz\/index.php?rest_route=%2Fwp%2Fv2%2Fmedia&parent=2005"}],"wp:term":[{"taxonomy":"category","embeddable":true,"href":"https:\/\/www.ladislavjakl.cz\/index.php?rest_route=%2Fwp%2Fv2%2Fcategories&post=2005"},{"taxonomy":"post_tag","embeddable":true,"href":"https:\/\/www.ladislavjakl.cz\/index.php?rest_route=%2Fwp%2Fv2%2Ftags&post=2005"}],"curies":[{"name":"wp","href":"https:\/\/api.w.org\/{rel}","templated":true}]}}