{"id":2007,"date":"2012-06-14T13:08:27","date_gmt":"2012-06-14T11:08:27","guid":{"rendered":"http:\/\/www.ladislavjakl.cz\/?p=2007"},"modified":"2012-06-14T13:08:27","modified_gmt":"2012-06-14T11:08:27","slug":"klausuv-tajemnik-ladislav-jakl-kandiduje-na-prezidenta","status":"publish","type":"post","link":"https:\/\/www.ladislavjakl.cz\/?p=2007","title":{"rendered":"Klaus\u016fv tajemn\u00edk Ladislav Jakl kandiduje na prezidenta"},"content":{"rendered":"<p><strong>Praha<\/strong> &#8211; Z p\u00e1tku na sobotu o p\u016flnoci skon\u010d\u00ed prezidentsk\u00e9 prim\u00e1rky, ve kter\u00fdch \u010dlenov\u00e9<a href=\"http:\/\/wiki.aktualne.centrum.cz\/volby-2010\/strana-svobodnych\/\"> Strany svobodn\u00fdch ob\u010dan\u016f <\/a>hlasuj\u00ed o nominaci Ladislava Jakla na prezidenta.<\/p>\n<p><!--more-->Ladislav Jakl, tajemn\u00edk <a href=\"http:\/\/wiki.aktualne.centrum.cz\/vaclav-klaus\/\">sou\u010dasn\u00e9ho prezidenta V\u00e1clava Klause<\/a>,  je jedin\u00fdm kandid\u00e1tem, tak\u017ee m\u00e1 z\u0159ejm\u011b kandidaturu za tuto stranu  jistou. P\u0159edseda strany Petr Mach\u00a0v tiskov\u00e9 zpr\u00e1v\u011b uvedl, \u017ee Jakl m\u00e1  podporu stranick\u00e9ho veden\u00ed.<\/p>\n<p>Svobodn\u00ed maj\u00ed p\u0159es tis\u00edc \u010dlen\u016f a registrovan\u00fdch p\u0159\u00edznivc\u016f, kte\u0159\u00ed  mohou hlasovat o tom, zda Jakla podpo\u0159\u00ed. V\u00fdsledky prim\u00e1rek svobodn\u00ed  ofici\u00e1ln\u011b ozn\u00e1m\u00ed v ned\u011bli na republikov\u00e9m sn\u011bmu.<\/p>\n<p>\u0158editel politick\u00e9ho odboru prezidentsk\u00e9 kancel\u00e1\u0159e Jakl, kter\u00fd byl 15  let Klausov\u00fdm poradcem, vystoup\u00ed na sn\u011bmu. &#8222;Jestli\u017ee Ladislav Jakl v  prim\u00e1rk\u00e1ch usp\u011bje, zah\u00e1j\u00edme sb\u011br pot\u0159ebn\u00fdch 50 tis\u00edc\u00a0podpis\u016f, aby mohl  b\u00fdt jedn\u00edm z kandid\u00e1t\u016f v bl\u00ed\u017e\u00edc\u00ed se prezidentsk\u00e9 volb\u011b,&#8220; uvedl \u0161\u00e9f  strany Mach.<\/p>\n<p>Svobodn\u00ed se profiluj\u00ed jako pravicov\u00e1 euroskeptick\u00e1 strana. Tvrd\u00ed, \u017ee  pokud se nepoda\u0159\u00ed prosadit z\u00e1sadn\u00ed zm\u011bny Evropsk\u00e9 unie, m\u011bla by ji \u010cesk\u00e1  republika opustit. &#8222;Chceme m\u00edt kandid\u00e1ta, kter\u00fd skrze jmenov\u00e1n\u00ed  bankovn\u00ed rady \u010cNB zajist\u00ed pokra\u010dov\u00e1n\u00ed zdrav\u00e9 m\u011bnov\u00e9 politiky, nedopust\u00ed  dal\u0161\u00ed p\u0159esouv\u00e1n\u00ed pravomoc\u00ed a pen\u011bz na Evropskou unii a bude sn\u011bmovn\u011b  vracet z\u00e1kony omezuj\u00edc\u00ed svobodu \u010dlov\u011bka,&#8220; zd\u016fvodnil Mach, pro\u010d veden\u00ed  strany Jakla jako prezidentsk\u00e9ho kandid\u00e1ta vybralo.<\/p>\n<p>Jakl, pokud mu svobodn\u00ed se\u017eenou pot\u0159ebn\u00e9 podpisy ob\u010dan\u016f, se po\u010d\u00e1tkem  p\u0159\u00ed\u0161t\u00edho roku v p\u0159\u00edm\u00fdch prezidentsk\u00fdch volb\u00e1ch utk\u00e1 s expremi\u00e9ry <a href=\"http:\/\/wiki.aktualne.centrum.cz\/jan-fischer\/\">Janem Fischerem <\/a>a <a href=\"http:\/\/wiki.aktualne.centrum.cz\/volby-2010\/spoz\/milos-zeman\/\">Milo\u0161em Zemanem<\/a>,  kte\u0159\u00ed jsou na prvn\u00edch dvou m\u00edstech volebn\u00edch preferenc\u00ed. K dal\u0161\u00edm  kandid\u00e1t\u016fm pat\u0159\u00ed nap\u0159\u00edklad \u0161\u00e9f TOP 09 a ministr zahrani\u010d\u00ed Karel  Schwarzenberg a sen\u00e1tor a m\u00edstop\u0159edseda \u010cSSD Ji\u0159\u00ed Dienstbier.<\/p>\n<p>V prezidentsk\u00fdch prim\u00e1rk\u00e1ch ODS vede sen\u00e1tor P\u0159emysl Sobotka.<\/p>\n<p><a href=\"http:\/\/aktualne.centrum.cz\/domaci\/politika\/clanek.phtml?id=748653\" target=\"_blank\">Zdroj<\/a><\/p>\n","protected":false},"excerpt":{"rendered":"<p>Praha &#8211; Z p\u00e1tku na sobotu o p\u016flnoci skon\u010d\u00ed prezidentsk\u00e9 prim\u00e1rky, ve kter\u00fdch \u010dlenov\u00e9 Strany svobodn\u00fdch ob\u010dan\u016f hlasuj\u00ed o nominaci Ladislava Jakla na prezidenta.<\/p>\n","protected":false},"author":1,"featured_media":0,"comment_status":"open","ping_status":"open","sticky":false,"template":"","format":"standard","meta":{"ngg_post_thumbnail":0,"footnotes":""},"categories":[11],"tags":[],"class_list":["post-2007","post","type-post","status-publish","format-standard","hentry","category-ozvena"],"_links":{"self":[{"href":"https:\/\/www.ladislavjakl.cz\/index.php?rest_route=\/wp\/v2\/posts\/2007","targetHints":{"allow":["GET"]}}],"collection":[{"href":"https:\/\/www.ladislavjakl.cz\/index.php?rest_route=\/wp\/v2\/posts"}],"about":[{"href":"https:\/\/www.ladislavjakl.cz\/index.php?rest_route=\/wp\/v2\/types\/post"}],"author":[{"embeddable":true,"href":"https:\/\/www.ladislavjakl.cz\/index.php?rest_route=\/wp\/v2\/users\/1"}],"replies":[{"embeddable":true,"href":"https:\/\/www.ladislavjakl.cz\/index.php?rest_route=%2Fwp%2Fv2%2Fcomments&post=2007"}],"version-history":[{"count":2,"href":"https:\/\/www.ladislavjakl.cz\/index.php?rest_route=\/wp\/v2\/posts\/2007\/revisions"}],"predecessor-version":[{"id":2009,"href":"https:\/\/www.ladislavjakl.cz\/index.php?rest_route=\/wp\/v2\/posts\/2007\/revisions\/2009"}],"wp:attachment":[{"href":"https:\/\/www.ladislavjakl.cz\/index.php?rest_route=%2Fwp%2Fv2%2Fmedia&parent=2007"}],"wp:term":[{"taxonomy":"category","embeddable":true,"href":"https:\/\/www.ladislavjakl.cz\/index.php?rest_route=%2Fwp%2Fv2%2Fcategories&post=2007"},{"taxonomy":"post_tag","embeddable":true,"href":"https:\/\/www.ladislavjakl.cz\/index.php?rest_route=%2Fwp%2Fv2%2Ftags&post=2007"}],"curies":[{"name":"wp","href":"https:\/\/api.w.org\/{rel}","templated":true}]}}