{"id":2010,"date":"2012-06-14T13:16:36","date_gmt":"2012-06-14T11:16:36","guid":{"rendered":"http:\/\/www.ladislavjakl.cz\/?p=2010"},"modified":"2012-06-14T13:19:08","modified_gmt":"2012-06-14T11:19:08","slug":"jiz-zitra-na-pivo-na-prazsky-hrad","status":"publish","type":"post","link":"https:\/\/www.ladislavjakl.cz\/?p=2010","title":{"rendered":"Ji\u017e z\u00edtra na pivo na Pra\u017esk\u00fd hrad"},"content":{"rendered":"<div style=\"width: 158px\" class=\"wp-caption alignleft\"><img loading=\"lazy\" decoding=\"async\" class=\" \" title=\"Jan \u0160ur\u00e1\u0148, prezident \u010desk\u00fdch minipivovar\u016f\" src=\"http:\/\/www.prvnizpravy.cz\/repository\/zpravy\/_antialias_4418bd2c-b5e4-11e1-bcbc-003048df98d0_9ad6d9e2543c1a8cc8d65f0c15cc6231.jpg\" alt=\"\" width=\"148\" height=\"98\" \/><p class=\"wp-caption-text\">Jan \u0160ur\u00e1\u0148, prezident \u010desk\u00fdch minipivovar\u016f<\/p><\/div>\n<p>\u010ceskomoravsk\u00fd svaz minipivovar\u016f po\u0159\u00e1d\u00e1 ve dnech 15.-16.6.2012  Festival minipivovar\u016f na Pra\u017esk\u00e9m hrad\u011b. Na rozd\u00edl od v\u0161ech  ostatn\u00edch pivn\u00edch festival\u016f, se kter\u00fdmi se v \u010cesku doslova roztrhl  pytel, p\u016fjde o festival ochutn\u00e1vkov\u00fd. To znamen\u00e1, \u017ee c\u00edlem nen\u00ed prodat  co nejv\u00edce piva a vyd\u011blat co nejv\u00edce  pen\u011bz, ale c\u00edlem je umo\u017enit  milovn\u00edk\u016fm piva a minipivovar\u016f ochutnat co  nejv\u011bt\u0161\u00ed mno\u017estv\u00ed r\u016fzn\u00fdch  druh\u016f piv z minipivovar\u016f.<\/p>\n<p><!--more--><\/p>\n<div>\n<div><img loading=\"lazy\" decoding=\"async\" src=\"http:\/\/www.prvnizpravy.cz\/repository\/festival_hrad.jpg\" alt=\"\" width=\"300\" height=\"552\" \/><\/div>\n<\/div>\n<div>N\u00e1v\u0161t\u011bvn\u00edk si zakoup\u00ed degusta\u010dn\u00ed set, speci\u00e1ln\u00ed  skleni\u010dku a katalog festivalu a potom ji\u017e m\u016f\u017ee zdarma ochutn\u00e1vat celkem  100 druh\u016f \u010depovan\u00fdch piv z pades\u00e1ti \u010desk\u00fdch a moravsk\u00fdch pivovar\u016f.  Kolik toho zvl\u00e1dne, tolik ochutn\u00e1. P\u0159edstav\u00ed se minipivovary z cel\u00e9  \u010cesk\u00e9 republiky od Beskyd po \u0160umavu. Budete tak m\u00edt mo\u017enost na jednom  m\u00edst\u011b pivn\u011b procestovat regiony cel\u00e9 \u010cesk\u00e9 republiky a rozhodnout se v  kter\u00e9m z pivov\u00e1rk\u016f str\u00e1v\u00edte dovolenou.<\/p>\n<p>&#8222;Minipivovary jsou \u017eivou  vodou pivovarnick\u00e9ho \u0159emesla, kter\u00e9 u\u017e bylo skoro na vym\u0159en\u00ed. P\u0159ed  dvaadvaceti lety v cel\u00e9m \u010ceskoslovensku existoval jedin\u00fd minipivovar,\u00a0  pivovar\u00a0 U Flek\u016f. Po roce 1991 se zvolna za\u010d\u00ednaly budovat minipivovary  nov\u00e9 a v dne\u0161n\u00ed dob\u011b jich v \u010cesku m\u00e1me u\u017e kolem 150. I kdy\u017e je jejich  pod\u00edl na v\u00fdrob\u011b piva zanedbateln\u00fd, za\u010d\u00ednaj\u00ed se st\u00e1vat sv\u00e9bytnou sou\u010d\u00e1st\u00ed  pivovarnick\u00e9ho pr\u016fmyslu&#8220;, \u0159\u00edk\u00e1 Jan \u0160ur\u00e1\u0148, prezident \u010ceskomoravsk\u00e9ho  svazu minipivovar\u016f.<\/p>\n<p>&#8222;Charakteristick\u00e9 senzorick\u00e9 vlastnosti  nefiltrovan\u00e9ho \u010depovan\u00e9ho piva, jeho p\u0159\u00edrodn\u00ed \u010distota, v\u00fdroba n\u011bkolika  druh\u016f piv v\u010detn\u011b specialit, kuchyn\u011b s krajov\u00fdmi i n\u00e1rodn\u00edmi  specialitami, to v\u0161e jsou p\u0159ednosti l\u00e1kaj\u00edc\u00ed k posezen\u00ed v restauraci s  vlastn\u00edm pivovarem,&#8220; dod\u00e1v\u00e1 Jan \u0160ur\u00e1\u0148, &#8222;u piva z minipivovaru je v\u017edy  zaru\u010deno, \u017ee\u00a0 se jedn\u00e1 o pivo \u010derstv\u00e9, vyr\u00e1b\u011bn\u00e9 v m\u00edst\u011b a podle  pot\u0159eby&#8220;.<\/p>\n<p>Festival se kon\u00e1 na St\u0159eleck\u00e9 cest\u011b pod Kr\u00e1lovsk\u00fdm  letohr\u00e1dkem v zahrad\u00e1ch Pra\u017esk\u00e9ho hradu v p\u00e1tek 15.6. v dob\u011b 14,00-20,00  a v sobotu 16.6. od 10 hodin do 20 hodin. P\u0159\u00edstup je od Chotkov\u00fdch  sad\u016f.<\/p><\/div>\n<div><a href=\"http:\/\/www.prvnizpravy.cz\/zpravy\/kultura\/jiz-zitra-na-pivo-na-prazsky-hrad\/\" target=\"_blank\">Zdroj<\/a><\/div>\n","protected":false},"excerpt":{"rendered":"<p>\u010ceskomoravsk\u00fd svaz minipivovar\u016f po\u0159\u00e1d\u00e1 ve dnech 15.-16.6.2012 Festival minipivovar\u016f na Pra\u017esk\u00e9m hrad\u011b. Na rozd\u00edl od v\u0161ech ostatn\u00edch pivn\u00edch festival\u016f, se kter\u00fdmi se v \u010cesku doslova roztrhl pytel, p\u016fjde o festival ochutn\u00e1vkov\u00fd. To znamen\u00e1, \u017ee c\u00edlem nen\u00ed prodat co nejv\u00edce piva a vyd\u011blat co nejv\u00edce pen\u011bz, ale c\u00edlem je umo\u017enit milovn\u00edk\u016fm piva a minipivovar\u016f ochutnat co [&hellip;]<\/p>\n","protected":false},"author":1,"featured_media":0,"comment_status":"open","ping_status":"open","sticky":false,"template":"","format":"standard","meta":{"ngg_post_thumbnail":0,"footnotes":""},"categories":[11],"tags":[],"class_list":["post-2010","post","type-post","status-publish","format-standard","hentry","category-ozvena"],"_links":{"self":[{"href":"https:\/\/www.ladislavjakl.cz\/index.php?rest_route=\/wp\/v2\/posts\/2010","targetHints":{"allow":["GET"]}}],"collection":[{"href":"https:\/\/www.ladislavjakl.cz\/index.php?rest_route=\/wp\/v2\/posts"}],"about":[{"href":"https:\/\/www.ladislavjakl.cz\/index.php?rest_route=\/wp\/v2\/types\/post"}],"author":[{"embeddable":true,"href":"https:\/\/www.ladislavjakl.cz\/index.php?rest_route=\/wp\/v2\/users\/1"}],"replies":[{"embeddable":true,"href":"https:\/\/www.ladislavjakl.cz\/index.php?rest_route=%2Fwp%2Fv2%2Fcomments&post=2010"}],"version-history":[{"count":7,"href":"https:\/\/www.ladislavjakl.cz\/index.php?rest_route=\/wp\/v2\/posts\/2010\/revisions"}],"predecessor-version":[{"id":2016,"href":"https:\/\/www.ladislavjakl.cz\/index.php?rest_route=\/wp\/v2\/posts\/2010\/revisions\/2016"}],"wp:attachment":[{"href":"https:\/\/www.ladislavjakl.cz\/index.php?rest_route=%2Fwp%2Fv2%2Fmedia&parent=2010"}],"wp:term":[{"taxonomy":"category","embeddable":true,"href":"https:\/\/www.ladislavjakl.cz\/index.php?rest_route=%2Fwp%2Fv2%2Fcategories&post=2010"},{"taxonomy":"post_tag","embeddable":true,"href":"https:\/\/www.ladislavjakl.cz\/index.php?rest_route=%2Fwp%2Fv2%2Ftags&post=2010"}],"curies":[{"name":"wp","href":"https:\/\/api.w.org\/{rel}","templated":true}]}}