{"id":2018,"date":"2012-06-14T17:01:12","date_gmt":"2012-06-14T15:01:12","guid":{"rendered":"http:\/\/www.ladislavjakl.cz\/?p=2018"},"modified":"2012-06-14T17:02:09","modified_gmt":"2012-06-14T15:02:09","slug":"jakl-ma-nominaci-od-svobodnych-temer-jistou","status":"publish","type":"post","link":"https:\/\/www.ladislavjakl.cz\/?p=2018","title":{"rendered":"Jakl m\u00e1 nominaci od Svobodn\u00fdch t\u00e9m\u011b\u0159 jistou"},"content":{"rendered":"<div id=\"perex\">\n<p>Praha \u2013 Ladislav Jakl, politick\u00fd poradce V\u00e1clava  Klause, m\u00e1 nominaci do nadch\u00e1zej\u00edc\u00ed p\u0159\u00edm\u00e9 volby prezidenta na dosah.  B\u011bhem p\u00e1te\u010dn\u00ed noci kon\u010d\u00ed prezidentsk\u00e9 prim\u00e1rky, ve kter\u00fdch \u010dlenov\u00e9  Strany svobodn\u00fdch ob\u010dan\u016f (Svobodn\u00ed) o Jaklov\u011b kandidatu\u0159e hlasuj\u00ed, a  sou\u010dasn\u00fd prezidentsk\u00fd tajemn\u00edk je jejich jedin\u00fdm kandid\u00e1tem.<\/p>\n<p><!--more-->Podle \u0161\u00e9fa  euroskeptick\u00e9 strany Petra Macha m\u00e1 Jakl podporu stranick\u00e9ho veden\u00ed.  &#8222;Ob\u010das jsem n\u011bkdy docela \u0161ikovn\u00fdm hlasatelem my\u0161lenek, kter\u00e9 spole\u010dn\u011b  sd\u00edl\u00edme,&#8220; objasnil Jakl sv\u016fj z\u00e1jem kandidovat za Svobodn\u00e9.<\/div>\n<div>\n<div><img loading=\"lazy\" decoding=\"async\" style=\"margin-top:0px;\" src=\"http:\/\/img8.ct24.cz\/cache\/616x347\/article\/37\/3678\/367713.jpg\" alt=\"Ladislav Jakl\" width=\"402\" height=\"226\" \/><\/p>\n<div>\n<div>Ladislav Jakl<\/div>\n<\/div>\n<\/div>\n<\/div>\n<p>\u0158editel politick\u00e9ho odboru prezidentsk\u00e9 kancel\u00e1\u0159e Jakl, kter\u00fd od  roku 1997 p\u016fsob\u00ed jako Klaus\u016fv poradce, vystoup\u00ed na sn\u011bmu. &#8222;Jestli\u017ee  Ladislav Jakl v prim\u00e1rk\u00e1ch usp\u011bje, zah\u00e1j\u00edme sb\u011br pot\u0159ebn\u00fdch 50 000  podpis\u016f, aby mohl b\u00fdt jedn\u00edm z kandid\u00e1t\u016f v bl\u00ed\u017e\u00edc\u00ed se prezidentsk\u00e9  volb\u011b,&#8220; pl\u00e1nuje \u0161\u00e9f strany Mach.<\/p>\n<p>Svobodn\u00ed se profiluj\u00ed jako pravicov\u00e1 euroskeptick\u00e1 strana. Tvrd\u00ed, \u017ee  pokud se nepoda\u0159\u00ed prosadit z\u00e1sadn\u00ed zm\u011bny Evropsk\u00e9 unie, m\u011bla by ji \u010cesk\u00e1  republika opustit. &#8222;Chceme m\u00edt kandid\u00e1ta, kter\u00fd skrze jmenov\u00e1n\u00ed  bankovn\u00ed rady \u010cNB zajist\u00ed pokra\u010dov\u00e1n\u00ed zdrav\u00e9 m\u011bnov\u00e9 politiky, nedopust\u00ed  dal\u0161\u00ed p\u0159esouv\u00e1n\u00ed pravomoc\u00ed a pen\u011bz na Evropskou unii a bude sn\u011bmovn\u011b  vracet z\u00e1kony omezuj\u00edc\u00ed svobodu \u010dlov\u011bka,&#8220; zd\u016fvodnil Mach, pro\u010d veden\u00ed  strany Jakla jako prezidentsk\u00e9ho kandid\u00e1ta vybralo.<\/p>\n<p><strong>Lid\u00e9 m\u011b znaj\u00ed, Svobodn\u00fdm mohu pomoct, slibuje Jakl<\/strong><\/p>\n<p>Jakl naopak \u010dlen\u016fm a p\u0159\u00edznivc\u016fm strany slibuje, \u017ee jeho prezidentsk\u00e1  kandidatura a spojen\u00ed &#8222;medi\u00e1ln\u011b zn\u00e1m\u00e9ho&#8220; jm\u00e9na se stranou m\u016f\u017ee pos\u00edlit  stranick\u00e9 preference Svobodn\u00fdch. Opa\u010dn\u00fd efekt prezidentsk\u00fd poradce  nep\u0159edpokl\u00e1d\u00e1. &#8222;Nep\u0159ijde mi, \u017ee by mohl existovat \u017eiv\u00fd voli\u010d, kter\u00fd by  stra\u0161n\u011b miloval Svobodn\u00e9 a m\u011b nen\u00e1vid\u011bl, ale nemohu to vylou\u010dit,&#8220;  poznamenal b\u011bhem stranick\u00e9 besedy. &#8222;Drtiv\u00e1 v\u011bt\u0161ina lid\u00ed, kte\u0159\u00ed m\u011b  nesn\u00e1\u0161ej\u00ed, by Svobodn\u00e9 stejn\u011b nevolili,&#8220; doplnil Jakl.<\/p>\n<p>Svobodn\u00ed maj\u00ed p\u0159es tis\u00edc \u010dlen\u016f a registrovan\u00fdch p\u0159\u00edznivc\u016f, kte\u0159\u00ed  mohou hlasovat o tom, zda Jakla podpo\u0159\u00ed. V\u00fdsledky prim\u00e1rek svobodn\u00ed  ofici\u00e1ln\u011b ozn\u00e1m\u00ed v ned\u011bli na republikov\u00e9m sn\u011bmu. Prezidentsk\u00fd tajemn\u00edk  ov\u0161em zat\u00edm nev\u00ed, zda by byl ochoten, pokud by v prezidentsk\u00e9 volb\u011b  neusp\u011bl, do strany vstoupit. &#8222;V\u017edy jsem byl \u010dlov\u011bkem, kter\u00fd politikou  \u017eil, ale z\u00e1rove\u0148 jsem si v\u017edy dr\u017eel distanc od sv\u011bta politiky, alespo\u0148  na jeden krok,&#8220; uvedl s t\u00edm, \u017ee v ka\u017ed\u00e9m p\u0159\u00edpad\u011b by i nad\u00e1le Svobodn\u00fdm  zachoval svou &#8222;p\u0159\u00edze\u0148 a podporu.&#8220;<\/p>\n<div id=\"contentPart_238325\">\n<div>\n<h4>Jakl: P\u0159\u00edmo volen\u00fd prezident bude vracet a\u017e 90 procent z\u00e1kon\u016f<\/h4>\n<p><a title=\"Pra\u017esk\u00fd hrad - prezidentsk\u00e1 standarta\" rel=\"articleGallery\" href=\"http:\/\/img8.ct24.cz\/multimedia\/images\/33\/3296\/big\/329545.jpg\"><img decoding=\"async\" src=\"http:\/\/img8.ct24.cz\/multimedia\/images\/33\/3296\/small\/329545.jpg\" alt=\"Pra\u017esk\u00fd hrad - prezidentsk\u00e1 standarta\" \/><\/a>Ladislav  Jakl osm m\u011bs\u00edc\u016f p\u0159ed kon\u00e1n\u00edm prezidentsk\u00fdch voleb nechce spekulovat,  jakou by byl v p\u0159\u00edpad\u011b zisku ofici\u00e1ln\u00ed kandidatury a p\u0159\u00edpadn\u00e9ho  v\u00edt\u011bzstv\u00ed hlavou st\u00e1tu. Upozornil v\u0161ak, \u017ee p\u0159\u00edmo volen\u00fd prezident se  m\u016f\u017ee velmi lehce dostat do konfliktu s parlamentem. &#8222;V\u0161ichni, kdo si  vymodlili p\u0159\u00edmou volbu prezidenta, a\u0165 zapomenou na m\u00edr a klid \u00fastavn\u00edch  instituc\u00ed. Jak\u00fdkoliv dal\u0161\u00ed prezident k tomu nebude m\u00edt \u017e\u00e1dn\u00fd d\u016fvod, snad  s v\u00fdjimkou toho, \u017ee bude velk\u00fd k\u00e1mo\u0161 s aktu\u00e1ln\u00ed vl\u00e1dn\u00ed v\u011bt\u0161inou. A to  je ale velmi nepravd\u011bpodobn\u00e9,&#8220; varoval. &#8222;Sou\u010dasn\u00e9 kompetence prezidenta  jsou zdrcuj\u00edc\u00ed a v\u011bt\u0161\u00ed, ne\u017e si lid\u00e9 mysl\u00ed,&#8220; dodal bl\u00edzk\u00fd Klaus\u016fv  spolupracovn\u00edk.<\/div>\n<\/div>\n<p>Pokud Svobodn\u00ed se\u017eenou dostatek podpis\u016f, Jakl se po\u010d\u00e1tkem p\u0159\u00ed\u0161t\u00edho  roku v p\u0159\u00edm\u00fdch prezidentsk\u00fdch volb\u00e1ch utk\u00e1 s expremi\u00e9ry Janem Fischerem a  Milo\u0161em Zemanem, kte\u0159\u00ed jsou na prvn\u00edch dvou m\u00edstech volebn\u00edch  preferenc\u00ed. K dal\u0161\u00edm kandid\u00e1t\u016fm pat\u0159\u00ed nap\u0159\u00edklad ekonom Jan \u0160vejnar, \u0161\u00e9f  TOP 09 a ministr zahrani\u010d\u00ed Karel Schwarzenberg a sen\u00e1tor a m\u00edstop\u0159edseda  \u010cSSD Ji\u0159\u00ed Dienstbier. V prezidentsk\u00fdch prim\u00e1rk\u00e1ch ODS spolu soupe\u0159\u00ed  sen\u00e1tor P\u0159emysl Sobotka a europoslanec Ev\u017een To\u0161enovsk\u00fd.<\/p>\n<p><a href=\"http:\/\/www.ceskatelevize.cz\/ct24\/domaci\/181698-jakl-ma-nominaci-od-svobodnych-temer-jistou\/\" target=\"_blank\">Zdroj<\/a><\/p>\n","protected":false},"excerpt":{"rendered":"<p>Praha \u2013 Ladislav Jakl, politick\u00fd poradce V\u00e1clava Klause, m\u00e1 nominaci do nadch\u00e1zej\u00edc\u00ed p\u0159\u00edm\u00e9 volby prezidenta na dosah. B\u011bhem p\u00e1te\u010dn\u00ed noci kon\u010d\u00ed prezidentsk\u00e9 prim\u00e1rky, ve kter\u00fdch \u010dlenov\u00e9 Strany svobodn\u00fdch ob\u010dan\u016f (Svobodn\u00ed) o Jaklov\u011b kandidatu\u0159e hlasuj\u00ed, a sou\u010dasn\u00fd prezidentsk\u00fd tajemn\u00edk je jejich jedin\u00fdm kandid\u00e1tem.<\/p>\n","protected":false},"author":1,"featured_media":0,"comment_status":"open","ping_status":"open","sticky":false,"template":"","format":"standard","meta":{"ngg_post_thumbnail":0,"footnotes":""},"categories":[11],"tags":[],"class_list":["post-2018","post","type-post","status-publish","format-standard","hentry","category-ozvena"],"_links":{"self":[{"href":"https:\/\/www.ladislavjakl.cz\/index.php?rest_route=\/wp\/v2\/posts\/2018","targetHints":{"allow":["GET"]}}],"collection":[{"href":"https:\/\/www.ladislavjakl.cz\/index.php?rest_route=\/wp\/v2\/posts"}],"about":[{"href":"https:\/\/www.ladislavjakl.cz\/index.php?rest_route=\/wp\/v2\/types\/post"}],"author":[{"embeddable":true,"href":"https:\/\/www.ladislavjakl.cz\/index.php?rest_route=\/wp\/v2\/users\/1"}],"replies":[{"embeddable":true,"href":"https:\/\/www.ladislavjakl.cz\/index.php?rest_route=%2Fwp%2Fv2%2Fcomments&post=2018"}],"version-history":[{"count":4,"href":"https:\/\/www.ladislavjakl.cz\/index.php?rest_route=\/wp\/v2\/posts\/2018\/revisions"}],"predecessor-version":[{"id":2022,"href":"https:\/\/www.ladislavjakl.cz\/index.php?rest_route=\/wp\/v2\/posts\/2018\/revisions\/2022"}],"wp:attachment":[{"href":"https:\/\/www.ladislavjakl.cz\/index.php?rest_route=%2Fwp%2Fv2%2Fmedia&parent=2018"}],"wp:term":[{"taxonomy":"category","embeddable":true,"href":"https:\/\/www.ladislavjakl.cz\/index.php?rest_route=%2Fwp%2Fv2%2Fcategories&post=2018"},{"taxonomy":"post_tag","embeddable":true,"href":"https:\/\/www.ladislavjakl.cz\/index.php?rest_route=%2Fwp%2Fv2%2Ftags&post=2018"}],"curies":[{"name":"wp","href":"https:\/\/api.w.org\/{rel}","templated":true}]}}