{"id":2028,"date":"2012-06-18T11:16:36","date_gmt":"2012-06-18T09:16:36","guid":{"rendered":"http:\/\/www.ladislavjakl.cz\/?p=2028"},"modified":"2012-06-18T11:16:36","modified_gmt":"2012-06-18T09:16:36","slug":"predseda-akce-d-o-s-t-michal-semin-o-prezidentske-kandidature-ladislava-jakla","status":"publish","type":"post","link":"https:\/\/www.ladislavjakl.cz\/?p=2028","title":{"rendered":"P\u0159edseda Akce D.O.S.T. Michal Sem\u00edn o prezidentsk\u00e9 kandidatu\u0159e Ladislava Jakla"},"content":{"rendered":"<p><strong>Trochu to vypad\u00e1, \u017ee Svobodn\u00ed si\u00a0&#8222;p\u0159ivlastnili&#8220; Ladislava Jakla, d\u00e1-li se to tak \u0159\u00edci, jako prezidentsk\u00e9ho kandid\u00e1ta. Ladislav Jakl Svobodn\u00e9 podporuje sice dlouhodob\u011b, tak\u017ee to nen\u00ed a\u017e tak p\u0159ekvapiv\u00e9, hodn\u011b bl\u00edzko m\u00e1 ale z\u00e1rove\u0148 k D.O.S.T.u. <\/strong><\/p>\n<p><!--more--><strong>Bude D.O.S.T. podporovat Ladislava Jakla, kdyby se uk\u00e1zalo, \u017ee svoji kandidaturu mysl\u00ed v\u00e1\u017en\u011b? Pt\u00e1m se proto, \u017ee D.O.S.T. spolupracuje s Janou Bobo\u0161\u00edkovou a ta na Hrad pom\u00fd\u0161l\u00ed tak\u00e9&#8230; <\/strong><strong><\/p>\n<p><\/strong> Jak v\u00e1\u0161 server u\u017e informoval d\u0159\u00edve, Ladislava Jakla Akce D.O.S.T. podporuje od t\u00e9 chv\u00edle, co o p\u0159\u00edpadn\u00e9 kandidatu\u0159e na \u00fa\u0159ad prezidenta za\u010dal uva\u017eovat, zat\u00edmco Svobodn\u00ed o jeho podpo\u0159e jednaj\u00ed teprve v t\u011bchto dnech. Nen\u00ed to ostatn\u011b \u017e\u00e1dn\u00fdm p\u0159ekvapen\u00edm &#8211; je signat\u00e1\u0159em Manifestu D.O.S.T. a \u010dast\u00fdm a velmi aktivn\u00edm \u00fa\u010dastn\u00edkem \u0159ady na\u0161ich akc\u00ed. Z podpory Ladislava Jakla ov\u0161em neplyne, \u017ee se mus\u00ed nutn\u011b jednat o podporu v\u00fdlu\u010dnou. Nemohu v tuto chv\u00edli v\u00edce prozradit, ale je dost mo\u017en\u00e9, \u017ee brzy p\u0159ijdeme s p\u0159ekvapiv\u00fdm n\u00e1vrhem dal\u0161\u00edho postupu v r\u00e1mci kl\u00e1n\u00ed o prezidentsk\u00fd stolec. Rozhodn\u011b v\u0161ak plat\u00ed, \u017ee pokud se Ladislav Jakl pro kandidaturu definitivn\u011b rozhodne, nebudou Svobodn\u00ed jedin\u00fdm subjektem, o kter\u00fd se budouc\u00ed pan prezident bude moci op\u0159\u00edt&#8230;<\/p>\n<p><strong>D\u011bkuji za rozhovor<\/strong><\/p>\n<p>(Adam B. Barto\u0161, Prvn\u00ed zpr\u00e1vy)<\/p>\n","protected":false},"excerpt":{"rendered":"<p>Trochu to vypad\u00e1, \u017ee Svobodn\u00ed si\u00a0&#8222;p\u0159ivlastnili&#8220; Ladislava Jakla, d\u00e1-li se to tak \u0159\u00edci, jako prezidentsk\u00e9ho kandid\u00e1ta. Ladislav Jakl Svobodn\u00e9 podporuje sice dlouhodob\u011b, tak\u017ee to nen\u00ed a\u017e tak p\u0159ekvapiv\u00e9, hodn\u011b bl\u00edzko m\u00e1 ale z\u00e1rove\u0148 k D.O.S.T.u.<\/p>\n","protected":false},"author":1,"featured_media":0,"comment_status":"open","ping_status":"open","sticky":false,"template":"","format":"standard","meta":{"ngg_post_thumbnail":0,"footnotes":""},"categories":[11],"tags":[],"class_list":["post-2028","post","type-post","status-publish","format-standard","hentry","category-ozvena"],"_links":{"self":[{"href":"https:\/\/www.ladislavjakl.cz\/index.php?rest_route=\/wp\/v2\/posts\/2028","targetHints":{"allow":["GET"]}}],"collection":[{"href":"https:\/\/www.ladislavjakl.cz\/index.php?rest_route=\/wp\/v2\/posts"}],"about":[{"href":"https:\/\/www.ladislavjakl.cz\/index.php?rest_route=\/wp\/v2\/types\/post"}],"author":[{"embeddable":true,"href":"https:\/\/www.ladislavjakl.cz\/index.php?rest_route=\/wp\/v2\/users\/1"}],"replies":[{"embeddable":true,"href":"https:\/\/www.ladislavjakl.cz\/index.php?rest_route=%2Fwp%2Fv2%2Fcomments&post=2028"}],"version-history":[{"count":1,"href":"https:\/\/www.ladislavjakl.cz\/index.php?rest_route=\/wp\/v2\/posts\/2028\/revisions"}],"predecessor-version":[{"id":2029,"href":"https:\/\/www.ladislavjakl.cz\/index.php?rest_route=\/wp\/v2\/posts\/2028\/revisions\/2029"}],"wp:attachment":[{"href":"https:\/\/www.ladislavjakl.cz\/index.php?rest_route=%2Fwp%2Fv2%2Fmedia&parent=2028"}],"wp:term":[{"taxonomy":"category","embeddable":true,"href":"https:\/\/www.ladislavjakl.cz\/index.php?rest_route=%2Fwp%2Fv2%2Fcategories&post=2028"},{"taxonomy":"post_tag","embeddable":true,"href":"https:\/\/www.ladislavjakl.cz\/index.php?rest_route=%2Fwp%2Fv2%2Ftags&post=2028"}],"curies":[{"name":"wp","href":"https:\/\/api.w.org\/{rel}","templated":true}]}}