{"id":2033,"date":"2012-06-18T15:26:45","date_gmt":"2012-06-18T13:26:45","guid":{"rendered":"http:\/\/www.ladislavjakl.cz\/?p=2033"},"modified":"2012-06-19T13:43:02","modified_gmt":"2012-06-19T11:43:02","slug":"ostrihame-jakla","status":"publish","type":"post","link":"https:\/\/www.ladislavjakl.cz\/?p=2033","title":{"rendered":"Ost\u0159\u00edh\u00e1me Jakla?"},"content":{"rendered":"<p>Z e-mailov\u00e9 korespondence L. J. ze dne 18. \u010dervna 2012:<\/p>\n<p><!--more-->P\u011bkn\u00fd den p\u0159eji, gratuluji k nominaci na prezidenta.<br \/>\nJsem \u010dlenem Svobodn\u00fdch a byl jsem na v\u010derej\u0161\u00edm sjezdu. Va\u0161i kandidaturu doporu\u010duji sv\u00fdm zn\u00e1m\u00fdm a p\u0159\u00e1tel\u016fm, ale: Fand\u00ed V\u00e1m, ale vzhledem k tomu, \u017ee to jsou konservativn\u00ed lid\u00e9, kladou m\u011b ot\u00e1zku, na kterou nedovedu odpov\u011bd\u011bt. R\u00e1d bych, kdybyste m\u011b s t\u00edm pomohl. Jste v p\u0159\u00edpad\u011b \u00fasp\u011bchu ochoten upravit sv\u016fj vzhled tak, aby byl hezk\u00fd\u00a0 nap\u0159. i na zn\u00e1mk\u00e1ch a obrazech ve t\u0159\u00edd\u00e1ch? <img loading=\"lazy\" decoding=\"async\" title=\":-)\" src=\"https:\/\/email.seznam.cz\/img\/smile\/5.gif\" alt=\":-)\" width=\"15\" height=\"15\" \/> Pro mn\u011b to je trochu probl\u00e9m: lidsk\u00e1 svoboda x n\u011bco ob\u011btovat pro obecn\u00e9 dobr\u00e9 <img loading=\"lazy\" decoding=\"async\" title=\":-)\" src=\"https:\/\/email.seznam.cz\/img\/smile\/5.gif\" alt=\":-)\" width=\"15\" height=\"15\" \/> Tento probl\u00e9m nen\u00ed nov\u00fd, u\u017e prof.Kn\u00ed\u017e\u00e1k se s n\u00edm nepopral uspokojiv\u011b. D\u011bkuji za odpov\u011b\u010f. P\u0159eji V\u00e1m \u00fasp\u011bch.<br \/>\nS pozdravem<br \/>\nJ. S.<\/p>\n<p>Dobr\u00fd den.<br \/>\nCo mysl\u00edte &#8222;\u00fapravou vzhledu&#8220;? Jestli ost\u0159\u00edh\u00e1n\u00ed, pak to o\u010dek\u00e1vat asi nelze. Za posledn\u00edch 40 let jsem byl tis\u00edckr\u00e1t postaven p\u0159ed volbu: ost\u0159\u00edhat se &#8211; z\u00edskat v\u00fdhodu, neost\u0159\u00edhat se &#8211; z\u00edskat nev\u00fdhodu. Mnohokr\u00e1t jsem na to doplatil, ale i d\u00edky tomuto postoji jsem takov\u00fd, jak\u00fd jsem. I d\u00edky tomu ch\u00e1pu svobodu nejen jako vlastn\u00ed osvobozen\u00ed, ale jako hodnotu, kterou je nutno\u00a0 p\u0159\u00e1t i druh\u00fdm. Jestli t\u00edm mysl\u00edte n\u011bco jin\u00e9ho, pak moc nech\u00e1pu. M\u00e9 obleky i ko\u0161ile jsou kvalitn\u00ed a \u010dist\u00e9, nekouk\u00e1 mi z kalhot t\u00edlko, nenos\u00edm \u0161pinav\u00e9 boty. A ve sv\u00e9m voln\u00e9m \u010dase si &#8211; mysl\u00edm &#8211; zaslou\u017e\u00edm stejn\u00e9 pochopen\u00ed jako t\u0159eba ti, co hraj\u00ed o v\u00edkendech fobal, koupou se, nebo t\u0159eba lezou po skal\u00e1ch. V\u00edte, on ten konzervativn\u00ed p\u0159\u00edstup k \u017eivotu m\u00e1 mo\u017en\u00e1 jin\u00e9, ne\u017e jen ty povrchn\u00ed\u00a0 projevy.<\/p>\n<p>D\u011bkuji za V\u00e1\u0161 dotaz i projev podpory.<br \/>\nZdrav\u00ed L. Jakl<\/p>\n","protected":false},"excerpt":{"rendered":"<p>Z e-mailov\u00e9 korespondence L. J. ze dne 18. \u010dervna 2012:<\/p>\n","protected":false},"author":1,"featured_media":0,"comment_status":"open","ping_status":"open","sticky":false,"template":"","format":"standard","meta":{"ngg_post_thumbnail":0,"footnotes":""},"categories":[17],"tags":[],"class_list":["post-2033","post","type-post","status-publish","format-standard","hentry","category-jakl-president"],"_links":{"self":[{"href":"https:\/\/www.ladislavjakl.cz\/index.php?rest_route=\/wp\/v2\/posts\/2033","targetHints":{"allow":["GET"]}}],"collection":[{"href":"https:\/\/www.ladislavjakl.cz\/index.php?rest_route=\/wp\/v2\/posts"}],"about":[{"href":"https:\/\/www.ladislavjakl.cz\/index.php?rest_route=\/wp\/v2\/types\/post"}],"author":[{"embeddable":true,"href":"https:\/\/www.ladislavjakl.cz\/index.php?rest_route=\/wp\/v2\/users\/1"}],"replies":[{"embeddable":true,"href":"https:\/\/www.ladislavjakl.cz\/index.php?rest_route=%2Fwp%2Fv2%2Fcomments&post=2033"}],"version-history":[{"count":2,"href":"https:\/\/www.ladislavjakl.cz\/index.php?rest_route=\/wp\/v2\/posts\/2033\/revisions"}],"predecessor-version":[{"id":2048,"href":"https:\/\/www.ladislavjakl.cz\/index.php?rest_route=\/wp\/v2\/posts\/2033\/revisions\/2048"}],"wp:attachment":[{"href":"https:\/\/www.ladislavjakl.cz\/index.php?rest_route=%2Fwp%2Fv2%2Fmedia&parent=2033"}],"wp:term":[{"taxonomy":"category","embeddable":true,"href":"https:\/\/www.ladislavjakl.cz\/index.php?rest_route=%2Fwp%2Fv2%2Fcategories&post=2033"},{"taxonomy":"post_tag","embeddable":true,"href":"https:\/\/www.ladislavjakl.cz\/index.php?rest_route=%2Fwp%2Fv2%2Ftags&post=2033"}],"curies":[{"name":"wp","href":"https:\/\/api.w.org\/{rel}","templated":true}]}}