{"id":2035,"date":"2012-06-18T11:43:01","date_gmt":"2012-06-18T09:43:01","guid":{"rendered":"http:\/\/www.ladislavjakl.cz\/?p=2035"},"modified":"2012-06-19T11:44:53","modified_gmt":"2012-06-19T09:44:53","slug":"pivo-na-hrad","status":"publish","type":"post","link":"https:\/\/www.ladislavjakl.cz\/?p=2035","title":{"rendered":"Pivo na Hrad!"},"content":{"rendered":"<p>Nejkr\u00e1sn\u011bj\u0161\u00ed \u010desk\u00fd festival mikropivovar\u016f, konan\u00fd v zahrad\u00e1ch Pra\u017esk\u00e9ho hradu ve dnech 15. &#8211; 16. \u010dervna, nav\u0161t\u00edvili sou\u010dasn\u00fd i budouc\u00ed prezident \u010cesk\u00e9 republiky. Hostitelem byl tak\u00e9 prezident: Jan \u0160ur\u00e1\u0148, prezident Svazu \u010deskomoravsk\u00fdch minipivovar\u016f.<\/p>\n<p><!--more--><\/p>\nngg_shortcode_0_placeholder\n","protected":false},"excerpt":{"rendered":"<p>Nejkr\u00e1sn\u011bj\u0161\u00ed \u010desk\u00fd festival mikropivovar\u016f, konan\u00fd v zahrad\u00e1ch Pra\u017esk\u00e9ho hradu ve dnech 15. &#8211; 16. \u010dervna, nav\u0161t\u00edvili sou\u010dasn\u00fd i budouc\u00ed prezident \u010cesk\u00e9 republiky. Hostitelem byl tak\u00e9 prezident: Jan \u0160ur\u00e1\u0148, prezident Svazu \u010deskomoravsk\u00fdch minipivovar\u016f.<\/p>\n","protected":false},"author":1,"featured_media":0,"comment_status":"open","ping_status":"open","sticky":false,"template":"","format":"standard","meta":{"ngg_post_thumbnail":0,"footnotes":""},"categories":[11],"tags":[],"class_list":["post-2035","post","type-post","status-publish","format-standard","hentry","category-ozvena"],"_links":{"self":[{"href":"https:\/\/www.ladislavjakl.cz\/index.php?rest_route=\/wp\/v2\/posts\/2035","targetHints":{"allow":["GET"]}}],"collection":[{"href":"https:\/\/www.ladislavjakl.cz\/index.php?rest_route=\/wp\/v2\/posts"}],"about":[{"href":"https:\/\/www.ladislavjakl.cz\/index.php?rest_route=\/wp\/v2\/types\/post"}],"author":[{"embeddable":true,"href":"https:\/\/www.ladislavjakl.cz\/index.php?rest_route=\/wp\/v2\/users\/1"}],"replies":[{"embeddable":true,"href":"https:\/\/www.ladislavjakl.cz\/index.php?rest_route=%2Fwp%2Fv2%2Fcomments&post=2035"}],"version-history":[{"count":5,"href":"https:\/\/www.ladislavjakl.cz\/index.php?rest_route=\/wp\/v2\/posts\/2035\/revisions"}],"predecessor-version":[{"id":2046,"href":"https:\/\/www.ladislavjakl.cz\/index.php?rest_route=\/wp\/v2\/posts\/2035\/revisions\/2046"}],"wp:attachment":[{"href":"https:\/\/www.ladislavjakl.cz\/index.php?rest_route=%2Fwp%2Fv2%2Fmedia&parent=2035"}],"wp:term":[{"taxonomy":"category","embeddable":true,"href":"https:\/\/www.ladislavjakl.cz\/index.php?rest_route=%2Fwp%2Fv2%2Fcategories&post=2035"},{"taxonomy":"post_tag","embeddable":true,"href":"https:\/\/www.ladislavjakl.cz\/index.php?rest_route=%2Fwp%2Fv2%2Ftags&post=2035"}],"curies":[{"name":"wp","href":"https:\/\/api.w.org\/{rel}","templated":true}]}}