{"id":2036,"date":"2012-07-16T11:29:20","date_gmt":"2012-07-16T09:29:20","guid":{"rendered":"http:\/\/www.ladislavjakl.cz\/?p=2036"},"modified":"2012-10-30T15:17:46","modified_gmt":"2012-10-30T14:17:46","slug":"petice-svobodnych-pro-ladislava-jakla","status":"publish","type":"post","link":"https:\/\/www.ladislavjakl.cz\/?p=2036","title":{"rendered":"Svobodn\u00ed podporuj\u00ed Ladislava Jakla"},"content":{"rendered":"<p><a href=\"https:\/\/www.ladislavjakl.cz\/wp-content\/uploads\/2012\/06\/mach-foto-2009.jpg\"><img loading=\"lazy\" decoding=\"async\" class=\"size-medium wp-image-2038  alignleft\" title=\"Petr Mach\" src=\"https:\/\/www.ladislavjakl.cz\/wp-content\/uploads\/2012\/06\/mach-foto-2009-264x148.jpg\" alt=\"Petr Mach\" width=\"181\" height=\"101\" srcset=\"https:\/\/www.ladislavjakl.cz\/wp-content\/uploads\/2012\/06\/mach-foto-2009-264x148.jpg 264w, https:\/\/www.ladislavjakl.cz\/wp-content\/uploads\/2012\/06\/mach-foto-2009.jpg 600w\" sizes=\"auto, (max-width: 181px) 100vw, 181px\" \/><\/a>Ve stranick\u00fdch prim\u00e1rk\u00e1ch Strany svobodn\u00fdch ob\u010dan\u016f podpo\u0159ilo kandidaturu  Ladislava Jakla na prezidenta republiky 88 % hlasuj\u00edc\u00edch. Hlasov\u00e1n\u00ed se  z\u00fa\u010dastnila t\u0159etina z v\u00edce ne\u017e 1200 \u010dlen\u016f a p\u0159\u00edznivc\u016f strany.<\/p>\n<p><!--more--><\/p>\n<p>Svobodn\u00ed  nyn\u00ed zahajuj\u00ed sb\u011br 50 000 podpis\u016f, kter\u00e9 jsou pot\u0159ebn\u00e9 k nominaci  kandid\u00e1ta do chystan\u00fdch voleb, v nich\u017e budou vyb\u00edrat p\u0159\u00ed\u0161t\u00edho prezidenta  v\u0161ichni ob\u010dan\u00e9.<\/p>\n<p><strong>Peti\u010dn\u00ed arch je ke sta\u017een\u00ed zde: <a href=\"http:\/\/www.svobodni.cz\/files\/docs\/petice-jakl.pdf\" target=\"_blank\">PETICE<\/a><\/strong><\/p>\n<p>Ladislav Jakl, rocker &#8211; zp\u011bv\u00e1k ve skupin\u011b Folimanka Blues, je b\u00fdval\u00fd   novin\u00e1\u0159 (absolvent Fakulty \u017eurnalistiky na Univerzit\u011b Karlov\u011b) a   n\u011bkdej\u0161\u00ed poslanec \u010cesk\u00e9 n\u00e1rodn\u00ed rady. V sou\u010dasnosti p\u016fsob\u00ed jako tajemn\u00edk   prezidenta V\u00e1clava Klause.<\/p>\n<p><a href=\"http:\/\/www.youtube.com\/watch?v=CnT_wt8Tt_g\" target=\"_blank\">Projev Ladislava Jakla na sn\u011bmu Svobodn\u00fdch 17.6.2012.<\/a><\/p>\n<p><a href=\"https:\/\/www.svobodni.cz\/files\/docs\/foto-jakl.gif\" target=\"_blank\">Fotografie Ladislava Jakla<\/a> <em>(pravou my\u0161\u00ed -&gt; Otev\u0159\u00edt odkaz v nov\u00e9m okn\u011b)<\/em><\/p>\n<p>Strana svobodn\u00fdch ob\u010dan\u016f vyz\u00fdv\u00e1 p\u0159\u00edznivce kandidatury Ladislava Jakla  ke shrom\u00e1\u017ed\u011bn\u00ed podpis\u016f pod petici a zasl\u00e1n\u00ed petice na adresu strany  (oby\u010dejnou po\u0161tou &#8211; ne doporu\u010den\u011b).<\/p>\n<p>&#8222;<em>V\u011b\u0159\u00edm, \u017ee ka\u017ed\u00fd \u010dlen a p\u0159\u00edznivec Svobodn\u00fdch zajist\u00ed podpisy sv\u00fdch  p\u0159\u00e1tel, koleg\u016f, \u010dlen\u016f rodiny&#8230; S\u00e1m budu tak\u00e9 sb\u00edrat a listiny budu m\u00edt  neust\u00e1le p\u0159i sob\u011b, abych mohl kdykoliv po\u017e\u00e1dat lidi o podpis. Spol\u00e9h\u00e1me i  na pomoc podporovatel\u016f, kte\u0159\u00ed nejsou zaregistrov\u00e1ni jako p\u0159\u00edznivci,<\/em>&#8220; uvedl p\u0159edseda Svobodn\u00fdch Petr Mach.<\/p>\n<p>&#8222;<em>Voli\u010di maj\u00ed m\u00edt skute\u010dn\u00fd v\u00fdb\u011br. Pokud budou v\u0161ichni ostatn\u00ed  kandid\u00e1ti h\u00e1jit vysok\u00e9 dan\u011b, zadlu\u017eov\u00e1n\u00ed st\u00e1tu a schvalov\u00e1n\u00ed bruselsk\u00fdch  smluv, chceme m\u00edt proti nim kandid\u00e1ta, kter\u00fd bude zastn\u00e1ncem svobody  \u010dlov\u011bka a odp\u016frcem jej\u00edho neust\u00e1l\u00e9ho okle\u0161\u0165ov\u00e1n\u00ed, a\u0165 <em>rukou na\u0161ich z\u00e1konod\u00e1rc\u016f<\/em> \u010di tlakem mezin\u00e1rodn\u00ed organizac\u00ed. Proto jsme vybrali pro prezidentskou  volbu Ladislava Jakla. Nedovedu si p\u0159edstavit, pro koho bychom pak  hlasovali ve skute\u010dn\u00fdch volb\u00e1ch, kdyby zde takov\u00fd kandid\u00e1t nebyl. Jakl  bude ur\u010dit\u011b jedinou volbou i pro mnoho voli\u010d\u016f, kte\u0159\u00ed dosud volili\u00a0ODS.<\/em>&#8220;<\/p>\n<p>Petr Mach<br \/>\np\u0159edseda<br \/>\n<a href=\"http:\/\/www.svobodni.cz\" target=\"_blank\">www.svobodni.cz<\/a><\/p>\n<p><strong><strong>Seznam m\u00edst, kde je mo\u017en\u00e9 podepsat petici:<\/strong><\/strong><br \/>\n(<span>Nab\u00eddku dal\u0161\u00edch m\u00edst sm\u011b\u0159ujte na mach@svobodni.cz (Petr Mach<\/span>))<\/p>\n<p><strong>Praha: <\/strong><\/p>\n<p style=\"margin-left: 40px;\"><strong>Praha 6: <\/strong>Divers Direct spol. s r.o.\u00a0, \u010cs.Arm\u00e1dy 13,\u00a0 po-p\u00e1 11-19h (<a href=\"http:\/\/www.divers.cz\/potapeni\/contact\">http:\/\/www.divers.cz\/potapeni\/contact<\/a> )<\/p>\n<p style=\"margin-left: 40px;\"><strong>Spo\u0159ilov: <\/strong>Prvn\u00ed Pivn\u00ed Tramway, Na Chodovci, kone\u010dn\u00e1 tram. \u010d. 11, 14-24 h<\/p>\n<p style=\"margin-left: 40px;\"><strong>Mal\u00e1 Strana: <\/strong>Terasa u Zlat\u00e9 studn\u011b, U Zlat\u00e9 studn\u011b 4<\/p>\n<p style=\"margin-left: 40px;\"><strong>Star\u00e9 M\u011bsto: <\/strong>pivovar U t\u0159\u00ed r\u016f\u017e\u00ed, Husova 10<\/p>\n<p style=\"margin-left: 40px;\"><strong>Praha 2: <\/strong>Restaurant Magister Kelley, Rejskova 3<\/p>\n<p style=\"margin-left: 40px;\"><strong>Nov\u00e9 M\u011bsto: <\/strong>The One Wellness club, Masarykovo n\u00e1b\u0159e\u017e\u00ed 12 (ka\u017ed\u00fd den 8h-15h, 19h-21h)<\/p>\n<p style=\"margin-left: 40px;\"><strong>Hole\u0161ovice: <\/strong>Kancelarsky nabytek M1, s. r. o., U pruhonu c.p.523\/6, PO-SO 10:00-20:00<\/p>\n<p style=\"margin-left: 40px;\"><strong>Hloub\u011bt\u00edn Metro B<\/strong>:<strong> <\/strong>trafika ve vestibulu metra &#8222;B&#8220;, Praha 9 &#8211; Podepsat mo\u017eno v pracovn\u00ed den od 6:00 do 19:00 hod<\/p>\n<p><strong>St\u0159edo\u010desk\u00fd kraj:<\/strong><\/p>\n<p style=\"margin-left: 40px;\"><strong>M\u011bln\u00edk: <\/strong>bar Cihelna, Nov\u00e1 209 ( Lidov\u00fd d\u016fm) od 18.00<strong> <\/strong><\/p>\n<p style=\"margin-left: 40px;\"><strong>M\u011bln\u00edk: <\/strong>Kav\u00e1rna \u017delva, Ostruhov\u00e1 58<\/p>\n<p style=\"margin-left: 40px;\"><strong>Kol\u00edn I.: <\/strong>Bazar u radnice, Kov\u00e1\u0159sk\u00e1 84, PaedDr. Marie Kohoutkov\u00e1<\/p>\n<p style=\"margin-left: 40px;\"><strong>P\u0159\u00edbram: <\/strong>Ovoce-zelenina, Edvarda Bene\u0161e \u010d.p. 321, P\u0159\u00edbram VII (od 2.7., po-p\u00e1 8:00-17:00, so 8:00-12:00)<\/p>\n<p><strong>Jiho\u010desk\u00fd kraj:<\/strong><\/p>\n<p style=\"margin-left: 40px;\"><strong><strong>Strmilov, <\/strong><\/strong>n\u00e1m\u011bst\u00ed 6, okr. Jind\u0159ich\u016fv Hradec, Irena Steinhauserov\u00e1<strong><strong> <\/strong><\/strong><\/p>\n<p style=\"margin-left: 40px;\"><strong><strong>\u010cesk\u00e9 Bud\u011bjovice:<\/strong> <\/strong>Caf\u00e9 Klub Slavie, Jirs\u00edkova 2 (Kulturn\u00ed d\u016fm Slavie, b\u00fdval\u00e1 restaurace) &#8211; 19:00 do 23:00<\/p>\n<p style=\"margin-left: 40px;\"><strong>\u010cesk\u00e9 Bud\u011bjovice:<\/strong> Kontakt servis CZ s.r.o., realitn\u00ed kancel\u00e1\u0159, Pra\u017esk\u00e1 563\/99 , ( 1.patro &#8211; recepce ), 8,15 hod &#8211; 16,15 hod<\/p>\n<p style=\"margin-left: 40px;\"><strong>T\u00e1bor: <\/strong>internetov\u00fd obchod Alemat.cz, Smetanova 686, T\u00e1bor, 390 02 (otev\u00edrac\u00ed doba po-p\u00e1 10-16hod)<\/p>\n<p><strong>Zl\u00ednsk\u00fd kraj:<\/strong><\/p>\n<p style=\"margin-left: 40px;\"><strong>Otrokovice: <\/strong>Tylova 1248 &#8211; kancel\u00e1\u0159 Reme\u0161 reality (t. 573 034 203, 728 915 925)<\/p>\n<p style=\"margin-left: 40px;\"><strong>Otrokovice:<\/strong> Hlo\u017ekova 394 &#8211; cestovn\u00ed agentura HBN (t. 577 922 338, 603 526 417)<\/p>\n<p style=\"margin-left: 40px;\"><strong>Uhersk\u00e9 hradi\u0161t\u011b:<\/strong> Recepce hotelu GRAND, Palack\u00e9ho n\u00e1m\u011bst\u00ed 349<\/p>\n<p><strong>Jihomoravsk\u00fd kraj:<\/strong><\/p>\n<p style=\"margin-left: 40px;\"><strong>Brno &#8211;<\/strong> Vegetari\u00e1nsk\u00e1 restaurace Avat\u00e1r, Mendlovo n\u00e1m\u011bst\u00ed 10, <a href=\"wlmailhtml:%7B92D5B3BD-9A8B-4263-ABA4-94DD757BB8FE%7Dmid:\/\/00000601\/%21x-usc:http:\/\/www.avatarbrno.blogspot.com\/\">www.AVATARBRNO.BLOGSPOT.com<\/a><\/p>\n<p style=\"margin-left: 40px;\"><strong>Brno &#8211; \u017dabov\u0159esky: <\/strong>Kancel\u00e1\u0159 MIDGARD Networks s.r.o., Veve\u0159\u00ed 2581\/102, 3. patro, dve\u0159e 358, pracovn\u00ed dny 9.00 &#8211; 16.00<\/p>\n<p style=\"margin-left: 40px;\"><strong>Nosislav:<\/strong> Restaurace P\u00e1lava, Komensk\u00e9ho 449, p\u00e1 17 &#8211; 22 hod, so, ne 12 &#8211; 22 hod.<\/p>\n<p><strong>Kr\u00e1lov\u00e9hradeck\u00fd kraj:<\/strong><\/p>\n<p style=\"margin-left: 40px;\"><strong><strong>N\u00e1chod:<\/strong><\/strong> Prodejna Sv\u00e1\u0159ec\u00ed a vzduchov\u00e1 technika, Plhovsk\u00e9 n\u00e1m\u011bst\u00ed<\/p>\n<p style=\"margin-left: 40px;\"><strong>Kleny (okres N\u00e1chod): <\/strong>Motel Edison, Kleny 46, <a href=\"http:\/\/www.moteledison.com\/\">www.moteledison.com<\/a><\/p>\n<p style=\"margin-left: 40px;\"><strong>T\u00fdni\u0161t\u011b nad Orlic\u00ed:<\/strong> Condec spol. s r.o., Petrovice nad Orlic\u00ed 15 (b\u00fdval\u00fd konzum), pracovn\u00ed doba 7.00-15.00<\/p>\n<p style=\"margin-left: 40px;\"><strong>Nov\u00fd Byd\u017eov: <\/strong>Prodejna v\u00fdpo\u010detn\u00ed techniky EO Computers (<a href=\"wlmailhtml:%7B92D5B3BD-9A8B-4263-ABA4-94DD757BB8FE%7Dmid:\/\/00000497\/%21x-usc:http:\/\/www.eo.cz\/\">www.eo.cz<\/a>),\u00a0V. Kl. Klicpery 715, Otev\u00edrac\u00ed doba 9-17 hod, v p\u00e1tek do 15 hod.<strong> <\/strong><\/p>\n<p style=\"margin-left: 40px;\"><strong>Hradec Kr\u00e1lov\u00e9: <\/strong>LH Reality, \u010ceskoslovensk\u00e9 arm\u00e1dy 339<\/p>\n<p style=\"margin-left: 40px;\"><strong>Hradec Kr\u00e1lov\u00e9:<\/strong> Hobby &#8211; AVS, Nerudova 135<\/p>\n<p><strong>Pardubick\u00fd kraj:<\/strong><\/p>\n<p style=\"margin-left: 40px;\"><strong>Chrudim: <\/strong>Alkoobchod.cz, \u010cs. partyz\u00e1n\u016f 22, Chrudim<\/p>\n<p style=\"margin-left: 40px;\"><strong>\u017damberk: <\/strong>Divadeln\u00ed kav\u00e1rna a restaurace Mathys\u00b4s, N\u00e1dra\u017en\u00ed 39, po-p\u00e1 11-22h (od 8.10. na po\u017e\u00e1d\u00e1n\u00ed u obsluhy)<\/p>\n<p style=\"margin-left: 40px;\"><strong>Trst\u011bnice u Litomy\u0161le 186: <\/strong>RCobchod &#8211; b\u00fdval\u00fd hostinec vedle jednoty &#8211; otev\u00edrac\u00ed doba 10-15:00 lep\u0161\u00ed ale zavolat na 733521359<\/p>\n<p style=\"margin-left: 40px;\"><strong>Pardubice:<\/strong> prodejna v\u00fdpo\u010detn\u00ed techniky, COMPUTIQUE &#8211; Ing. Zden\u011bk P\u0159ikryl, 17. listopadu 258 (u podjezdu), Po-P\u00e1 8:30-18:00<\/p>\n<p><strong>Olomouck\u00fd kraj:<\/strong><\/p>\n<p style=\"margin-left: 40px;\"><strong><strong><strong>Prost\u011bjov: <\/strong><\/strong><\/strong>FOTBAL SPORT SK\u00c1CEL, Slezsk\u00e1 2055\/11<\/p>\n<p style=\"margin-left: 40px;\"><strong><strong><strong>Olomouc: <\/strong><\/strong><\/strong>HORTEZ, Ostru\u017enick\u00e1 10<\/p>\n<p style=\"margin-left: 40px;\"><strong><strong>Olomouc:<\/strong><\/strong> M.K. kv\u011btiny, n\u00e1m. Republiky 2 (objekt po\u0161ty, vchod z Mari\u00e1nsk\u00e9 ul.)<\/p>\n<p style=\"margin-left: 40px;\"><strong>Olomouc:<\/strong> Institut zdrav\u00ed a kr\u00e1sy (2 poschod\u00ed), ul. 28. \u0159\u00edjna \u010d. 11<\/p>\n<p style=\"margin-left: 40px;\"><strong>Olomouc: <\/strong>Opravna obuvi Petra (p\u0159\u00edzem\u00ed), ul. 28. \u0159\u00edjna \u010d. 2<\/p>\n<p style=\"margin-left: 40px;\"><strong>Z\u00e1b\u0159eh na Morav\u011b:<\/strong> Prodejn\u00ed sklad emco, Havl\u00ed\u010dkova 29 (b\u00fdval\u00e9 OSP)<\/p>\n<p><strong>Moravskoslezsk\u00fd kraj: <\/strong><\/p>\n<p style=\"margin-left: 40px;\"><strong>Kop\u0159ivnice: <\/strong>auto\u0161kola Pavel Farda &#8211; 10.patro budovy m\u011bstsk\u00e9ho \u00fa\u0159adu &#8211; ka\u017edou st\u0159edu: \u00a016h &#8211; 18h<\/p>\n<p style=\"margin-left: 40px;\"><strong>Nov\u00fd Ji\u010d\u00edn: <\/strong>penzion \u00a0&#8222;U Zvonu&#8220; (od tr\u017enice po schodech dol\u016f) &#8211; v pracovn\u00ed dny: \u00a015h &#8211; 21h<\/p>\n<p style=\"margin-left: 40px;\"><strong>Ostrava-Kun\u010di\u010dky: <\/strong>firma Ji\u0159\u00ed Duda &#8211; kanalizace Rajnochova 673\/213\u00a0, pracovn\u00ed dny od 7:00-15:30<\/p>\n<p style=\"margin-left: 40px;\"><strong>\u010celadn\u00e1: <\/strong>\u010celadn\u00e1 371 \u2013 Z\u00e1me\u010dek<\/p>\n<p style=\"margin-left: 40px;\"><strong>Fren\u0161t\u00e1t pod Radho\u0161t\u011bm: <\/strong>Prodejna tab\u00e1ku, Horn\u00ed ul. 120<\/p>\n<p style=\"margin-left: 40px;\"><strong>P\u0159\u00edbor:<\/strong> V\u00ednorestaurant Terra Libera, \u0160trambersk\u00e1 1452<\/p>\n<p style=\"margin-left: 40px;\"><strong>Fr\u00fddek-M\u00edstek &#8211; Chlebovice:<\/strong> \u010derpac\u00ed stanice<\/p>\n<p><strong>Karlovarsk\u00fd kraj: <\/strong><\/p>\n<p style=\"margin-left: 40px;\"><strong>Sokolov: <\/strong>Trafika ve vestibulu obchodn\u00edho domu Ural, n\u00e1m\u011bst\u00ed Budovatel\u016f 1927, Po &#8211; P\u00e1 6 &#8211; 18 hodin, so: 7-12h<strong> <\/strong><\/p>\n<p style=\"margin-left: 40px;\"><strong>Cheb:<\/strong> Komtech, K nemocnici 2, pond\u011bl\u00ed &#8211; p\u00e1tek 10-16 h.<\/p>\n<p style=\"margin-left: 40px;\"><strong>Cheb:<\/strong> Broker Consulting, \u0160koln\u00ed ul. (naproti parkovi\u0161ti hotelu Hv\u011bzda), pond\u011bl\u00ed a\u017e \u010dtvrtek 9-12, 13-17 h., p\u00e1tek 9-12 h<\/p>\n<p><strong>\u00dasteck\u00fd kraj: <\/strong><\/p>\n<p style=\"margin-left: 40px;\"><strong>Litv\u00ednov: <\/strong>Auto\u0161kola Bittner, Galerie, 9. kv\u011btna 26, Litv\u00ednov, pond\u011bl\u00ed 9-18, st\u0159eda 13-16:30<\/p>\n<p style=\"margin-left: 40px;\"><strong>Duchcov: <\/strong>\u010derpac\u00ed stanice EuroOil, Teplick\u00e1 1481, Duchcov<strong> <\/strong><\/p>\n<p style=\"margin-left: 40px;\"><strong>Chomutov:<\/strong> Podlah\u00e1\u0159stv\u00ed SAIMM &#8211; podlahy a dve\u0159e, Husova 2983\/77<\/p>\n<p style=\"margin-left: 40px;\"><strong>D\u011b\u010d\u00edn:<\/strong> Riegrova 13 (obchod\/bar)<\/p>\n<p><strong>Libereck\u00fd kraj: <\/strong><\/p>\n<p style=\"margin-left: 40px;\"><strong>Liberec:<\/strong> <span>Ramon Communications, Tanvaldsk\u00e1 40, Liberec 30 (po-p\u00e1 9:00-17:00)<\/span><\/p>\n<p style=\"margin-left: 40px;\"><strong>Liberec:<\/strong> klub U V\u00e1chy, Harcovsk\u00e9 koleje (16:00-24:00)<\/p>\n<p><strong>Plze\u0148sk\u00fd kraj:<\/strong><\/p>\n<p style=\"margin-left: 40px;\"><strong>Trhanov (okres Doma\u017elice): <\/strong>Penzion Restaurant Hamr &#8211; po-ne 15-20 (rad\u011bji kontaktovat p\u0159edem &#8211; V\u00e1clav \u017d\u00e1k <a href=\"mailto:wena.zak@gmail.com\">wena.zak@gmail.com<\/a>)<\/p>\n<p style=\"margin-left: 40px;\"><strong>Plze\u0148 &#8211; Roudn\u00e1: <\/strong>Vlasov\u00e9 studio GIOIA, Na Roudn\u00e9 11, Po &#8211; P\u00e1: 9.00 &#8211; 17.00 (<a href=\"http:\/\/www.helenastylist.com\">http:\/\/www.helenastylist.com<\/a>)<\/p>\n<p style=\"margin-left: 40px;\"><strong>Plze\u0148: <\/strong>Comfor Stores &#8211; OC Olympia, P\u00edseck\u00e1 1, po-ne 9-21(rad\u011bji kontaktovat p\u0159edem &#8211; V\u00e1clav \u017d\u00e1k <a href=\"mailto:wena.zak@gmail.com\">wena.zak@gmail.com)<\/a><\/p>\n<p style=\"margin-left: 40px;\"><strong>Plze\u0148:<\/strong> PROFITSPORT &#8211; n\u00e1m\u011bst\u00ed T. G. Masaryka 25, (Po, St, \u010ct 8-21h, \u00dat, P\u00e1 7-21h, So 9-13h, Ne 16-20h) &#8211; <a href=\"wlmailhtml:%7B92D5B3BD-9A8B-4263-ABA4-94DD757BB8FE%7Dmid:\/\/00000204\/%21x-usc:http:\/\/www.cviceni-plzen.cz\/kontakt\/\">http:\/\/www.cviceni-plzen.cz\/kontakt\/<\/a><\/p>\n<p><strong>kraj Vyso\u010dina:<\/strong><\/p>\n<p style=\"margin-left: 40px;\"><strong>Jihlava: <\/strong>RM HOSP\u016eDKA &#8211; Stavba\u0159\u016f 41 (za hotelem Jihlava) &#8211; 16-24h<\/p>\n<p><strong><span>Nab\u00eddku dal\u0161\u00edch m\u00edst sm\u011b\u0159ujte na mach@svobodni.cz (Petr Mach)<\/span><\/strong><\/p>\n","protected":false},"excerpt":{"rendered":"<p>Ve stranick\u00fdch prim\u00e1rk\u00e1ch Strany svobodn\u00fdch ob\u010dan\u016f podpo\u0159ilo kandidaturu Ladislava Jakla na prezidenta republiky 88 % hlasuj\u00edc\u00edch. Hlasov\u00e1n\u00ed se z\u00fa\u010dastnila t\u0159etina z v\u00edce ne\u017e 1200 \u010dlen\u016f a p\u0159\u00edznivc\u016f strany.<\/p>\n","protected":false},"author":1,"featured_media":0,"comment_status":"open","ping_status":"open","sticky":false,"template":"","format":"standard","meta":{"ngg_post_thumbnail":0,"footnotes":""},"categories":[17],"tags":[],"class_list":["post-2036","post","type-post","status-publish","format-standard","hentry","category-jakl-president"],"_links":{"self":[{"href":"https:\/\/www.ladislavjakl.cz\/index.php?rest_route=\/wp\/v2\/posts\/2036","targetHints":{"allow":["GET"]}}],"collection":[{"href":"https:\/\/www.ladislavjakl.cz\/index.php?rest_route=\/wp\/v2\/posts"}],"about":[{"href":"https:\/\/www.ladislavjakl.cz\/index.php?rest_route=\/wp\/v2\/types\/post"}],"author":[{"embeddable":true,"href":"https:\/\/www.ladislavjakl.cz\/index.php?rest_route=\/wp\/v2\/users\/1"}],"replies":[{"embeddable":true,"href":"https:\/\/www.ladislavjakl.cz\/index.php?rest_route=%2Fwp%2Fv2%2Fcomments&post=2036"}],"version-history":[{"count":25,"href":"https:\/\/www.ladislavjakl.cz\/index.php?rest_route=\/wp\/v2\/posts\/2036\/revisions"}],"predecessor-version":[{"id":3015,"href":"https:\/\/www.ladislavjakl.cz\/index.php?rest_route=\/wp\/v2\/posts\/2036\/revisions\/3015"}],"wp:attachment":[{"href":"https:\/\/www.ladislavjakl.cz\/index.php?rest_route=%2Fwp%2Fv2%2Fmedia&parent=2036"}],"wp:term":[{"taxonomy":"category","embeddable":true,"href":"https:\/\/www.ladislavjakl.cz\/index.php?rest_route=%2Fwp%2Fv2%2Fcategories&post=2036"},{"taxonomy":"post_tag","embeddable":true,"href":"https:\/\/www.ladislavjakl.cz\/index.php?rest_route=%2Fwp%2Fv2%2Ftags&post=2036"}],"curies":[{"name":"wp","href":"https:\/\/api.w.org\/{rel}","templated":true}]}}