{"id":2049,"date":"2012-06-19T13:54:43","date_gmt":"2012-06-19T11:54:43","guid":{"rendered":"http:\/\/www.ladislavjakl.cz\/?p=2049"},"modified":"2012-06-19T13:54:43","modified_gmt":"2012-06-19T11:54:43","slug":"proc-ma-byt-ladislav-jakl-pristim-ceskym-prezidentem","status":"publish","type":"post","link":"https:\/\/www.ladislavjakl.cz\/?p=2049","title":{"rendered":"Pro\u010d m\u00e1 b\u00fdt Ladislav Jakl p\u0159\u00ed\u0161t\u00edm \u010desk\u00fdm prezidentem"},"content":{"rendered":"<p>P\u0159esv\u011bd\u010dovat \u010dten\u00e1\u0159e FreeGlobe.cz, \u017ee je t\u0159eba volit Ladislava Jakla do  prezidentsk\u00e9ho \u00fa\u0159adu, m\u016f\u017ee b\u00fdt t\u00e9m\u011b\u0159 no\u0161en\u00edm d\u0159\u00edv\u00ed do lesa. P\u0159esto  nap\u00ed\u0161i n\u00e1sleduj\u00edc\u00ed text. Pak je tedy ur\u010den sp\u00ed\u0161e pro v\u00e1haj\u00edc\u00edho voli\u010de  \u010di n\u00e1hodn\u00e9 \u010dten\u00e1\u0159e tohoto serveru.<\/p>\n<p><!--more-->Sta\u010dilo by napsat jednu v\u011btu: Ladislav Jakl jako jedin\u00fd z navr\u017een\u00fdch  kandid\u00e1t\u016f bude v\u017edy a v\u0161ude, za ka\u017ed\u00e9 okolnosti, h\u00e1jit z\u00e1jmy \u010desk\u00e9ho  st\u00e1tu. (A v souladu s realitou.) A basta. V\u00edc u\u017e ps\u00e1t net\u0159eba. Pro  n\u011bkoho jedna v\u011bta v\u0161ak m\u016f\u017ee b\u00fdt p\u0159ece jen nedostate\u010dn\u011b m\u00e1lo. Pak mi tedy  dovolte my\u0161lenku v\u00edce rozv\u00e9st.<\/p>\n<p>Za\u010dn\u011bme takto: Jak\u00e9 atributy mus\u00ed n\u00e9st p\u0159\u00ed\u0161t\u00ed \u010desk\u00fd prezident?  Nechceme-li m\u00edt na Hrad\u011b pouhou loutku v rukou mocn\u00fdch, chamele\u00f3na,  korouhvi\u010dku ve v\u011btru. P\u0159\u00ed\u0161t\u00ed \u010desk\u00fd prezident mus\u00ed b\u00fdt: Za prv\u00e9: Siln\u00e1  osobnost. Vzbuzuj\u00edc\u00ed p\u0159irozen\u00fd respekt. Za druh\u00e9: Osobnost s  kontinu\u00e1ln\u00edmi, konsistentn\u00edmu n\u00e1zory. To je obzvl\u00e1\u0161\u0165 d\u016fle\u017eit\u00e9. Mus\u00ed b\u00fdt  p\u0159ehledn\u00fd. Opravdov\u00fd. Za sv\u00fdmi n\u00e1zory si stoj\u00edc\u00ed \u2013 a za takov\u00fdmi n\u00e1zory,  kter\u00e9 je schopen kdykoli obh\u00e1jit. Za t\u0159et\u00ed: Z\u00e1jem na\u0161eho st\u00e1tu mus\u00ed m\u00edt  na prvn\u00ed p\u0159\u00ed\u010dce sv\u00e9ho (a jako prezident nejen pracovn\u00edho) \u017eeb\u0159\u00ed\u010dku.  Z\u016fsta\u0148me zat\u00edm u t\u011bchto prvn\u00edch t\u0159\u00ed. P\u0159i ot\u00e1zce: Nese v sob\u011b Ladislav  Jakl tyto atributy? Odpov\u011b\u010f jednozna\u010dn\u011b zn\u00ed: Ano.<\/p>\n<p>P\u0159i p\u0159ehl\u00e9dnut\u00ed seznamu ostatn\u00edch z\u00e1jemc\u016f o \u010desk\u00e9 prezidentov\u00e1n\u00ed (viz  tabulka v textu:  http:\/\/freeglobe.parlamentnilisty.cz\/Articles\/1865-jakl-4-president-.aspx)  \u010dlov\u011bk nev\u00ed, m\u00e1-li bre\u010det nebo se s ho\u0159kost\u00ed zasm\u00e1t. Globalist\u00e9,  zahrani\u010dn\u00ed finan\u010dn\u00ed elity, nasadili sv\u00e9 kon\u011b. Je prakticky jedno, kdo z  nich vyhraje. Jeden jak druh\u00fd jim bude (krom\u011b snad je\u0161t\u011b jedn\u00e9) poslu\u0161n\u011b  zobat z ruky. \u010cesk\u00fd ob\u010dan-neob\u010dan. Komu o toho z nich jde.<\/p>\n<p>M\u00e1 volba je tak naprosto jednozna\u010dn\u00e1. A j\u00e1 v\u011b\u0159\u00edm, \u017ee nakonec i v\u011bt\u0161iny  \u010desk\u00fdch voli\u010d\u016f. V\u017edy\u0165 p\u0159ece u\u017e mus\u00ed jednou p\u0159ij\u00edt ten den, kdy se n\u00e1m,  na\u0161emu n\u00e1rodu, otev\u0159ou o\u010di. No ne?<\/p>\n<p><a href=\"http:\/\/freeglobe.parlamentnilisty.cz\/Articles\/1886-proc-ma-byt-ladislav-jakl-pristim-ceskym-prezidentem.aspx\" target=\"_blank\">Zdroj<\/a><\/p>\n","protected":false},"excerpt":{"rendered":"<p>P\u0159esv\u011bd\u010dovat \u010dten\u00e1\u0159e FreeGlobe.cz, \u017ee je t\u0159eba volit Ladislava Jakla do prezidentsk\u00e9ho \u00fa\u0159adu, m\u016f\u017ee b\u00fdt t\u00e9m\u011b\u0159 no\u0161en\u00edm d\u0159\u00edv\u00ed do lesa. P\u0159esto nap\u00ed\u0161i n\u00e1sleduj\u00edc\u00ed text. Pak je tedy ur\u010den sp\u00ed\u0161e pro v\u00e1haj\u00edc\u00edho voli\u010de \u010di n\u00e1hodn\u00e9 \u010dten\u00e1\u0159e tohoto serveru.<\/p>\n","protected":false},"author":1,"featured_media":0,"comment_status":"open","ping_status":"open","sticky":false,"template":"","format":"standard","meta":{"ngg_post_thumbnail":0,"footnotes":""},"categories":[17],"tags":[],"class_list":["post-2049","post","type-post","status-publish","format-standard","hentry","category-jakl-president"],"_links":{"self":[{"href":"https:\/\/www.ladislavjakl.cz\/index.php?rest_route=\/wp\/v2\/posts\/2049","targetHints":{"allow":["GET"]}}],"collection":[{"href":"https:\/\/www.ladislavjakl.cz\/index.php?rest_route=\/wp\/v2\/posts"}],"about":[{"href":"https:\/\/www.ladislavjakl.cz\/index.php?rest_route=\/wp\/v2\/types\/post"}],"author":[{"embeddable":true,"href":"https:\/\/www.ladislavjakl.cz\/index.php?rest_route=\/wp\/v2\/users\/1"}],"replies":[{"embeddable":true,"href":"https:\/\/www.ladislavjakl.cz\/index.php?rest_route=%2Fwp%2Fv2%2Fcomments&post=2049"}],"version-history":[{"count":2,"href":"https:\/\/www.ladislavjakl.cz\/index.php?rest_route=\/wp\/v2\/posts\/2049\/revisions"}],"predecessor-version":[{"id":2051,"href":"https:\/\/www.ladislavjakl.cz\/index.php?rest_route=\/wp\/v2\/posts\/2049\/revisions\/2051"}],"wp:attachment":[{"href":"https:\/\/www.ladislavjakl.cz\/index.php?rest_route=%2Fwp%2Fv2%2Fmedia&parent=2049"}],"wp:term":[{"taxonomy":"category","embeddable":true,"href":"https:\/\/www.ladislavjakl.cz\/index.php?rest_route=%2Fwp%2Fv2%2Fcategories&post=2049"},{"taxonomy":"post_tag","embeddable":true,"href":"https:\/\/www.ladislavjakl.cz\/index.php?rest_route=%2Fwp%2Fv2%2Ftags&post=2049"}],"curies":[{"name":"wp","href":"https:\/\/api.w.org\/{rel}","templated":true}]}}