{"id":2052,"date":"2012-06-19T15:37:00","date_gmt":"2012-06-19T13:37:00","guid":{"rendered":"http:\/\/www.ladislavjakl.cz\/?p=2052"},"modified":"2012-06-19T15:37:00","modified_gmt":"2012-06-19T13:37:00","slug":"klause-chce-na-hrade-vystridat-jeho-tajemnik-jakl-strana-mu-sbira-podpisy","status":"publish","type":"post","link":"https:\/\/www.ladislavjakl.cz\/?p=2052","title":{"rendered":"Klause chce na Hrad\u011b vyst\u0159\u00eddat jeho tajemn\u00edk Jakl. Strana mu sb\u00edr\u00e1 podpisy"},"content":{"rendered":"<p>Tajemn\u00edk prezidenta V\u00e1clava Klause se chce st\u00e1t kandid\u00e1tem na p\u0159\u00ed\u0161t\u00ed  hlavu st\u00e1tu \u010cesk\u00e9 republiky. Podporu Ladislavu Jaklovi vyj\u00e1d\u0159ila  neparlamentn\u00ed Strana svobodn\u00fdch ob\u010dan\u016f. Ta nyn\u00ed bude sh\u00e1n\u011bt 50 tis\u00edc  podpis\u016f, aby se Jakl mohl o funkci uch\u00e1zet.<\/p>\n<p><!--more--><\/p>\n<p>Tajemn\u00edk a p\u0159\u00edtel sou\u010dasn\u00e9ho prezidenta  Ladislav Jakl roz\u0161\u00ed\u0159il po\u010det lid\u00ed, kte\u0159\u00ed se cht\u011bj\u00ed uch\u00e1zet o funkci  hlavy \u010desk\u00e9ho st\u00e1tu. Do boje o prezidentsk\u00fd post jej v ned\u011bli vyslala  Strana svobodn\u00fdch ob\u010dan\u016f. Jej\u00ed \u010dlenov\u00e9 a p\u0159\u00edznivci nyn\u00ed budou sh\u00e1n\u011bt 50  tis\u00edc podpis\u016f pod petici, kter\u00e1 by Jaklovi umo\u017enila kandidovat.<\/p>\n<p>&#8222;S pot\u011b\u0161en\u00edm jsem p\u0159ijal podporu Svobodn\u00fdch na prezidentskou kandidaturu,&#8220; \u0159ekl na sn\u011bmu Jakl.<\/p>\n<p>Svobodn\u00ed maj\u00ed p\u0159es tis\u00edc \u010dlen\u016f a registrovan\u00fdch p\u0159\u00edznivc\u016f, kte\u0159\u00ed  mohli hlasovat o podpo\u0159e Jakla. Pokud se\u017eenou pot\u0159ebn\u00e9 podpisy ob\u010dan\u016f,  Jakl se po\u010d\u00e1tkem p\u0159\u00ed\u0161t\u00edho roku v p\u0159\u00edm\u00fdch prezidentsk\u00fdch volb\u00e1ch utk\u00e1 s  expremi\u00e9ry Janem Fischerem a Milo\u0161em Zemanem, kte\u0159\u00ed jsou na prvn\u00edch dvou  m\u00edstech volebn\u00edch preferenc\u00ed.<\/p>\n<p>K dal\u0161\u00edm kandid\u00e1t\u016fm pat\u0159\u00ed nap\u0159\u00edklad \u0161\u00e9f TOP  09 a ministr zahrani\u010d\u00ed Karel Schwarzenberg a sen\u00e1tor a m\u00edstop\u0159edseda  \u010cSSD Ji\u0159\u00ed Dienstbier. V prezidentsk\u00fdch prim\u00e1rk\u00e1ch ODS vede sen\u00e1tor  P\u0159emysl Sobotka.<\/p>\n<p>Svobodn\u00ed se profiluj\u00ed jako pravicov\u00e1 euroskeptick\u00e1 strana. Tvrd\u00ed, \u017ee  pokud se nepoda\u0159\u00ed prosadit z\u00e1sadn\u00ed zm\u011bny Evropsk\u00e9 unie, m\u011bla by ji \u010cesk\u00e1  republika opustit.<\/p>\n<p><a href=\"http:\/\/zpravy.ihned.cz\/politika\/c1-56181380-klause-chce-na-hrade-vystridat-jeho-tajemnik-jakl-strana-mu-sbira-podpisy\" target=\"_blank\">Zdroj<\/a><\/p>\n","protected":false},"excerpt":{"rendered":"<p>Tajemn\u00edk prezidenta V\u00e1clava Klause se chce st\u00e1t kandid\u00e1tem na p\u0159\u00ed\u0161t\u00ed hlavu st\u00e1tu \u010cesk\u00e9 republiky. Podporu Ladislavu Jaklovi vyj\u00e1d\u0159ila neparlamentn\u00ed Strana svobodn\u00fdch ob\u010dan\u016f. Ta nyn\u00ed bude sh\u00e1n\u011bt 50 tis\u00edc podpis\u016f, aby se Jakl mohl o funkci uch\u00e1zet.<\/p>\n","protected":false},"author":1,"featured_media":0,"comment_status":"open","ping_status":"open","sticky":false,"template":"","format":"standard","meta":{"ngg_post_thumbnail":0,"footnotes":""},"categories":[17],"tags":[],"class_list":["post-2052","post","type-post","status-publish","format-standard","hentry","category-jakl-president"],"_links":{"self":[{"href":"https:\/\/www.ladislavjakl.cz\/index.php?rest_route=\/wp\/v2\/posts\/2052","targetHints":{"allow":["GET"]}}],"collection":[{"href":"https:\/\/www.ladislavjakl.cz\/index.php?rest_route=\/wp\/v2\/posts"}],"about":[{"href":"https:\/\/www.ladislavjakl.cz\/index.php?rest_route=\/wp\/v2\/types\/post"}],"author":[{"embeddable":true,"href":"https:\/\/www.ladislavjakl.cz\/index.php?rest_route=\/wp\/v2\/users\/1"}],"replies":[{"embeddable":true,"href":"https:\/\/www.ladislavjakl.cz\/index.php?rest_route=%2Fwp%2Fv2%2Fcomments&post=2052"}],"version-history":[{"count":2,"href":"https:\/\/www.ladislavjakl.cz\/index.php?rest_route=\/wp\/v2\/posts\/2052\/revisions"}],"predecessor-version":[{"id":2054,"href":"https:\/\/www.ladislavjakl.cz\/index.php?rest_route=\/wp\/v2\/posts\/2052\/revisions\/2054"}],"wp:attachment":[{"href":"https:\/\/www.ladislavjakl.cz\/index.php?rest_route=%2Fwp%2Fv2%2Fmedia&parent=2052"}],"wp:term":[{"taxonomy":"category","embeddable":true,"href":"https:\/\/www.ladislavjakl.cz\/index.php?rest_route=%2Fwp%2Fv2%2Fcategories&post=2052"},{"taxonomy":"post_tag","embeddable":true,"href":"https:\/\/www.ladislavjakl.cz\/index.php?rest_route=%2Fwp%2Fv2%2Ftags&post=2052"}],"curies":[{"name":"wp","href":"https:\/\/api.w.org\/{rel}","templated":true}]}}