{"id":2055,"date":"2012-06-19T15:42:35","date_gmt":"2012-06-19T13:42:35","guid":{"rendered":"http:\/\/www.ladislavjakl.cz\/?p=2055"},"modified":"2012-06-19T15:42:35","modified_gmt":"2012-06-19T13:42:35","slug":"potvrzeno-jakl-miri-do-boje-o-hrad-uspel-v-primarkach","status":"publish","type":"post","link":"https:\/\/www.ladislavjakl.cz\/?p=2055","title":{"rendered":"Potvrzeno: Jakl m\u00ed\u0159\u00ed do boje o Hrad, usp\u011bl v prim\u00e1rk\u00e1ch"},"content":{"rendered":"<p><strong>Praha<\/strong> &#8211; Ladislav Jakl, tajemn\u00edk prezidenta <a href=\"http:\/\/wiki.aktualne.centrum.cz\/vaclav-klaus\/\">V\u00e1clava Klause<\/a>, v ned\u011bli z\u00edskal nominaci neparlamentn\u00ed <a href=\"http:\/\/wiki.aktualne.centrum.cz\/volby-2010\/strana-svobodnych\/\">Strany svobodn\u00fdch ob\u010dan\u016f<\/a> pro kandidaturu na Hrad.<\/p>\n<p><!--more--><\/p>\n<p>Jakl byl jedin\u00fdm kandid\u00e1tem a v prezidentsk\u00fdch prim\u00e1rk\u00e1ch pro n\u011bj  hlasovalo 88 procent z 35 procent z\u00fa\u010dastn\u011bn\u00fdch \u010dlen\u016f a p\u0159\u00edznivc\u016f strany.  Po ned\u011bln\u00edm republikov\u00e9m sn\u011bmu strany to\u00a0potvrdil p\u0159edseda Petr Mach.<\/p>\n<p>&#8222;S pot\u011b\u0161en\u00edm jsem p\u0159ijal podporu Svobodn\u00fdch na prezidentskou  kandidaturu,&#8220; \u0159ekl na sn\u011bmu Jakl. Prezident\u016fv tajemn\u00edk m\u011bl podle Macha  podporu veden\u00ed strany, kter\u00e1 nyn\u00ed za\u010dne sb\u00edrat pot\u0159ebn\u00fdch 50.000 podpis\u016f  pod petici za Jaklovu prezidentskou kandidaturu.<\/p>\n<p>Svobodn\u00ed maj\u00ed p\u0159es tis\u00edc \u010dlen\u016f a registrovan\u00fdch p\u0159\u00edznivc\u016f, kte\u0159\u00ed  mohli hlasovat o podpo\u0159e Jakla. Pokud se\u017eenou pot\u0159ebn\u00e9 podpisy ob\u010dan\u016f,  Jakl se po\u010d\u00e1tkem p\u0159\u00ed\u0161t\u00edho roku v p\u0159\u00edm\u00fdch prezidentsk\u00fdch volb\u00e1ch utk\u00e1 s  expremi\u00e9ry Janem Fischerem a Milo\u0161em Zemanem, kte\u0159\u00ed jsou na prvn\u00edch dvou  m\u00edstech volebn\u00edch preferenc\u00ed.<\/p>\n<p>K dal\u0161\u00edm kandid\u00e1t\u016fm pat\u0159\u00ed nap\u0159\u00edklad \u0161\u00e9f TOP 09 a ministr zahrani\u010d\u00ed  Karel Schwarzenberg a sen\u00e1tor a m\u00edstop\u0159edseda \u010cSSD Ji\u0159\u00ed Dienstbier. V  prezidentsk\u00fdch prim\u00e1rk\u00e1ch ODS vede sen\u00e1tor P\u0159emysl Sobotka.<\/p>\n<p>Svobodn\u00ed se profiluj\u00ed jako pravicov\u00e1 euroskeptick\u00e1 strana. Tvrd\u00ed, \u017ee  pokud se nepoda\u0159\u00ed prosadit z\u00e1sadn\u00ed zm\u011bny Evropsk\u00e9 unie, m\u011bla by ji \u010cesk\u00e1  republika opustit.<\/p>\n<p><a href=\"http:\/\/aktualne.centrum.cz\/domaci\/politika\/clanek.phtml?id=748984\" target=\"_blank\">Zdroj<\/a><\/p>\n","protected":false},"excerpt":{"rendered":"<p>Praha &#8211; Ladislav Jakl, tajemn\u00edk prezidenta V\u00e1clava Klause, v ned\u011bli z\u00edskal nominaci neparlamentn\u00ed Strany svobodn\u00fdch ob\u010dan\u016f pro kandidaturu na Hrad.<\/p>\n","protected":false},"author":1,"featured_media":0,"comment_status":"open","ping_status":"open","sticky":false,"template":"","format":"standard","meta":{"ngg_post_thumbnail":0,"footnotes":""},"categories":[17],"tags":[],"class_list":["post-2055","post","type-post","status-publish","format-standard","hentry","category-jakl-president"],"_links":{"self":[{"href":"https:\/\/www.ladislavjakl.cz\/index.php?rest_route=\/wp\/v2\/posts\/2055","targetHints":{"allow":["GET"]}}],"collection":[{"href":"https:\/\/www.ladislavjakl.cz\/index.php?rest_route=\/wp\/v2\/posts"}],"about":[{"href":"https:\/\/www.ladislavjakl.cz\/index.php?rest_route=\/wp\/v2\/types\/post"}],"author":[{"embeddable":true,"href":"https:\/\/www.ladislavjakl.cz\/index.php?rest_route=\/wp\/v2\/users\/1"}],"replies":[{"embeddable":true,"href":"https:\/\/www.ladislavjakl.cz\/index.php?rest_route=%2Fwp%2Fv2%2Fcomments&post=2055"}],"version-history":[{"count":2,"href":"https:\/\/www.ladislavjakl.cz\/index.php?rest_route=\/wp\/v2\/posts\/2055\/revisions"}],"predecessor-version":[{"id":2057,"href":"https:\/\/www.ladislavjakl.cz\/index.php?rest_route=\/wp\/v2\/posts\/2055\/revisions\/2057"}],"wp:attachment":[{"href":"https:\/\/www.ladislavjakl.cz\/index.php?rest_route=%2Fwp%2Fv2%2Fmedia&parent=2055"}],"wp:term":[{"taxonomy":"category","embeddable":true,"href":"https:\/\/www.ladislavjakl.cz\/index.php?rest_route=%2Fwp%2Fv2%2Fcategories&post=2055"},{"taxonomy":"post_tag","embeddable":true,"href":"https:\/\/www.ladislavjakl.cz\/index.php?rest_route=%2Fwp%2Fv2%2Ftags&post=2055"}],"curies":[{"name":"wp","href":"https:\/\/api.w.org\/{rel}","templated":true}]}}