{"id":2058,"date":"2012-06-19T15:46:13","date_gmt":"2012-06-19T13:46:13","guid":{"rendered":"http:\/\/www.ladislavjakl.cz\/?p=2058"},"modified":"2012-06-19T15:46:13","modified_gmt":"2012-06-19T13:46:13","slug":"novy-kandidat-na-prezidenta-ladislav-jakl","status":"publish","type":"post","link":"https:\/\/www.ladislavjakl.cz\/?p=2058","title":{"rendered":"Nov\u00fd kandid\u00e1t na prezidenta &#8211; Ladislav Jakl"},"content":{"rendered":"<p>Mluvilo se o n\u011bm del\u0161\u00ed \u010das a nyn\u00ed je \u00favaha potvrzena. Strana  svobodn\u00fdch ob\u010dan\u016f vyb\u00edrala sv\u00e9ho kandid\u00e1ta na post prezidenta republiky a  88 procenty hlas\u016f zv\u00edt\u011bzil \u0159editel politick\u00e9ho odboru a tajemn\u00edk  prezidenta republiky Ladislav Jakl.<\/p>\n<p><!--more-->T\u00edmto krokem zah\u00e1jila Strana svobodn\u00fdch ob\u010dan\u016f kampa\u0148 a sb\u011br podpis\u016f,  kter\u00fdch je pot\u0159eba 50 tis\u00edc. Strana z\u0159ejm\u011b nepo\u010d\u00edt\u00e1 s mo\u017enost\u00ed, \u017ee  Ladislava Jakla by mohlo navrhnout 20 poslanc\u016f a deset sen\u00e1tor\u016f. Je  jedn\u00edm z dal\u0161\u00edch, mezi kter\u00fdmi si budou ob\u010dan\u00e9 v roce 2013 v p\u0159\u00edm\u00e9 volb\u011b  vyb\u00edrat. Zat\u00edm se ve\u0159ejnosti jako mo\u017en\u00ed kandid\u00e1ti Jana p\u0159edstavili Jana  Bobo\u0161\u00edkov\u00e1, Ji\u0159\u00ed Dienstbier, Jan Fischer, Zuzana Roithov\u00e1, Karel  Schwarzenberg, Milo\u0161 Zeman a v prim\u00e1rk\u00e1ch ODS rozhoduje mezi P\u0159emyslem  Sobotkou a Ev\u017eenem To\u0161enovsk\u00fdm. Kandidaturu tak\u00e9 zva\u017euj\u00ed Jan \u0160vejnar a  Tom\u00e1\u0161 Vandas. Kampa\u0148 bude \u0161estn\u00e1ctidenn\u00ed, ministerstvo vnitra nam\u00e1tkov\u011b  bude kontrolovat 8500 podpis\u016f a p\u0159edvolebn\u00ed prostor ve ve\u0159ejnopr\u00e1vn\u00edch  m\u00e9di\u00edch budou m\u00edt kandid\u00e1ti zdarma. Finance na kampa\u0148 jsou limitov\u00e1ny 40  miliony v prvn\u00edm kole a 10 miliony korun v p\u0159\u00edpadn\u00e9m druh\u00e9m kole.  Pen\u00edze, kter\u00e9 kandid\u00e1ti neutrat\u00ed, p\u016fjdou na dobro\u010dinn\u00e9 \u00fa\u010dely. Kandid\u00e1tku  na prezidenta lze nejpozd\u011bji podat 66 dn\u00ed p\u0159ed volbami.<\/p>\n<p><strong>Jak se l\u00edb\u00ed Ladislav Jakl a co se Jaklovi (ne)l\u00edb\u00ed?<\/strong><\/p>\n<p>Z v\u00edce ne\u017e 1200 \u010dlen\u016f a p\u0159\u00edznivc\u016f strany se Svobodn\u00ed v\u011bt\u0161inou  rozhodli pro Ladislava Jakla a p\u0159edseda strany Petr Mach k v\u00fdb\u011bru uvedl:  \u201eChceme m\u00edt proti nim kandid\u00e1ta, kter\u00fd bude zast\u00e1ncem svobody \u010dlov\u011bka a  odp\u016frcem jej\u00edho neust\u00e1l\u00e9ho okle\u0161\u0165ov\u00e1n\u00ed, a\u0165 rukou na\u0161ich z\u00e1konod\u00e1rc\u016f \u010di  tlakem mezin\u00e1rodn\u00ed organizac\u00ed. Proto jsme vybrali pro prezidentskou  volbu Ladislava Jakla. Nedovedu si p\u0159edstavit, pro koho bychom pak  hlasovali ve skute\u010dn\u00fdch volb\u00e1ch, kdyby zde takov\u00fd kandid\u00e1t nebyl. Jakl  bude ur\u010dit\u011b jedinou volbou i pro mnoho voli\u010d\u016f, kte\u0159\u00ed dosud volili ODS.&#8220;  D\u00e1le si Petr Mach p\u0159edstavuje kandid\u00e1ta na prezidenta takto: \u201eChceme m\u00edt  kandid\u00e1ta, kter\u00fd skrze jmenov\u00e1n\u00ed bankovn\u00ed rady \u010cNB zajist\u00ed pokra\u010dov\u00e1n\u00ed  zdrav\u00e9 m\u011bnov\u00e9 politiky, nedopust\u00ed dal\u0161\u00ed p\u0159esouv\u00e1n\u00ed pravomoc\u00ed a pen\u011bz na  Evropskou unii a bude sn\u011bmovn\u011b vracet z\u00e1kony omezuj\u00edc\u00ed svobodu \u010dlov\u011bka.&#8220;<\/p>\n<p>To je p\u0159edstava strany, kter\u00e1 Ladislava Jakla vyslala do boje. Boj to  bude lit\u00fd, obzvl\u00e1\u0161t\u011b pro Jakla, nebo\u0165 i p\u0159es ur\u010dit\u00e9 sympatie dan\u00e9 jeho  rockerstv\u00edm a svobodo &#8211; my\u0161lenkov\u00fdm ch\u00e1p\u00e1n\u00edm sv\u011bta bude nar\u00e1\u017eet u m\u00e9di\u00ed.  Ta mu evidentn\u011b k srdci nep\u0159irostla, p\u0159esto\u017ee s\u00e1m \u017eurnalistiku  vystudoval.<\/p>\n<p>Naposledy se k m\u00e9di\u00edm vyj\u00e1d\u0159il ve sv\u00e9m blogu, kter\u00fd koluje internetem  a kter\u00fd m\u00e1 n\u00e1zev \u201eO\u0161kliv\u00fd novin\u00e1\u0159sk\u00fd sen&#8220;. V n\u011bm si bere na mu\u0161ku  jednoho sv\u00e9ho medi\u00e1ln\u00edho protivn\u00edka za druh\u00fdm a m\u00edsto broky je slovy  sest\u0159eluje: \u201eSkinhead Martin Fendrych z T\u00fddne si nechal odoperovat  svastiku z p\u0159edlokt\u00ed a po letech obnovil svou Ob\u010danskou demokratickou  alianci, aby kone\u010dn\u011b zaplatil jej\u00ed dluh 54 mili\u00f3n\u016f. Martin Kom\u00e1rek z  Mlad\u00e9 fronty dnes vstoupil zp\u011bt do sv\u00e9 rodn\u00e9 bu\u0148ky Komunistick\u00e9 strany,  aby po dvaceti letech nav\u00e1zal na jej\u00ed rozvracen\u00ed zevnit\u0159.&#8220; N\u00e1sleduj\u00ed  dal\u0161\u00ed a dal\u0161\u00ed: \u201eJaroslav Plesl nyn\u00ed u\u017e z Reflexu tak\u00e9 prohl\u00e9dl, zvolal  \u201ejak hluboko jsem klesl&#8220;, zav\u00e1zal se, \u017ee u\u017e nebude lh\u00e1t v televizi, doma  ani v novin\u00e1ch, ode\u0161el do kl\u00e1\u0161tera a u\u017e ani nehlesl. Petr Holec z  Reflexu zhubl o 185 kilo z toho, jak t\u0159i t\u00fddny ml\u00e1til hlavou do zdi a  volal: J\u00e1 nejsem Rao\u00fal, tak pro\u010d jsem zelenej! Erik Tabery dokonce  zem\u0159el hlady p\u0159i \u010dek\u00e1n\u00ed, a\u017e mu z v\u00fdtisku Respektu vypadnou vejce.&#8220; V\u0161e  zakon\u010duje: \u201eNajednou jsem se probudil. Jako ve spr\u00e1vn\u00e9m americk\u00e9m filmu  vsed\u011b a zpocen\u00fd. Pustil jsem si televizi, pod\u00edval se do rann\u00edch novin a  oddechl si. Byl to jen sen, v\u0161e je p\u0159i star\u00e9m, v\u0161e je v po\u0159\u00e1dku.&#8220;<\/p>\n<p>P\u0159itom Ladislavem Jaklem nejv\u00edce kritizovan\u00fd medi\u00e1ln\u00ed koncern MAFRA  vytisknul ned\u00e1vno pochvaln\u00fd rozhovor s n\u00edm, i kdy\u017e jen o Jaklovi jako  rockerovi a vedouc\u00edmu kapely Folimanka Blues, kter\u00fd si v den\u00edku Metro  p\u0159e\u010detlo statis\u00edce Pra\u017ean\u016f.<\/p>\n<p><strong>Pro\u010d se Jakl rozhodl kandidovat<\/strong><\/p>\n<p>K tomu, aby p\u0159ijal kandidaturu na prezidenta, m\u00e1 Ladislav Jakl, jak  uvedl v kandid\u00e1tsk\u00e9m projevu, dva d\u016fvody. Prvn\u00edm motivem je to  kritizovan\u00e1 p\u0159\u00edm\u00e1 volba prezidenta. To vn\u00edm\u00e1 jako cosi nevyzkou\u0161en\u00e9ho,  jako hypotetickou realitu a touha po n\u00ed je d\u00e1na, podle Jakla, pouze  proto, \u017ee nep\u0159\u00edm\u00e1 volba t\u011bmto lidem nevy\u0161la. P\u0159\u00edmou volbu pova\u017euje za  \u0161patnou a bl\u00e1znivou. Jde o domluvenou hru a sc\u00e9n\u00e1\u0159 velk\u00fdch z\u00e1jmov\u00fdch  skupin a velk\u00fdch medi\u00e1ln\u00edch hr\u00e1\u010d\u016f. Svoji kandidaturu ch\u00e1pe jako snahu  tuto jejich hru n\u011bjak\u00fdm zp\u016fsobem naru\u0161it. Druh\u00fdm motivem, kter\u00fd v z\u00e1v\u011bru  uvedl, je pomoci Stran\u011b svobodn\u00fdch ob\u010dan\u016f, aby nebyla vn\u00edm\u00e1na jen podle  \u201en\u00e1lepek majitel\u016f kl\u00ed\u010d\u016f ve\u0159ejn\u00e9ho m\u00edn\u011bn\u00ed.&#8220;<\/p>\n<p>O Ladislava Jakla \u00fadajn\u011b projevovalo z\u00e1jem tak\u00e9 sdru\u017een\u00ed Akce  D.O.S.T. a nyn\u00ed jej bude jako kandid\u00e1ta i nad\u00e1le podporovat, p\u0159esto\u017ee  jim jej Strana svobodn\u00fdch ob\u010dan\u016f \u201eukradla&#8220;.<\/p>\n<p><a href=\"http:\/\/www.literarky.cz\/domov\/politika\/10141-novy-kandidat-na-prezidenta-ladislav-jakl\" target=\"_blank\">Zdroj<\/a><\/p>\n","protected":false},"excerpt":{"rendered":"<p>Mluvilo se o n\u011bm del\u0161\u00ed \u010das a nyn\u00ed je \u00favaha potvrzena. Strana svobodn\u00fdch ob\u010dan\u016f vyb\u00edrala sv\u00e9ho kandid\u00e1ta na post prezidenta republiky a 88 procenty hlas\u016f zv\u00edt\u011bzil \u0159editel politick\u00e9ho odboru a tajemn\u00edk prezidenta republiky Ladislav Jakl.<\/p>\n","protected":false},"author":1,"featured_media":0,"comment_status":"open","ping_status":"open","sticky":false,"template":"","format":"standard","meta":{"ngg_post_thumbnail":0,"footnotes":""},"categories":[17],"tags":[],"class_list":["post-2058","post","type-post","status-publish","format-standard","hentry","category-jakl-president"],"_links":{"self":[{"href":"https:\/\/www.ladislavjakl.cz\/index.php?rest_route=\/wp\/v2\/posts\/2058","targetHints":{"allow":["GET"]}}],"collection":[{"href":"https:\/\/www.ladislavjakl.cz\/index.php?rest_route=\/wp\/v2\/posts"}],"about":[{"href":"https:\/\/www.ladislavjakl.cz\/index.php?rest_route=\/wp\/v2\/types\/post"}],"author":[{"embeddable":true,"href":"https:\/\/www.ladislavjakl.cz\/index.php?rest_route=\/wp\/v2\/users\/1"}],"replies":[{"embeddable":true,"href":"https:\/\/www.ladislavjakl.cz\/index.php?rest_route=%2Fwp%2Fv2%2Fcomments&post=2058"}],"version-history":[{"count":1,"href":"https:\/\/www.ladislavjakl.cz\/index.php?rest_route=\/wp\/v2\/posts\/2058\/revisions"}],"predecessor-version":[{"id":2059,"href":"https:\/\/www.ladislavjakl.cz\/index.php?rest_route=\/wp\/v2\/posts\/2058\/revisions\/2059"}],"wp:attachment":[{"href":"https:\/\/www.ladislavjakl.cz\/index.php?rest_route=%2Fwp%2Fv2%2Fmedia&parent=2058"}],"wp:term":[{"taxonomy":"category","embeddable":true,"href":"https:\/\/www.ladislavjakl.cz\/index.php?rest_route=%2Fwp%2Fv2%2Fcategories&post=2058"},{"taxonomy":"post_tag","embeddable":true,"href":"https:\/\/www.ladislavjakl.cz\/index.php?rest_route=%2Fwp%2Fv2%2Ftags&post=2058"}],"curies":[{"name":"wp","href":"https:\/\/api.w.org\/{rel}","templated":true}]}}