{"id":2060,"date":"2012-06-19T15:47:34","date_gmt":"2012-06-19T13:47:34","guid":{"rendered":"http:\/\/www.ladislavjakl.cz\/?p=2060"},"modified":"2012-06-19T15:47:34","modified_gmt":"2012-06-19T13:47:34","slug":"ladislav-jakl-z-hradu-na-hrad","status":"publish","type":"post","link":"https:\/\/www.ladislavjakl.cz\/?p=2060","title":{"rendered":"Ladislav Jakl &#8211; z Hradu na Hrad"},"content":{"rendered":"<p>Praha \u2013 \u0158editel politick\u00e9ho odboru Kancel\u00e1\u0159e prezidenta republiky  Ladislav Jakl z\u00edskal nominaci na prezidentskou kandidaturu. Strana  svobodn\u00fdch ob\u010dan\u016f proslul\u00e1 sv\u00fdm euroskepticismem a n\u00e1zorovou bl\u00edzkost\u00ed k  prezidentu V\u00e1clavu Klausovi mu ji vystavila tento v\u00edkend.<\/p>\n<p><!--more-->Jakl se  prezentuje tak\u00e9 jako \u017eurnalista a rocker, zd\u00e1 se tedy, \u017ee nyn\u00ed si bude  moci p\u0159ipsat i kandid\u00e1t na prezidenta.\u00a0Jakl byl jedin\u00fdm kandid\u00e1tem  strany a v prezidentsk\u00fdch prim\u00e1rk\u00e1ch pro n\u011bj hlasovalo 88 procent z 35  procent z\u00fa\u010dastn\u011bn\u00fdch \u010dlen\u016f a p\u0159\u00edznivc\u016f. Po ned\u011bln\u00edm republikov\u00e9m sn\u011bmu  strany to potvrdil p\u0159edseda Petr Mach.<\/p>\n<p>&#8222;N\u00e1\u0161 kandid\u00e1t dok\u00e1\u017ee z\u00edskat hlasy voli\u010d\u016f, kte\u0159\u00ed by v jin\u00fdch volb\u00e1ch  volili nebo vol\u00ed ODS,&#8220; \u0159ekl Mach. &#8222;S pot\u011b\u0161en\u00edm jsem p\u0159ijal podporu  Svobodn\u00fdch na prezidentskou kandidaturu,&#8220; \u0159ekl na sn\u011bmu Jakl. Strana  nyn\u00ed za\u010dne sb\u00edrat pot\u0159ebn\u00fdch 50 000 podpis\u016f pod petici za Jaklovu  prezidentskou kandidaturu.<\/p>\n<p>Prezidentsk\u00fd tajemn\u00edk proslul \u0159adou nekompromisn\u00edch vystoupen\u00ed, v  nich\u017e v\u011bt\u0161inou h\u00e1jil Klaus\u016fv postup v kontroverzn\u00edch okam\u017eic\u00edch.  Nap\u0159\u00edklad pot\u00e9, co m\u00e9dia prop\u00edrala n\u011bkter\u00e9 problematick\u00e9 okolnosti  Klausem ud\u011blen\u00fdch milost\u00ed, h\u00e1jil poradce sv\u00e9ho prezidenta v rozhovoru  pro \u010cesk\u00fd rozhlas t\u00edm, \u017ee d\u016fvody, kter\u00e9 hlavu st\u00e1tu k ud\u011blen\u00ed milosti  vedly, by v\u016fbec nem\u011bly b\u00fdt vysv\u011btlov\u00e1ny. Jde podle Jakla o osobn\u00ed  rozhodnut\u00ed, kter\u00e9 nem\u00e1 co d\u011blat se spravedlnost\u00ed. &#8222;Milost nen\u00ed n\u011bjakou  prot\u00e9zou spravedlnosti, to nen\u00ed polemika se soudy, napravov\u00e1n\u00ed soud\u016f, to  dokonce v\u016fbec nen\u00ed sou\u010d\u00e1st spravedlnosti nebo justice. A kdybych j\u00e1 byl  prezidentem, tak j\u00e1 bych milosti nezd\u016fvod\u0148oval v\u016fbec. Vysv\u011btlovat  pohnut\u00ed individu\u00e1ln\u00edho, osobn\u00edho rozhodnut\u00ed je v\u017edycky slo\u017eit\u00e9, nikdy ne  \u00fapln\u00e9,&#8220; uvedl Jakl v \u00fanoru\u00a0pro \u010cesk\u00fd rozhlas.<\/p>\n<p>Je zn\u00e1m tak\u00e9 t\u00edm, \u017ee pro jasn\u00e9 a ostr\u00e9 vymezen\u00ed si nejde daleko. Na sv\u00e9m blogu se pustil t\u0159eba do\u00a0<a href=\"http:\/\/jakl.blog.idnes.cz\/c\/270876\/Osklivy-novinarsky-sen.html\">kritiky vybran\u00fdch \u017eurnalist\u016f<\/a>, nebo\u00a0naposledy\u00a0<a href=\"http:\/\/jakl.blog.idnes.cz\/c\/273113\/Kdyby-tisic-exkrementu.html\">do akce \u010dlen\u016f skupiny Ztohoven<\/a>,  kte\u0159\u00ed b\u011bhem projevu st\u00edhan\u00e9ho poslance Davida Ratha poslanc\u016fm ve  sn\u011bmovn\u011b rozes\u00edlali SMS zpr\u00e1vy o &#8222;mor\u00e1ln\u00ed reform\u011b&#8220;. Cht\u011bli t\u00edm pr\u00fd  upozornit na nutnost navr\u00e1tit do politiky lidsk\u00fd rozm\u011br a mor\u00e1ln\u00ed  hodnoty, ov\u0161em Ladislav Jakl spat\u0159uje v jejich jedn\u00e1n\u00ed &#8222;smradlav\u00e9 zlo&#8220; a  skupinu Ztohoven ozna\u010dil za &#8222;medi\u00e1ln\u00ed mil\u00e1\u010dky, h\u00fd\u010dkan\u00e9 v\u0161emi hlup\u00e1ky,  kte\u0159\u00ed cht\u011bj\u00ed vypadat cool.&#8220;<\/p>\n<p>P\u0159edseda Strany svobodn\u00fdch ob\u010dan\u016f Petr Mach u\u017e avizoval, \u017ee po  p\u0159ijet\u00ed Jaklova jm\u00e9na v prim\u00e1rk\u00e1ch za\u010dne sb\u011br 50 tis\u00edc podpis\u016f  pot\u0159ebn\u00fdch pro kandidaturu v prezidentsk\u00fdch volb\u00e1ch. Jakl pro Svobodn\u00e9  p\u0159edstavuje kandid\u00e1ta, kter\u00fd by t\u0159eba ve funkci jmenoval takovou  bankovn\u00ed radu \u010cesk\u00e9 n\u00e1rodn\u00ed banky (\u010cNB), kter\u00e1 &#8222;zajist\u00ed pokra\u010dov\u00e1n\u00ed  zdrav\u00e9 m\u011bnov\u00e9 politiky, nedopust\u00ed dal\u0161\u00ed p\u0159esouv\u00e1n\u00ed pravomoc\u00ed a pen\u011bz na  Evropskou unii a bude sn\u011bmovn\u011b vracet z\u00e1kony omezuj\u00edc\u00ed svobodu \u010dlov\u011bka&#8220;.<\/p>\n<p>Jakl naopak \u010dlen\u016fm a p\u0159\u00edznivc\u016fm strany slibuje, \u017ee jeho prezidentsk\u00e1  kandidatura a spojen\u00ed &#8222;medi\u00e1ln\u011b zn\u00e1m\u00e9ho&#8220; jm\u00e9na se stranou m\u016f\u017ee pos\u00edlit  stranick\u00e9 preference Svobodn\u00fdch. Opa\u010dn\u00fd efekt prezidentsk\u00fd poradce  nep\u0159edpokl\u00e1d\u00e1. &#8222;Nep\u0159ijde mi, \u017ee by mohl existovat \u017eiv\u00fd voli\u010d, kter\u00fd by  stra\u0161n\u011b miloval Svobodn\u00e9, a m\u011b nen\u00e1vid\u011bl, ale nemohu to vylou\u010dit,&#8220;  poznamenal b\u011bhem stranick\u00e9 besedy. &#8222;Drtiv\u00e1 v\u011bt\u0161ina lid\u00ed, kte\u0159\u00ed m\u011b  nesn\u00e1\u0161ej\u00ed, by Svobodn\u00e9 stejn\u011b nevolili,&#8220; doplnil Jakl. Prezidentsk\u00fd  tajemn\u00edk ov\u0161em zat\u00edm nev\u00ed, zda by byl ochoten, pokud by v prezidentsk\u00e9  volb\u011b neusp\u011bl, do strany vstoupit.<\/p>\n<p>Svobodn\u00ed maj\u00ed p\u0159es tis\u00edc \u010dlen\u016f a registrovan\u00fdch p\u0159\u00edznivc\u016f, kte\u0159\u00ed mohli o  podpo\u0159e Jakla hlasovat. Svobodn\u00ed se profiluj\u00ed jako pravicov\u00e1  euroskeptick\u00e1 strana. Tvrd\u00ed, \u017ee pokud se nepoda\u0159\u00ed prosadit z\u00e1sadn\u00ed zm\u011bny  Evropsk\u00e9 unie, m\u011bla by ji \u010cesk\u00e1 republika opustit.<\/p>\n<p><a href=\"http:\/\/www.ceskatelevize.cz\/ct24\/domaci\/182358-ladislav-jakl-z-hradu-na-hrad\/\" target=\"_blank\">Zdroj<\/a><\/p>\n","protected":false},"excerpt":{"rendered":"<p>Praha \u2013 \u0158editel politick\u00e9ho odboru Kancel\u00e1\u0159e prezidenta republiky Ladislav Jakl z\u00edskal nominaci na prezidentskou kandidaturu. Strana svobodn\u00fdch ob\u010dan\u016f proslul\u00e1 sv\u00fdm euroskepticismem a n\u00e1zorovou bl\u00edzkost\u00ed k prezidentu V\u00e1clavu Klausovi mu ji vystavila tento v\u00edkend.<\/p>\n","protected":false},"author":1,"featured_media":0,"comment_status":"open","ping_status":"open","sticky":false,"template":"","format":"standard","meta":{"ngg_post_thumbnail":0,"footnotes":""},"categories":[17],"tags":[],"class_list":["post-2060","post","type-post","status-publish","format-standard","hentry","category-jakl-president"],"_links":{"self":[{"href":"https:\/\/www.ladislavjakl.cz\/index.php?rest_route=\/wp\/v2\/posts\/2060","targetHints":{"allow":["GET"]}}],"collection":[{"href":"https:\/\/www.ladislavjakl.cz\/index.php?rest_route=\/wp\/v2\/posts"}],"about":[{"href":"https:\/\/www.ladislavjakl.cz\/index.php?rest_route=\/wp\/v2\/types\/post"}],"author":[{"embeddable":true,"href":"https:\/\/www.ladislavjakl.cz\/index.php?rest_route=\/wp\/v2\/users\/1"}],"replies":[{"embeddable":true,"href":"https:\/\/www.ladislavjakl.cz\/index.php?rest_route=%2Fwp%2Fv2%2Fcomments&post=2060"}],"version-history":[{"count":2,"href":"https:\/\/www.ladislavjakl.cz\/index.php?rest_route=\/wp\/v2\/posts\/2060\/revisions"}],"predecessor-version":[{"id":2062,"href":"https:\/\/www.ladislavjakl.cz\/index.php?rest_route=\/wp\/v2\/posts\/2060\/revisions\/2062"}],"wp:attachment":[{"href":"https:\/\/www.ladislavjakl.cz\/index.php?rest_route=%2Fwp%2Fv2%2Fmedia&parent=2060"}],"wp:term":[{"taxonomy":"category","embeddable":true,"href":"https:\/\/www.ladislavjakl.cz\/index.php?rest_route=%2Fwp%2Fv2%2Fcategories&post=2060"},{"taxonomy":"post_tag","embeddable":true,"href":"https:\/\/www.ladislavjakl.cz\/index.php?rest_route=%2Fwp%2Fv2%2Ftags&post=2060"}],"curies":[{"name":"wp","href":"https:\/\/api.w.org\/{rel}","templated":true}]}}