{"id":2065,"date":"2012-06-19T15:51:01","date_gmt":"2012-06-19T13:51:01","guid":{"rendered":"http:\/\/www.ladislavjakl.cz\/?p=2065"},"modified":"2012-06-19T15:51:01","modified_gmt":"2012-06-19T13:51:01","slug":"klausuv-poradce-jakl-dostal-podporu-pro-kandidaturu-na-hrad","status":"publish","type":"post","link":"https:\/\/www.ladislavjakl.cz\/?p=2065","title":{"rendered":"Klaus\u016fv poradce Jakl dostal podporu pro kandidaturu na Hrad"},"content":{"rendered":"<p>Bl\u00edzk\u00fd spolupracovn\u00edk prezidenta V\u00e1clava Klause, jeho tajemn\u00edk a \u0161\u00e9f poradc\u016f Ladislav Jakl, z\u00edskal podporu \u010dlen\u016f neparlamentn\u00ed Strany svobodn\u00fdch ob\u010dan\u016f pro kandidaturu na Hrad. Pro Jakla te\u010f strana za\u010dne sb\u00edrat 50 tis\u00edc podpis\u016f, kter\u00e9 pot\u0159ebuje, aby se p\u0159\u00edm\u00e9 volby prezidenta mohl z\u00fa\u010dastnit.<\/p>\n<p><!--more-->&#8222;V prim\u00e1rk\u00e1ch dostal podporu od 88 procent t\u011bch, kte\u0159\u00ed se hlasov\u00e1n\u00ed z\u00fa\u010dastnili,&#8220; \u0159ekl iDNES.cz \u0161\u00e9f Svobodn\u00fdch Petr Mach v pr\u016fb\u011bhu stranick\u00e9ho volebn\u00edho sn\u011bmu. &#8222;Ud\u011bl\u00e1me v\u0161e pro to, abychom pot\u0159ebn\u00e9 podpisy pro pana Jakla sehnali. Domn\u00edv\u00e1me se, \u017ee by ho mohla podpo\u0159it i \u010d\u00e1st sympatizant\u016f ODS,&#8220; m\u00edn\u00ed Mach.<\/p>\n<p>Jakl se sn\u011bmu Svobodn\u00fdch v ned\u011bli tak\u00e9 z\u00fa\u010dastnil. A ve sv\u00e9m projevu vyj\u00e1d\u0159il absolutn\u00ed souhlas s idejemi strany, jej\u00edm\u017e je p\u0159\u00edznivcem. Dodal, \u017ee jen d\u00edky Svobodn\u00fdm m\u00e1 pro n\u011bj smysl, aby v\u016fbec \u0161el k volb\u00e1m. Jak ve sv\u00e9m projevu uvedl, \u017ee z\u00e1sadn\u00ed je pro n\u011bj svoboda \u010dlov\u011bka. &#8222;Ofici\u00e1ln\u011b vyj\u00e1d\u0159en\u00e1 podpora strany Svobodn\u00fdch m\u011b velmi pot\u011b\u0161ila,&#8220; sd\u011blil v ned\u011bli iDNES.cz.<\/p>\n<p>U\u017e d\u0159\u00edve potvrdil, \u017ee o kandidatu\u0159e na Hrad uva\u017euje (v\u00edce zde). Bude tak z\u0159ejm\u011b dal\u0161\u00edm soupe\u0159em pro ji\u017e zn\u00e1m\u00e9 kandid\u00e1ty &#8211; expremi\u00e9ra Jana Fischera a Milo\u0161e Zemana, ministra zahrani\u010d\u00ed a \u0161\u00e9fa TOP 09 Karla Schwarzenberga, sen\u00e1tora a m\u00edstop\u0159edsedu \u010cSSD Ji\u0159\u00edho Dienstbiera \u010di europoslankyni za KDU-\u010cSL Zuzanu Roithovou.<\/p>\n<p>ODS si sv\u00e9ho favorita vyb\u00edr\u00e1 mezi prvn\u00edm m\u00edstop\u0159edsedou Sen\u00e1tu P\u0159emyslem Sobotkou a europoslancem Ev\u017eenem To\u0161enovsk\u00fdm. V\u00fdrazn\u011b bl\u00ed\u017ee m\u00e1 zat\u00edm k nominaci Sobotka, kter\u00fd m\u00e1 n\u00e1skok ve stranick\u00fdch prim\u00e1rk\u00e1ch (v\u00edce zde). Z\u00e1jem kandidovat na Hrad u\u017e tak\u00e9 vyj\u00e1d\u0159ili b\u00fdval\u00e1 europoslankyn\u011b Jana Bobo\u0161\u00edkov\u00e1 \u010di l\u00eddr ultrapravicov\u00e9 DSSS Tom\u00e1\u0161 Vandas.<\/p>\n<p>Dvaapades\u00e1tilet\u00fd Jakl je nyn\u00ed \u0159editelem politick\u00e9ho odboru prezidentsk\u00e9 kancel\u00e1\u0159e. Od \u010dervna 1990 do z\u00e1\u0159\u00ed 1991 byl poslancem \u010cesk\u00e9 n\u00e1rodn\u00ed rady za Ob\u010dansk\u00e9 f\u00f3rum. N\u011bkolik let pracoval jako novin\u00e1\u0159 v Lidov\u00fdch novin\u00e1ch. Poradcem V\u00e1clava Klause je od roku 1997 a pat\u0159\u00ed k jeho nejbli\u017e\u0161\u00edm spolupracovn\u00edk\u016fm. Podobn\u011b jako nyn\u011bj\u0161\u00ed prezident m\u00e1 kritick\u00e9 n\u00e1zory na sou\u010dasn\u00e9 sm\u011b\u0159ov\u00e1n\u00ed Evropsk\u00e9 unie.<\/p>\n<p><a href=\"http:\/\/zpravy.idnes.cz\/jakl-dostal-podporu-svobodnych-pri-kandidature-na-hrad-pgg-\/domaci.aspx?c=A120617_181254_domaci_kop\" target=\"_blank\">Zdroj<\/a><\/p>\n","protected":false},"excerpt":{"rendered":"<p>Bl\u00edzk\u00fd spolupracovn\u00edk prezidenta V\u00e1clava Klause, jeho tajemn\u00edk a \u0161\u00e9f poradc\u016f Ladislav Jakl, z\u00edskal podporu \u010dlen\u016f neparlamentn\u00ed Strany svobodn\u00fdch ob\u010dan\u016f pro kandidaturu na Hrad. Pro Jakla te\u010f strana za\u010dne sb\u00edrat 50 tis\u00edc podpis\u016f, kter\u00e9 pot\u0159ebuje, aby se p\u0159\u00edm\u00e9 volby prezidenta mohl z\u00fa\u010dastnit.<\/p>\n","protected":false},"author":1,"featured_media":0,"comment_status":"open","ping_status":"open","sticky":false,"template":"","format":"standard","meta":{"ngg_post_thumbnail":0,"footnotes":""},"categories":[17],"tags":[],"class_list":["post-2065","post","type-post","status-publish","format-standard","hentry","category-jakl-president"],"_links":{"self":[{"href":"https:\/\/www.ladislavjakl.cz\/index.php?rest_route=\/wp\/v2\/posts\/2065","targetHints":{"allow":["GET"]}}],"collection":[{"href":"https:\/\/www.ladislavjakl.cz\/index.php?rest_route=\/wp\/v2\/posts"}],"about":[{"href":"https:\/\/www.ladislavjakl.cz\/index.php?rest_route=\/wp\/v2\/types\/post"}],"author":[{"embeddable":true,"href":"https:\/\/www.ladislavjakl.cz\/index.php?rest_route=\/wp\/v2\/users\/1"}],"replies":[{"embeddable":true,"href":"https:\/\/www.ladislavjakl.cz\/index.php?rest_route=%2Fwp%2Fv2%2Fcomments&post=2065"}],"version-history":[{"count":1,"href":"https:\/\/www.ladislavjakl.cz\/index.php?rest_route=\/wp\/v2\/posts\/2065\/revisions"}],"predecessor-version":[{"id":2066,"href":"https:\/\/www.ladislavjakl.cz\/index.php?rest_route=\/wp\/v2\/posts\/2065\/revisions\/2066"}],"wp:attachment":[{"href":"https:\/\/www.ladislavjakl.cz\/index.php?rest_route=%2Fwp%2Fv2%2Fmedia&parent=2065"}],"wp:term":[{"taxonomy":"category","embeddable":true,"href":"https:\/\/www.ladislavjakl.cz\/index.php?rest_route=%2Fwp%2Fv2%2Fcategories&post=2065"},{"taxonomy":"post_tag","embeddable":true,"href":"https:\/\/www.ladislavjakl.cz\/index.php?rest_route=%2Fwp%2Fv2%2Ftags&post=2065"}],"curies":[{"name":"wp","href":"https:\/\/api.w.org\/{rel}","templated":true}]}}