{"id":2070,"date":"2012-06-20T10:17:21","date_gmt":"2012-06-20T08:17:21","guid":{"rendered":"http:\/\/www.ladislavjakl.cz\/?p=2070"},"modified":"2012-06-20T10:17:21","modified_gmt":"2012-06-20T08:17:21","slug":"jakl-uspel-v-primarkach-svobodnych-bude-bojovat-o-hrad","status":"publish","type":"post","link":"https:\/\/www.ladislavjakl.cz\/?p=2070","title":{"rendered":"Jakl usp\u011bl v prim\u00e1rk\u00e1ch Svobodn\u00fdch. Bude bojovat o Hrad"},"content":{"rendered":"<p>Tajemn\u00edk prezidenta V\u00e1clava Klause Ladislav Jakl z\u00edskal nominaci Strany  svobodn\u00fdch ob\u010dan\u016f pro kandidaturu do prezidentsk\u00fdch voleb.<\/p>\n<p><!--more--><\/p>\n<p><span style=\"font-size: x-small;\">V prezidentsk\u00fdch prim\u00e1rk\u00e1ch pro Jakla hlasovalo 88  procent z 35 procent z\u00fa\u010dastn\u011bn\u00fdch \u010dlen\u016f strany. Nyn\u00ed za\u010dne Jakl sb\u00edrat  50 tis\u00edc podpis\u016f pot\u0159ebn\u00fdch k ofici\u00e1ln\u00ed prezidentsk\u00e9 kandidatu\u0159e.<\/p>\n<p>Svobodn\u00ed disponuj\u00ed jen tis\u00edcem \u010dlen\u016f. Pokud pot\u0159ebn\u00e9 podpisy z\u00edskaj\u00ed,  Jakl se v kampani na Hrad utk\u00e1 s expremi\u00e9ry Janem Fischerem a Milo\u0161em  Zemanem. Mezi dal\u0161\u00edmi kandid\u00e1ty je \u0161\u00e9f TOP 09 Karel Schwarzenberg a  m\u00edstop\u0159edseda \u010cSSD Ji\u0159\u00ed Dienstbier. ODS vyb\u00edr\u00e1 kandid\u00e1ta v prim\u00e1rk\u00e1ch,  pravd\u011bpodobn\u011b zv\u00edt\u011bz\u00ed P\u0159emysl Sobotka.<\/span><\/p>\n<p><span style=\"font-size: x-small;\"><a href=\"http:\/\/www.parlamentnilisty.cz\/zpravy\/Jakl-uspel-v-primarkach-Svobodnych-Bude-bojovat-o-Hrad-236405\" target=\"_blank\">Zdroj<\/a><br \/>\n<\/span><\/p>\n","protected":false},"excerpt":{"rendered":"<p>Tajemn\u00edk prezidenta V\u00e1clava Klause Ladislav Jakl z\u00edskal nominaci Strany svobodn\u00fdch ob\u010dan\u016f pro kandidaturu do prezidentsk\u00fdch voleb.<\/p>\n","protected":false},"author":1,"featured_media":0,"comment_status":"open","ping_status":"open","sticky":false,"template":"","format":"standard","meta":{"ngg_post_thumbnail":0,"footnotes":""},"categories":[17],"tags":[],"class_list":["post-2070","post","type-post","status-publish","format-standard","hentry","category-jakl-president"],"_links":{"self":[{"href":"https:\/\/www.ladislavjakl.cz\/index.php?rest_route=\/wp\/v2\/posts\/2070","targetHints":{"allow":["GET"]}}],"collection":[{"href":"https:\/\/www.ladislavjakl.cz\/index.php?rest_route=\/wp\/v2\/posts"}],"about":[{"href":"https:\/\/www.ladislavjakl.cz\/index.php?rest_route=\/wp\/v2\/types\/post"}],"author":[{"embeddable":true,"href":"https:\/\/www.ladislavjakl.cz\/index.php?rest_route=\/wp\/v2\/users\/1"}],"replies":[{"embeddable":true,"href":"https:\/\/www.ladislavjakl.cz\/index.php?rest_route=%2Fwp%2Fv2%2Fcomments&post=2070"}],"version-history":[{"count":1,"href":"https:\/\/www.ladislavjakl.cz\/index.php?rest_route=\/wp\/v2\/posts\/2070\/revisions"}],"predecessor-version":[{"id":2071,"href":"https:\/\/www.ladislavjakl.cz\/index.php?rest_route=\/wp\/v2\/posts\/2070\/revisions\/2071"}],"wp:attachment":[{"href":"https:\/\/www.ladislavjakl.cz\/index.php?rest_route=%2Fwp%2Fv2%2Fmedia&parent=2070"}],"wp:term":[{"taxonomy":"category","embeddable":true,"href":"https:\/\/www.ladislavjakl.cz\/index.php?rest_route=%2Fwp%2Fv2%2Fcategories&post=2070"},{"taxonomy":"post_tag","embeddable":true,"href":"https:\/\/www.ladislavjakl.cz\/index.php?rest_route=%2Fwp%2Fv2%2Ftags&post=2070"}],"curies":[{"name":"wp","href":"https:\/\/api.w.org\/{rel}","templated":true}]}}