{"id":2076,"date":"2012-06-20T10:19:55","date_gmt":"2012-06-20T08:19:55","guid":{"rendered":"http:\/\/www.ladislavjakl.cz\/?p=2076"},"modified":"2012-06-20T10:19:55","modified_gmt":"2012-06-20T08:19:55","slug":"konecne-mam-kandidata-na-prezidenta-ladislava-jakla","status":"publish","type":"post","link":"https:\/\/www.ladislavjakl.cz\/?p=2076","title":{"rendered":"Kone\u010dn\u011b m\u00e1m kandid\u00e1ta na prezidenta &#8211; Ladislava Jakla."},"content":{"rendered":"<p>Mrzelo m\u011b, \u017ee se kandidatury vzdala Miroslava N\u011bmcov\u00e1. K  ostatn\u00edm ji\u017e zn\u00e1m\u00fdm kandid\u00e1t\u016fm m\u00e1m siln\u00e9 v\u00fdhrady. Na p\u0159\u00edklad nech\u00e1pu  jak je mo\u017en\u00e9, \u017ee ve v\u0161ech pr\u016fzkumech zat\u00edm vede Jan Fischer. Jeho vl\u00e1da  p\u0159ece m\u011bla zabr\u00e1nit propadu na\u0161eho rozpo\u010dtu v r. 2009.<\/p>\n<p><!--more-->Chybn\u00fd rozpo\u010det  tehdy sice vytvo\u0159ila Topol\u00e1nkova vl\u00e1da, ale v dob\u011b (z\u00e1\u0159\u00ed 2008) kdy nic  moc nenasv\u011bd\u010dovalo, \u017ee se krize bank s USA s takovou vahou p\u0159enese i do  Evropy. V dob\u011b, kdy u\u017e tu byla, za\u010d\u00e1tkem dubna 2009, m\u011bla zas\u00e1hnout  Fischerova vl\u00e1da s \u00fasporn\u00fdmi bal\u00ed\u010dky. Takto ten vysok\u00fd deficit se mus\u00ed  \u0159e\u0161it \u0161krty, kter\u00e9 tak znep\u0159\u00edjem\u0148uj\u00ed \u017eivot ob\u010dan\u016fm. Topol\u00e1nkova vl\u00e1da u\u017e  zas\u00e1hnout nemohla, ze zn\u00e1m\u00fdch d\u016fvod\u016f mand\u00e1tu nemaje.<\/p>\n<p><a name=\"t2\"><\/a><\/p>\n<div>\n<p>A tak jsem r\u00e1d, \u017ee m\u00e1me  kandid\u00e1ta, kter\u00fd se vyjad\u0159uje v\u011bcn\u011b spr\u00e1vn\u011b, um\u00ed pojmenovat probl\u00e9my, m\u00e1  nadhled a cit pro nads\u00e1zku. Prost\u011b je takov\u00fdm protip\u00f3lem toho, co  sl\u00fdch\u00e1me ve ve\u0159ejnopr\u00e1vn\u00edch m\u00e9di\u00edch a \u010dteme v denn\u00edm tisku. Vyjad\u0159uje se  i na tomto blogu k v\u011bcem, kter\u00e9 tak unikaj\u00ed, nebo je up\u0159\u00edmn\u011b  nezaj\u00edmaj\u00ed, ostatn\u00edm kandid\u00e1t\u016fm o prezidentsk\u00fd \u00fa\u0159ad. R\u016fzn\u00e9 ty mal\u00e9 kauzy  \u010dm\u00e1raj\u00edc\u00edho \u0159idi\u010de Smetany, provokace skupiny Ztohoven s odes\u00edl\u00e1n\u00edm  fale\u0161n\u00fdch SMS poslanc\u016fm a podobn\u011b. A nikoliv snad proto, aby byly tyto  aktivity n\u011bjak siln\u011b pran\u00fd\u0159ov\u00e1ny, sp\u00ed\u0161e proto, \u017ee jsou ur\u010ditou vlivnou  skupinou nejen omlouv\u00e1ny, ale i m\u00e1lem doporu\u010dov\u00e1ny.<\/p>\n<p>Prost\u011b m\u00e1m r\u00e1d, kdy\u017e maj\u00ed v\u011bci logiku. Kdy\u017e maj\u00ed hlavu a patu. Kdo  \u0161kod\u00ed jin\u00e9mu, nebo jin\u00fdm, nemohu jeho jedn\u00e1n\u00ed schvalovat, t\u00edm m\u00e9n\u011b  doporu\u010dovat. Kdy\u017e odhl\u00e9dnu od na\u0161ich mal\u00fdch region\u00e1ln\u00edch probl\u00e9m\u016f a  za\u0159ad\u00edm v\u011bt\u0161\u00ed\u00a0celek Evropu a cel\u00fd sv\u011bt. Environmentalismus &#8211;  n\u00e1bo\u017eenstv\u00ed, kter\u00e9 stoj\u00ed tento sv\u011bt ohromn\u00e9 finan\u010dn\u00ed v\u00fddaje, ale tak\u00e9  utrpen\u00ed cel\u00fdch n\u00e1rod\u016f v zem\u00edch, kde se m\u00edsto potravin na pol\u00edch p\u011bstuje  biomasa a biol\u00edh. A chim\u00e9ra glob\u00e1ln\u00edho oteplov\u00e1n\u00ed. V\u00fdroba elekt\u0159iny v  obnoviteln\u00fdch zdroj\u00edch, hlavn\u011b fotovoltaika a v\u011btrn\u00e9 parky velmi siln\u011b  zvy\u0161uj\u00ed ceny elekt\u0159iny pro dom\u00e1cnosti i pro podnikatelsk\u00fd sektor. Pro\u010d  proti tomu nejsou nam\u00ed\u0159eny odbor\u00e1\u0159sk\u00e9 protesty? V\u017edy\u0165 toto tah\u00e1 pen\u00edze  lidem s kapes.<\/p>\n<p>Je jasn\u00e9, \u017ee n\u00e1zory pana Jakla souzn\u00ed ve v\u011bt\u0161in\u011b p\u0159\u00edpad\u016f s n\u00e1zory  na\u0161eho pana prezidenta Klause. Ten u\u017e kandidovat nem\u016f\u017ee. Proto by bylo  pro spole\u010dnost v\u00edce ne\u017e \u017e\u00e1douc\u00ed, aby p\u0159\u00ed\u0161t\u00ed prezident tak\u00e9 tak \u00fa\u010dinn\u011b  dok\u00e1zal nastavovat zrcadlo v\u0161em t\u011bm nesmysln\u00fdm na\u0159\u00edzen\u00edm a sm\u011brnic\u00edm  Evropsk\u00e9 komise, snaze evropsk\u00fdch l\u00eddr\u016f vytvo\u0159it s Evropy politickou  unii, tomu nesmyslu s glob\u00e1ln\u00edm oteplov\u00e1n\u00edm, kter\u00e9 tak siln\u011b ztrp\u010duje  \u017eivot ohromn\u00e9mu mno\u017estv\u00ed lid\u00ed na na\u0161\u00ed modr\u00e9 planet\u011b.<\/p>\n<p>Pane Ladislave Jakle, je-li Va\u0161e kandidatura my\u0161lena v\u00e1\u017en\u011b, m\u00e1te m\u016fj jist\u00fd hlas.<\/p>\n<p><a href=\"http:\/\/vladimirzeman.blog.idnes.cz\/c\/275812\/Konecne-mam-kandidata-na-prezidenta-Ladislava-Jakla.html\" target=\"_blank\">Zdroj<\/a><\/div>\n","protected":false},"excerpt":{"rendered":"<p>Mrzelo m\u011b, \u017ee se kandidatury vzdala Miroslava N\u011bmcov\u00e1. K ostatn\u00edm ji\u017e zn\u00e1m\u00fdm kandid\u00e1t\u016fm m\u00e1m siln\u00e9 v\u00fdhrady. Na p\u0159\u00edklad nech\u00e1pu jak je mo\u017en\u00e9, \u017ee ve v\u0161ech pr\u016fzkumech zat\u00edm vede Jan Fischer. Jeho vl\u00e1da p\u0159ece m\u011bla zabr\u00e1nit propadu na\u0161eho rozpo\u010dtu v r. 2009.<\/p>\n","protected":false},"author":1,"featured_media":0,"comment_status":"open","ping_status":"open","sticky":false,"template":"","format":"standard","meta":{"ngg_post_thumbnail":0,"footnotes":""},"categories":[17],"tags":[],"class_list":["post-2076","post","type-post","status-publish","format-standard","hentry","category-jakl-president"],"_links":{"self":[{"href":"https:\/\/www.ladislavjakl.cz\/index.php?rest_route=\/wp\/v2\/posts\/2076","targetHints":{"allow":["GET"]}}],"collection":[{"href":"https:\/\/www.ladislavjakl.cz\/index.php?rest_route=\/wp\/v2\/posts"}],"about":[{"href":"https:\/\/www.ladislavjakl.cz\/index.php?rest_route=\/wp\/v2\/types\/post"}],"author":[{"embeddable":true,"href":"https:\/\/www.ladislavjakl.cz\/index.php?rest_route=\/wp\/v2\/users\/1"}],"replies":[{"embeddable":true,"href":"https:\/\/www.ladislavjakl.cz\/index.php?rest_route=%2Fwp%2Fv2%2Fcomments&post=2076"}],"version-history":[{"count":1,"href":"https:\/\/www.ladislavjakl.cz\/index.php?rest_route=\/wp\/v2\/posts\/2076\/revisions"}],"predecessor-version":[{"id":2077,"href":"https:\/\/www.ladislavjakl.cz\/index.php?rest_route=\/wp\/v2\/posts\/2076\/revisions\/2077"}],"wp:attachment":[{"href":"https:\/\/www.ladislavjakl.cz\/index.php?rest_route=%2Fwp%2Fv2%2Fmedia&parent=2076"}],"wp:term":[{"taxonomy":"category","embeddable":true,"href":"https:\/\/www.ladislavjakl.cz\/index.php?rest_route=%2Fwp%2Fv2%2Fcategories&post=2076"},{"taxonomy":"post_tag","embeddable":true,"href":"https:\/\/www.ladislavjakl.cz\/index.php?rest_route=%2Fwp%2Fv2%2Ftags&post=2076"}],"curies":[{"name":"wp","href":"https:\/\/api.w.org\/{rel}","templated":true}]}}