{"id":2078,"date":"2012-06-20T10:21:54","date_gmt":"2012-06-20T08:21:54","guid":{"rendered":"http:\/\/www.ladislavjakl.cz\/?p=2078"},"modified":"2012-06-20T10:21:54","modified_gmt":"2012-06-20T08:21:54","slug":"jakl-na-hrad-zni-ze-strany-svobodnych-obcanu","status":"publish","type":"post","link":"https:\/\/www.ladislavjakl.cz\/?p=2078","title":{"rendered":"Jakl na Hrad, zn\u00ed ze Strany svobodn\u00fdch ob\u010dan\u016f"},"content":{"rendered":"<p>Ladislav Jakl, tajemn\u00edk prezidenta V\u00e1clava Klause, z\u00edskal nominaci  neparlamentn\u00ed Strany svobodn\u00fdch ob\u010dan\u016f pro kandidaturu na Hrad. Jakl byl  jedin\u00fdm kandid\u00e1tem a v prezidentsk\u00fdch prim\u00e1rk\u00e1ch pro n\u011bj hlasovalo 88  procent z 35 procent z\u00fa\u010dastn\u011bn\u00fdch \u010dlen\u016f a p\u0159\u00edznivc\u016f strany, sd\u011blil po  ned\u011bln\u00edm republikov\u00e9m sn\u011bmu strany p\u0159edseda Petr Mach.<\/p>\n<p><!--more--><\/p>\n<p>&#8222;S pot\u011b\u0161en\u00edm jsem p\u0159ijal podporu Svobodn\u00fdch na prezidentskou  kandidaturu,&#8220; \u0159ekl na sn\u011bmu Jakl. Prezident\u016fv tajemn\u00edk m\u011bl podle Macha  podporu veden\u00ed strany, kter\u00e1 nyn\u00ed za\u010dne sb\u00edrat pot\u0159ebn\u00fdch 50.000 podpis\u016f  pod petici za Jaklovu prezidentskou kandidaturu.<\/p>\n<p>Svobodn\u00ed maj\u00ed  p\u0159es tis\u00edc \u010dlen\u016f a registrovan\u00fdch p\u0159\u00edznivc\u016f, kte\u0159\u00ed mohli hlasovat o  podpo\u0159e Jakla. Pokud se\u017eenou pot\u0159ebn\u00e9 podpisy ob\u010dan\u016f, Jakl se po\u010d\u00e1tkem  p\u0159\u00ed\u0161t\u00edho roku v p\u0159\u00edm\u00fdch prezidentsk\u00fdch volb\u00e1ch utk\u00e1 s expremi\u00e9ry <a title=\"http:\/\/tema.novinky.cz\/jan-fischer\" href=\"http:\/\/tema.novinky.cz\/jan-fischer\">Janem Fischerem<\/a> a <a title=\"http:\/\/tema.novinky.cz\/milos-zeman\" href=\"http:\/\/tema.novinky.cz\/milos-zeman\">Milo\u0161em Zemanem<\/a>, kte\u0159\u00ed jsou na prvn\u00edch dvou m\u00edstech volebn\u00edch preferenc\u00ed.<\/p>\n<p>K dal\u0161\u00edm kandid\u00e1t\u016fm pat\u0159\u00ed nap\u0159\u00edklad \u0161\u00e9f <a title=\"http:\/\/tema.novinky.cz\/top-09\" href=\"http:\/\/tema.novinky.cz\/top-09\">TOP 09<\/a> a ministr zahrani\u010d\u00ed <a title=\"http:\/\/tema.novinky.cz\/karel-schwarzenberg\" href=\"http:\/\/tema.novinky.cz\/karel-schwarzenberg\">Karel Schwarzenberg<\/a> a sen\u00e1tor a m\u00edstop\u0159edseda <a title=\"http:\/\/tema.novinky.cz\/cssd\" href=\"http:\/\/tema.novinky.cz\/cssd\">\u010cSSD<\/a> <a title=\"http:\/\/tema.novinky.cz\/jiri-dienstbier\" href=\"http:\/\/tema.novinky.cz\/jiri-dienstbier\">Ji\u0159\u00ed Dienstbier<\/a>. V prezidentsk\u00fdch prim\u00e1rk\u00e1ch <a title=\"http:\/\/tema.novinky.cz\/ods\" href=\"http:\/\/tema.novinky.cz\/ods\">ODS<\/a> vede sen\u00e1tor <a title=\"http:\/\/tema.novinky.cz\/premysl-sobotka\" href=\"http:\/\/tema.novinky.cz\/premysl-sobotka\">P\u0159emysl Sobotka<\/a>.<\/p>\n<p>Svobodn\u00ed se profiluj\u00ed jako pravicov\u00e1 euroskeptick\u00e1 strana. Tvrd\u00ed, \u017ee pokud se nepoda\u0159\u00ed prosadit z\u00e1sadn\u00ed zm\u011bny <a title=\"http:\/\/tema.novinky.cz\/evropska-unie\" href=\"http:\/\/tema.novinky.cz\/evropska-unie\">Evropsk\u00e9 unie<\/a>, m\u011bla by ji \u010cesk\u00e1 republika opustit.<\/p>\n<p><a href=\"http:\/\/www.novinky.cz\/domaci\/270735-jakl-na-hrad-zni-ze-strany-svobodnych-obcanu.html\" target=\"_blank\">Zdroj<\/a><\/p>\n","protected":false},"excerpt":{"rendered":"<p>Ladislav Jakl, tajemn\u00edk prezidenta V\u00e1clava Klause, z\u00edskal nominaci neparlamentn\u00ed Strany svobodn\u00fdch ob\u010dan\u016f pro kandidaturu na Hrad. Jakl byl jedin\u00fdm kandid\u00e1tem a v prezidentsk\u00fdch prim\u00e1rk\u00e1ch pro n\u011bj hlasovalo 88 procent z 35 procent z\u00fa\u010dastn\u011bn\u00fdch \u010dlen\u016f a p\u0159\u00edznivc\u016f strany, sd\u011blil po ned\u011bln\u00edm republikov\u00e9m sn\u011bmu strany p\u0159edseda Petr Mach.<\/p>\n","protected":false},"author":1,"featured_media":0,"comment_status":"open","ping_status":"open","sticky":false,"template":"","format":"standard","meta":{"ngg_post_thumbnail":0,"footnotes":""},"categories":[17],"tags":[],"class_list":["post-2078","post","type-post","status-publish","format-standard","hentry","category-jakl-president"],"_links":{"self":[{"href":"https:\/\/www.ladislavjakl.cz\/index.php?rest_route=\/wp\/v2\/posts\/2078","targetHints":{"allow":["GET"]}}],"collection":[{"href":"https:\/\/www.ladislavjakl.cz\/index.php?rest_route=\/wp\/v2\/posts"}],"about":[{"href":"https:\/\/www.ladislavjakl.cz\/index.php?rest_route=\/wp\/v2\/types\/post"}],"author":[{"embeddable":true,"href":"https:\/\/www.ladislavjakl.cz\/index.php?rest_route=\/wp\/v2\/users\/1"}],"replies":[{"embeddable":true,"href":"https:\/\/www.ladislavjakl.cz\/index.php?rest_route=%2Fwp%2Fv2%2Fcomments&post=2078"}],"version-history":[{"count":1,"href":"https:\/\/www.ladislavjakl.cz\/index.php?rest_route=\/wp\/v2\/posts\/2078\/revisions"}],"predecessor-version":[{"id":2079,"href":"https:\/\/www.ladislavjakl.cz\/index.php?rest_route=\/wp\/v2\/posts\/2078\/revisions\/2079"}],"wp:attachment":[{"href":"https:\/\/www.ladislavjakl.cz\/index.php?rest_route=%2Fwp%2Fv2%2Fmedia&parent=2078"}],"wp:term":[{"taxonomy":"category","embeddable":true,"href":"https:\/\/www.ladislavjakl.cz\/index.php?rest_route=%2Fwp%2Fv2%2Fcategories&post=2078"},{"taxonomy":"post_tag","embeddable":true,"href":"https:\/\/www.ladislavjakl.cz\/index.php?rest_route=%2Fwp%2Fv2%2Ftags&post=2078"}],"curies":[{"name":"wp","href":"https:\/\/api.w.org\/{rel}","templated":true}]}}