{"id":2081,"date":"2012-06-20T12:38:16","date_gmt":"2012-06-20T10:38:16","guid":{"rendered":"http:\/\/www.ladislavjakl.cz\/?p=2081"},"modified":"2012-06-20T12:38:16","modified_gmt":"2012-06-20T10:38:16","slug":"vaha-slova-v-casopise-tyden","status":"publish","type":"post","link":"https:\/\/www.ladislavjakl.cz\/?p=2081","title":{"rendered":"V\u00e1ha slova v \u010dasopise T\u00fdden"},"content":{"rendered":"<p style=\"margin-bottom:12.0pt\"><strong><span style=\"font-size:10.0pt; font-family:&quot;Tahoma&quot;,&quot;sans-serif&quot;\">From:<\/span><\/strong><span style=\"font-size:10.0pt; font-family:&quot;Tahoma&quot;,&quot;sans-serif&quot;\"> Jakl Ladislav<br \/>\n<strong>Sent:<\/strong> Wednesday, June 20, 2012 10:41 AM<br \/>\n<strong>To:<\/strong> &#8218;Tom\u00e1\u0161 Menschik&#8216;<br \/>\n<strong>Subject:<\/strong> RE: ot\u00e1zky\/ T\u00fdden<\/span><\/p>\n<p><span style=\"font-size:10.0pt;font-family:&quot;Arial&quot;,&quot;sans-serif&quot;; color:blue\"><!--more-->Dobr\u00fd den.<\/span><\/p>\n<p><span style=\"font-size:10.0pt;font-family:&quot;Arial&quot;,&quot;sans-serif&quot;; color:blue\">D\u011bkuji p\u011bkn\u011b za zve\u0159ejn\u011bn\u00ed m\u00fdch odpov\u011bd\u00ed. Mus\u00edm ale \u0159\u00edci, \u017ee s jist\u00fdmi rozpaky jsem zjistil, pod jak\u00fdm titulkem jsou nab\u00edzeny Va\u0161im \u010dten\u00e1\u0159\u016f. Pom\u00edj\u00edm \u00favodn\u00ed roztomilost o tom, jak \u017ee se mi nechce z Hradu. Titulek &#8222;Prezidentsk\u00fd kandid\u00e1t Jakl: Jsem lep\u0161\u00ed ne\u017e profesor z Detroitu&#8220; je toti\u017e nepravdiv\u00fd. Nikdy jsem ne\u0159ekl, \u017ee jsem lep\u0161\u00ed, slovo &#8222;profesor&#8220; jsem nepou\u017eil j\u00e1 ale Vy,\u00a0a\u00a0v\u00edm, \u017ee je rozd\u00edl mezi\u00a0p\u0159edlo\u017ekou &#8222;od&#8220;, kterou jsem\u00a0pou\u017eil, a p\u0159edlo\u017ekou &#8222;z&#8220;, kterou jsem v\u011bdom\u011b nepou\u017eil.<\/span><\/p>\n<p><span style=\"font-size:10.0pt;font-family:&quot;Arial&quot;,&quot;sans-serif&quot;; color:blue\">Mo\u017en\u00e1 to Va\u0161emi ne\u0161ikovn\u00e9mu editorovi p\u0159ijde jedno, slovo jako slovo, jsou to jen opisy a synonyma, ale j\u00e1 zn\u00e1m cenu slov a beru jejich v\u00fdznam v\u00e1\u017en\u011b. Proto je vol\u00edm p\u0159esn\u011b a s rozmyslem. Jsem zvykl\u00fd na to, \u017ee m\u011b novin\u00e1\u0159i peskuj\u00ed za r\u016fzn\u00e9 m\u00e9 n\u00e1zory. Ale \u010dasto m\u011b rozmrz\u00ed, kdy\u017e m\u011b peskuj\u00ed i za v\u00fdroky, kter\u00e9 jsem ani ne\u0159ekl. Jen\u017ee titulky \u017eij\u00ed sv\u00fdm \u017eivotem a tak je velmi pravd\u011bpodobn\u00e9, \u017ee se mi ka\u017edou chv\u00edli\u00a0bude posm\u00edvat za to, \u017ee pr\u00fd o sob\u011b tvrd\u00edm, \u017ee jsem lep\u0161\u00ed, \u017ee p\u0159ij\u00edm\u00e1m neexistuj\u00edc\u00ed titul a \u017ee nev\u00edm, kde onen p\u00e1n u\u010d\u00ed, jen proto, \u017ee mi to jednou V\u00e1\u0161 editor vsunul do \u00fast.<\/span><\/p>\n<p><span style=\"font-size:10.0pt;font-family:&quot;Arial&quot;,&quot;sans-serif&quot;; color:blue\">P\u0159\u00edslu\u0161n\u00e1 pas\u00e1\u017e na\u0161eho rozhovoru zn\u00ed<\/span><\/p>\n<p><span style=\"font-size:10.0pt;font-family:&quot;Arial&quot;,&quot;sans-serif&quot;; color:blue\">&#8222;Na rozd\u00edl od nap\u0159\u00edklad profesora Jana \u0160vejnara i expremi\u00e9ra Jana Fischera byste asi nebyl konsensu\u00e1ln\u00ed politik&#8230;<\/span><\/p>\n<p><strong> <span style=\"font-size:10.0pt; font-family:&quot;Arial&quot;,&quot;sans-serif&quot;;color:blue\">Nev\u00edm, co je na t\u011bchto dvou lidech konsensu\u00e1ln\u00edho. Nap\u0159\u00edklad na tom u\u010diteli od Detroitu.<\/span><\/strong> <span style=\"font-size:10.0pt;font-family:&quot;Arial&quot;,&quot;sans-serif&quot;;color:blue\">..&#8220;<\/span><\/p>\n<p><span style=\"font-size:10.0pt;font-family:&quot;Arial&quot;,&quot;sans-serif&quot;; color:blue\"> <\/span><\/p>\n<p><span style=\"font-size:10.0pt;font-family:&quot;Arial&quot;,&quot;sans-serif&quot;; color:blue\">Jak vid\u00edte, ne\u0159\u00edk\u00e1m, \u017ee jsem lep\u0161\u00ed, nemluv\u00edm o profesorovi a neposazuji ho do Detroitu. To je v p\u00e1r slovech docela dost v\u00fdznamov\u00fdch posun\u016f. Vzka\u017ete, pros\u00edm, Va\u0161emu editorovi, \u017ee je tak trochu trdlo.<\/span><\/p>\n<p><span style=\"font-size:10.0pt;font-family:&quot;Arial&quot;,&quot;sans-serif&quot;; color:blue\">Zdrav\u00ed<\/span><\/p>\n<p><span style=\"font-size:10.0pt;font-family:&quot;Arial&quot;,&quot;sans-serif&quot;; color:blue\">L. Jakl<\/span><\/p>\n","protected":false},"excerpt":{"rendered":"<p>From: Jakl Ladislav Sent: Wednesday, June 20, 2012 10:41 AM To: &#8218;Tom\u00e1\u0161 Menschik&#8216; Subject: RE: ot\u00e1zky\/ T\u00fdden<\/p>\n","protected":false},"author":1,"featured_media":0,"comment_status":"open","ping_status":"open","sticky":false,"template":"","format":"standard","meta":{"ngg_post_thumbnail":0,"footnotes":""},"categories":[6],"tags":[],"class_list":["post-2081","post","type-post","status-publish","format-standard","hentry","category-co-jsem-nerekl"],"_links":{"self":[{"href":"https:\/\/www.ladislavjakl.cz\/index.php?rest_route=\/wp\/v2\/posts\/2081","targetHints":{"allow":["GET"]}}],"collection":[{"href":"https:\/\/www.ladislavjakl.cz\/index.php?rest_route=\/wp\/v2\/posts"}],"about":[{"href":"https:\/\/www.ladislavjakl.cz\/index.php?rest_route=\/wp\/v2\/types\/post"}],"author":[{"embeddable":true,"href":"https:\/\/www.ladislavjakl.cz\/index.php?rest_route=\/wp\/v2\/users\/1"}],"replies":[{"embeddable":true,"href":"https:\/\/www.ladislavjakl.cz\/index.php?rest_route=%2Fwp%2Fv2%2Fcomments&post=2081"}],"version-history":[{"count":1,"href":"https:\/\/www.ladislavjakl.cz\/index.php?rest_route=\/wp\/v2\/posts\/2081\/revisions"}],"predecessor-version":[{"id":2082,"href":"https:\/\/www.ladislavjakl.cz\/index.php?rest_route=\/wp\/v2\/posts\/2081\/revisions\/2082"}],"wp:attachment":[{"href":"https:\/\/www.ladislavjakl.cz\/index.php?rest_route=%2Fwp%2Fv2%2Fmedia&parent=2081"}],"wp:term":[{"taxonomy":"category","embeddable":true,"href":"https:\/\/www.ladislavjakl.cz\/index.php?rest_route=%2Fwp%2Fv2%2Fcategories&post=2081"},{"taxonomy":"post_tag","embeddable":true,"href":"https:\/\/www.ladislavjakl.cz\/index.php?rest_route=%2Fwp%2Fv2%2Ftags&post=2081"}],"curies":[{"name":"wp","href":"https:\/\/api.w.org\/{rel}","templated":true}]}}