{"id":2083,"date":"2012-06-20T12:40:07","date_gmt":"2012-06-20T10:40:07","guid":{"rendered":"http:\/\/www.ladislavjakl.cz\/?p=2083"},"modified":"2012-06-20T12:40:07","modified_gmt":"2012-06-20T10:40:07","slug":"prezidentsky-kandidat-jakl-neusiloval-bych-o-jinou-evropu-nejsem-goebbels","status":"publish","type":"post","link":"https:\/\/www.ladislavjakl.cz\/?p=2083","title":{"rendered":"Prezidentsk\u00fd kandid\u00e1t Jakl: Neusiloval bych o jinou Evropu, nejsem Goebbels"},"content":{"rendered":"<p>Praha \u2013 B\u00fdval\u00fd novin\u00e1\u0159 a sou\u010dasn\u00fd hradn\u00ed \u00fa\u0159edn\u00edk  Ladislav Jakl se rozhodl vystoupit ze st\u00ednu V\u00e1clava Klause. V ned\u011bli ho  Strana svobodn\u00fdch ob\u010dan\u016f nominovala na prezidentsk\u00e9ho kandid\u00e1ta.<\/p>\n<p><!--more--><\/p>\n<p>Jej\u00ed  \u0161\u00e9f Petr Mach to zd\u016fvodnil takto: \u201eChceme m\u00edt kandid\u00e1ta, kter\u00fd skrze  jmenov\u00e1n\u00ed bankovn\u00ed rady \u010cNB zajist\u00ed pokra\u010dov\u00e1n\u00ed zdrav\u00e9 m\u011bnov\u00e9 politiky,  nedopust\u00ed dal\u0161\u00ed p\u0159esouv\u00e1n\u00ed pravomoc\u00ed a pen\u011bz na Evropskou unii a bude  sn\u011bmovn\u011b vracet z\u00e1kony omezuj\u00edc\u00ed svobodu \u010dlov\u011bka.&#8220;<\/p>\n<p><span>Podle \u010dervnov\u00e9ho pr\u016fzkumu agentury Median by si lid\u00e9 nejv\u00edc p\u0159\u00e1li na Hrad\u011b (36 procent), druh\u00e9 <a id=\"anchorbbtBubble15\">m\u00edsto<span id=\"overbbtBubble15\" style=\"position: absolute; left: 0px; top: 0px; width: 33px; height: 18px; overflow: hidden; border: medium none;\"> <\/span><\/a> dr\u017e\u00ed Milo\u0161 Zeman s 12,5 procenta a t\u0159et\u00ed <a id=\"anchorbbtBubble25\">Jan<\/a> \u0160vejnar (11,5 procenta).<\/p>\n<p><strong>Kdy a pro\u010d jste <a id=\"anchorbbtBubble34\">za\u010dal<\/a> uva\u017eovat o tom, \u017ee byste se <a id=\"anchorbbtBubble41\">mohl<\/a> st\u00e1t n\u00e1stupcem V\u00e1clava Klause?<br \/>\n<\/strong>U\u017e  v mate\u0159sk\u00e9 \u0161kolce, v Chebu v Komensk\u00e9ho ulici v roce 1964. Ale v\u011bd\u011bl  jsem, \u017ee si chv\u00edli budu muset po\u010dkat. Nyn\u00ed v\u00edm, \u017ee ta chv\u00edle p\u0159ich\u00e1z\u00ed.  Ur\u010dit\u011b to tak\u00e9 c\u00edt\u00edte.<\/p>\n<p><strong>O prezidentsk\u00fd \u00fa\u0159ad se uch\u00e1zej\u00ed dlouholet\u00ed politici, b\u00fdval\u00ed  premi\u00e9\u0159i, profeso\u0159i. Vy jste z tohoto pohledu \u201ejen&#8220; tajemn\u00edk hlavy  st\u00e1tu, b\u00fdval\u00fd novin\u00e1\u0159 a rocker. Nevn\u00edm\u00e1te to jako diskvalifikuj\u00edc\u00ed  moment?<\/strong><br \/>\nRozdala jste p\u011bkn\u00e9 n\u00e1lepky. Mn\u011b i t\u011bm medi\u00e1ln\u00edm  mil\u00e1\u010dk\u016fm. J\u00e1 tam ale vid\u00edm jen n\u011bjak\u00e9ho u\u010ditele od Detroitu, kter\u00fd by  pro za\u010d\u00e1tek sv\u00e9 politick\u00e9 kari\u00e9ry snad vzal tu funkci prezidenta v t\u00e9  \u010cesk\u00e9 republice, pak p\u00e1r b\u00fdval\u00fdch komunist\u016f a lid\u00ed, kte\u0159\u00ed i za slun\u00ed\u010dka  chod\u00ed s de\u0161tn\u00edkem nad hlavou, proto\u017ee v Bruselu p\u0159ece zrovna pr\u0161\u00ed.  Mimochodem, jsem tak\u00e9 b\u00fdval\u00fd poslanec, vedouc\u00ed \u00da\u0159adu rady \u010cesk\u00e9  republiky pro rozhlasov\u00e9 vys\u00edl\u00e1n\u00ed a p\u0159edseda Prvn\u00ed pivn\u00ed extraligy. To  je v\u00e1m m\u00e1lo?<\/p>\n<p><strong>Nominovala V\u00e1s Strana svobodn\u00fdch ob\u010dan\u016f, kter\u00e1 se profiluje  jako v\u00fdrazn\u011b euroskeptick\u00e1. Pokud byste se stal prezidentem, o jakou  Evropu byste usiloval?<\/strong><br \/>\nSvobodn\u00ed nejsou euroskeptickou  stanou. Jsou stranou h\u00e1j\u00edc\u00ed svobodu lid\u00ed proti v\u0161em n\u00e1siln\u00fdm etatism\u016fm,  v\u010detn\u011b t\u011bch etatism\u016f bruselsk\u00fdch. J\u00e1 bych neusiloval o \u017e\u00e1dnou jinou  Evropu, nejsem Goebbels. J\u00e1 bych usiloval o v\u011bt\u0161\u00ed svobodu pro ka\u017ed\u00e9ho  \u010dlov\u011bka.<\/p>\n<p><strong>Sn\u011bmovna nyn\u00ed projedn\u00e1v\u00e1 z\u00e1kon o c\u00edrkevn\u00edch restituc\u00edch. Souhlas\u00edte s vl\u00e1dn\u00ed p\u0159edlohou?<br \/>\n<\/strong>Ne.<\/p>\n<p><strong>Ne\u010das\u016fv kabinet tak\u00e9 bude rozhodovat o dostavb\u011b Temel\u00edna.  Jak\u00e1 krit\u00e9ria jsou podle v\u00e1s pro v\u00fdb\u011br dodavatele kl\u00ed\u010dov\u00e1? B\u00e1l byste se  rusk\u00e9ho partnera?<\/strong><br \/>\nB\u00e1l  bych se toho, kdo by cht\u011bl p\u0159\u00edli\u0161 mnoho pen\u011bz za p\u0159\u00edli\u0161 m\u00e1lo kvalitn\u00ed  pr\u00e1ci. A zelen\u00fdch terorist\u016f, kte\u0159\u00ed dostavbu cht\u011bj\u00ed zma\u0159it.<\/p>\n<p><strong>P\u0159ed \u010dty\u0159mi m\u011bs\u00edci, kdy byla schv\u00e1lena p\u0159\u00edm\u00e1 volba, jste mi  \u0159ekl, \u017ee byste do sv\u00e9 kampan\u011b neinvestoval v\u00edc ne\u017e p\u011bt tis\u00edc korun.  Tehdy jsem to brala jako \u017eert. Kde tedy chcete finance sh\u00e1n\u011bt a kolik  hodl\u00e1te utratit?<br \/>\n<\/strong>Kampa\u0148 za mne povedou m\u00e9dia. Jsem jejich velk\u00fd obl\u00edbenec.<\/p>\n<p><a href=\"http:\/\/www.denik.cz\/z_domova\/prezidentsky-kandidat-jakl-neusiloval-bych-o-jinou-evropu-nejsem-goebbels-201206.html?_fid=j1a9\" target=\"_blank\">Zdroj<\/a><\/p>\n<p><\/span><\/p>\n","protected":false},"excerpt":{"rendered":"<p>Praha \u2013 B\u00fdval\u00fd novin\u00e1\u0159 a sou\u010dasn\u00fd hradn\u00ed \u00fa\u0159edn\u00edk Ladislav Jakl se rozhodl vystoupit ze st\u00ednu V\u00e1clava Klause. V ned\u011bli ho Strana svobodn\u00fdch ob\u010dan\u016f nominovala na prezidentsk\u00e9ho kandid\u00e1ta.<\/p>\n","protected":false},"author":1,"featured_media":0,"comment_status":"open","ping_status":"open","sticky":false,"template":"","format":"standard","meta":{"ngg_post_thumbnail":0,"footnotes":""},"categories":[17],"tags":[],"class_list":["post-2083","post","type-post","status-publish","format-standard","hentry","category-jakl-president"],"_links":{"self":[{"href":"https:\/\/www.ladislavjakl.cz\/index.php?rest_route=\/wp\/v2\/posts\/2083","targetHints":{"allow":["GET"]}}],"collection":[{"href":"https:\/\/www.ladislavjakl.cz\/index.php?rest_route=\/wp\/v2\/posts"}],"about":[{"href":"https:\/\/www.ladislavjakl.cz\/index.php?rest_route=\/wp\/v2\/types\/post"}],"author":[{"embeddable":true,"href":"https:\/\/www.ladislavjakl.cz\/index.php?rest_route=\/wp\/v2\/users\/1"}],"replies":[{"embeddable":true,"href":"https:\/\/www.ladislavjakl.cz\/index.php?rest_route=%2Fwp%2Fv2%2Fcomments&post=2083"}],"version-history":[{"count":1,"href":"https:\/\/www.ladislavjakl.cz\/index.php?rest_route=\/wp\/v2\/posts\/2083\/revisions"}],"predecessor-version":[{"id":2084,"href":"https:\/\/www.ladislavjakl.cz\/index.php?rest_route=\/wp\/v2\/posts\/2083\/revisions\/2084"}],"wp:attachment":[{"href":"https:\/\/www.ladislavjakl.cz\/index.php?rest_route=%2Fwp%2Fv2%2Fmedia&parent=2083"}],"wp:term":[{"taxonomy":"category","embeddable":true,"href":"https:\/\/www.ladislavjakl.cz\/index.php?rest_route=%2Fwp%2Fv2%2Fcategories&post=2083"},{"taxonomy":"post_tag","embeddable":true,"href":"https:\/\/www.ladislavjakl.cz\/index.php?rest_route=%2Fwp%2Fv2%2Ftags&post=2083"}],"curies":[{"name":"wp","href":"https:\/\/api.w.org\/{rel}","templated":true}]}}