{"id":2085,"date":"2012-06-20T12:41:37","date_gmt":"2012-06-20T10:41:37","guid":{"rendered":"http:\/\/www.ladislavjakl.cz\/?p=2085"},"modified":"2012-06-20T12:41:37","modified_gmt":"2012-06-20T10:41:37","slug":"ladislav-jakl-nejsem-mene-konsensualni-nez-ucitel-od-detroitu","status":"publish","type":"post","link":"https:\/\/www.ladislavjakl.cz\/?p=2085","title":{"rendered":"Ladislav Jakl: nejsem m\u00e9n\u011b konsensu\u00e1ln\u00ed ne\u017e u\u010ditel od Detroitu"},"content":{"rendered":"<p><strong><span>Prezidentsk\u00fd kandid\u00e1t Jakl: Jsem lep\u0161\u00ed ne\u017e profesor z Detroitu<\/span><\/strong><\/p>\n<div id=\"lightbox-search\">\n<p>V ned\u011bli ho neparlamentn\u00ed strana Svobodn\u00fdch u\u010dinila sv\u00fdm  kandid\u00e1tem na prezidenta. Od t\u00e9 doby se tajemn\u00edk sou\u010dasn\u00e9ho prezidenta  Ladislav Jakl se ke sv\u00fdm ambic\u00edm nevyjad\u0159oval. Te\u010f p\u0159es e-mail poslal  on-line den\u00edku T\u00ddDEN.CZ odpov\u011bdi na n\u011bkolik dotaz\u016f. Nejv\u00edc se v nich  vymezuje proti &#8222;profesorovi od Detroitu&#8220; Janu \u0160vejnarovi.<\/p>\n<p><strong><!--more--><br \/>\n<\/strong><\/p>\n<p><strong>D\u0159\u00edv jste se k va\u0161\u00ed kandidatu\u0159e vyjad\u0159oval ironicky. V  rozhovoru pro \u010dasopis T\u00ddDEN jste se nap\u0159\u00edklad ptal, zda jste blb\u011bj\u0161\u00ed ne\u017e  ostatn\u00ed. Te\u010f se kandidaturou zab\u00fdv\u00e1te v\u00e1\u017en\u011b?<\/strong><\/p>\n<p>J\u00e1 a ironie? S n\u011b\u010d\u00edm tak podivn\u00fdm jsem nikdy nem\u011bl nic spole\u010dn\u00e9ho.<\/p>\n<p><strong>D\u0159\u00edv jste zpochyb\u0148oval princip p\u0159\u00edm\u00e9 volby. St\u00e1le si mysl\u00edte p\u016fjde o cirkus?<\/strong><\/p>\n<p>Ano, to si st\u00e1le mysl\u00edm. Bude to ar\u00e9na pro velk\u00e9 viditeln\u00e9 i  neviditeln\u00e9 pen\u00edze a medi\u00e1ln\u00ed vlivy. Ale to nen\u00ed jedin\u00fd d\u016fvod, pro\u010d se  domn\u00edvat, \u017ee p\u0159\u00edm\u00e1 volba je chybou. T\u00edm hlavn\u00edm je naprost\u00e1  nekompatibilita tohoto institutu s na\u0161\u00edm \u00fastavn\u00edm syst\u00e9mem.<\/p>\n<p><strong>Pro\u010d tedy chcete v takov\u00e9m cirkusu \u00fa\u010dinkovat?<\/strong><\/p>\n<p>U\u017e jsem se v \u017eivot\u011b \u00fa\u010dastnil mnoha her a proces\u016f, jejich\u017e pravidla  jsem si nevymyslel. Respektuji, \u017ee p\u0159\u00edm\u00e1 volba je skute\u010dnost\u00ed. A pokud  m\u00e1 v\u016fbec n\u011bjakou v\u00fdhodu oproti nep\u0159\u00edm\u00e9, pak je to fakt, \u017ee v t\u00e9 p\u0159\u00edm\u00e9  m\u00e1m velk\u00e9 \u0161ance.<\/p>\n<p><strong>Skute\u010dn\u011b se z\u00fa\u010dastn\u00edte kampan\u011b?<\/strong><\/p>\n<p>Ta u\u017e p\u0159ece prob\u00edh\u00e1. Nap\u0159\u00edklad va\u0161\u00ed z\u00e1sluhou, pane redaktore.<\/p>\n<p><strong>Z\u00e1rove\u0148 s p\u0159\u00edmou volbou podle v\u00e1s kon\u010d\u00ed klid a m\u00edr v \u010desk\u00e9m  \u00fastavn\u00edm po\u0159\u00e1dku. Platilo by to i pro va\u0161e prezidentstv\u00ed, kdybyste se  stal hlavou st\u00e1tu?<\/strong><\/p>\n<p>Bude to platit pro ka\u017ed\u00e9ho p\u0159\u00edmo volen\u00e9ho prezidenta. Je\u0161t\u011b se budeme v\u0161ichni hodn\u011b divit.<\/p>\n<p><strong>Dva nejv\u00e1\u017en\u011bj\u0161\u00ed kandid\u00e1ti jsou podle pr\u016fzkum\u016f b\u00fdval\u00fdmi premi\u00e9ry. Nevn\u00edm\u00e1te jako handicap, \u017ee v\u00e1m chyb\u00ed zku\u0161enost z vl\u00e1dy?<\/strong><\/p>\n<p>Nev\u00edm, jak jste do\u0161el k tomu, kdo je nejv\u00e1\u017een\u011bj\u0161\u00edm kandid\u00e1tem. Za  prv\u00e9 &#8211; \u017e\u00e1dn\u00ed kandid\u00e1ti dosud neexistuj\u00ed. Existuj\u00ed jen lid\u00e9, kte\u0159\u00ed o sob\u011b  nech\u00e1vaj\u00ed mluvit jako o kandid\u00e1tech, a lid\u00e9, o kter\u00fdch se jako o  kandid\u00e1tech po\u0159\u00e1d dokola mluv\u00ed, aby se n\u00e1rod nau\u010dil jejich seznam  zpam\u011bti a ka\u017ed\u00e9 jin\u00e9 eventu\u00e1ln\u00ed jm\u00e9no mu pak p\u0159ipadalo divn\u00e9. Za druh\u00e9 &#8211;  pokud vych\u00e1z\u00edte z n\u011bjak\u00fdch pr\u016fzkum\u016f, pak ty m\u011b\u0159\u00ed pouze to, co jim  serv\u00edruj\u00ed m\u00e9dia. Ta ostatn\u011b u\u017e skoro rok vytv\u00e1\u0159ej\u00ed pocit, \u017ee volby budou  z\u00edtra. A za t\u0159et\u00ed: doty\u010dn\u00ed zcela jist\u011b vn\u00edmaj\u00ed sv\u00e9 z\u00e1sadn\u00ed handicapy  v\u016f\u010di mn\u011b. Zeptejte se jich.<\/p>\n<p><strong>Na rozd\u00edl nap\u0159\u00edklad od profesora Jana \u0160vejnara i expremi\u00e9ra  Jana Fischera byste asi nebyl konsensu\u00e1ln\u00ed politik. M\u00e1 takov\u00fd kandid\u00e1t  \u0161anci na \u00fasp\u011bch v p\u0159\u00edm\u00e9 volb\u011b?<\/strong><\/p>\n<p>Nev\u00edm, co je na t\u011bchto dvou lidech konsensu\u00e1ln\u00edho. Nap\u0159\u00edklad na tom  u\u010diteli od Detroitu, kter\u00fd si \u0159ekl, \u017ee by to u n\u00e1s zkusil s politikou a  \u017ee pro za\u010d\u00e1tek vezme t\u0159eba toho prezidenta, jako takov\u00fd p\u011bkn\u00fd start do  politick\u00e9 kari\u00e9ry. Hlavn\u011b jsou ale oba konsensu\u00e1ln\u00ed tak leda v\u016f\u010di  n\u00e1zor\u016fm \u010desk\u00fdch novin\u00e1\u0159\u016f. N\u00e1zory b\u011b\u017en\u00fdch lid\u00e9 zcela jist\u011b v\u011brn\u011bji  artikuluji j\u00e1.<\/p>\n<p><strong>Nakolik se v p\u0159edvolebn\u00ed kampani nebo p\u0159\u00edpadn\u011b i ve funkci chcete inspirovat V\u00e1clavem Klausem? <\/strong><\/p>\n<p>Inspiruji se po cel\u00fd \u017eivot v\u0161\u00edm, co inspiraci poskytuje.<\/p>\n<p><strong>Lze o v\u00e1s \u0159\u00edct, \u017ee kandidujete s podporou sou\u010dasn\u00e9ho prezidenta?<\/strong><\/p>\n<p>Lze o mne ur\u010dit\u011b \u0159\u00edci mnoho v\u011bc\u00ed.<\/p>\n<p><strong>Projev\u00ed se to ve va\u0161\u00ed kampani?<\/strong><\/p>\n<p>Detaily sv\u00e9 strategie si zat\u00edm nech\u00e1m pro sebe.<\/p>\n<p><a href=\"http:\/\/www.tyden.cz\/rubriky\/domaci\/prezidentsky-kandidat-jakl-jsem-lepsi-nez-profesor-z-detroitu_237934.html\" target=\"_blank\">Zdroj<\/a><\/div>\n","protected":false},"excerpt":{"rendered":"<p>Prezidentsk\u00fd kandid\u00e1t Jakl: Jsem lep\u0161\u00ed ne\u017e profesor z Detroitu V ned\u011bli ho neparlamentn\u00ed strana Svobodn\u00fdch u\u010dinila sv\u00fdm kandid\u00e1tem na prezidenta. Od t\u00e9 doby se tajemn\u00edk sou\u010dasn\u00e9ho prezidenta Ladislav Jakl se ke sv\u00fdm ambic\u00edm nevyjad\u0159oval. Te\u010f p\u0159es e-mail poslal on-line den\u00edku T\u00ddDEN.CZ odpov\u011bdi na n\u011bkolik dotaz\u016f. Nejv\u00edc se v nich vymezuje proti &#8222;profesorovi od Detroitu&#8220; Janu [&hellip;]<\/p>\n","protected":false},"author":1,"featured_media":0,"comment_status":"open","ping_status":"open","sticky":false,"template":"","format":"standard","meta":{"ngg_post_thumbnail":0,"footnotes":""},"categories":[17],"tags":[],"class_list":["post-2085","post","type-post","status-publish","format-standard","hentry","category-jakl-president"],"_links":{"self":[{"href":"https:\/\/www.ladislavjakl.cz\/index.php?rest_route=\/wp\/v2\/posts\/2085","targetHints":{"allow":["GET"]}}],"collection":[{"href":"https:\/\/www.ladislavjakl.cz\/index.php?rest_route=\/wp\/v2\/posts"}],"about":[{"href":"https:\/\/www.ladislavjakl.cz\/index.php?rest_route=\/wp\/v2\/types\/post"}],"author":[{"embeddable":true,"href":"https:\/\/www.ladislavjakl.cz\/index.php?rest_route=\/wp\/v2\/users\/1"}],"replies":[{"embeddable":true,"href":"https:\/\/www.ladislavjakl.cz\/index.php?rest_route=%2Fwp%2Fv2%2Fcomments&post=2085"}],"version-history":[{"count":2,"href":"https:\/\/www.ladislavjakl.cz\/index.php?rest_route=\/wp\/v2\/posts\/2085\/revisions"}],"predecessor-version":[{"id":2087,"href":"https:\/\/www.ladislavjakl.cz\/index.php?rest_route=\/wp\/v2\/posts\/2085\/revisions\/2087"}],"wp:attachment":[{"href":"https:\/\/www.ladislavjakl.cz\/index.php?rest_route=%2Fwp%2Fv2%2Fmedia&parent=2085"}],"wp:term":[{"taxonomy":"category","embeddable":true,"href":"https:\/\/www.ladislavjakl.cz\/index.php?rest_route=%2Fwp%2Fv2%2Fcategories&post=2085"},{"taxonomy":"post_tag","embeddable":true,"href":"https:\/\/www.ladislavjakl.cz\/index.php?rest_route=%2Fwp%2Fv2%2Ftags&post=2085"}],"curies":[{"name":"wp","href":"https:\/\/api.w.org\/{rel}","templated":true}]}}