{"id":2122,"date":"2012-06-26T11:13:06","date_gmt":"2012-06-26T09:13:06","guid":{"rendered":"http:\/\/www.ladislavjakl.cz\/?p=2122"},"modified":"2012-06-26T11:13:06","modified_gmt":"2012-06-26T09:13:06","slug":"jakl-na-hrad","status":"publish","type":"post","link":"https:\/\/www.ladislavjakl.cz\/?p=2122","title":{"rendered":"Jakl na Hrad"},"content":{"rendered":"<p>B\u00fdval\u00fd novin\u00e1\u0159, sou\u010dasn\u00fd hradn\u00ed \u00fa\u0159edn\u00edk a rocker  Ladislav Jakl se rozhodl p\u0159ijmout kandidaturu na prezidenta republiky za  Svobodn\u00e9. \u0160\u00e9f strany Petr Mach to zd\u016fvodnil takto: \u201eChceme m\u00edt  kandid\u00e1ta, kter\u00fd skrze jmenov\u00e1n\u00ed bankovn\u00ed rady \u010cNB zajist\u00ed pokra\u010dov\u00e1n\u00ed  zdrav\u00e9 m\u011bnov\u00e9 politiky, nedopust\u00ed dal\u0161\u00ed p\u0159esouv\u00e1n\u00ed pravomoc\u00ed a pen\u011bz na  Evropskou unii a bude sn\u011bmovn\u011b vracet z\u00e1kony omezuj\u00edc\u00ed svobodu \u010dlov\u011bka.&#8220;<\/p>\n<p><!--more--><\/p>\n<p>Teda jako PR pro Svobodn\u00e9  je to docela dobr\u00e9, zvl\u00e1\u0161t\u011b vezmeme-li v \u00favahu Jaklovo postaven\u00ed ve  sv\u011bt\u011b na\u0161ich m\u00e9di\u00ed. A Jakl z\u016fst\u00e1v\u00e1 v\u011bren sv\u00e9 image provokat\u00e9ra, za jeho\u017e  provokacemi se v\u0161ak skr\u00fdv\u00e1 hlubok\u00e1 moudrost. A jeho provokace jsou moj\u00ed  krevn\u00ed skupinou. No \u0159ekn\u011bte, nen\u00ed toto n\u00e1dhera?<\/p>\n<p>Kdy a pro\u010d jste za\u010dal uva\u017eovat o tom, \u017ee byste se mohl st\u00e1t n\u00e1stupcem V\u00e1clava Klause?<br \/>\nU\u017e  v mate\u0159sk\u00e9 \u0161kolce, v Chebu v Komensk\u00e9ho ulici v roce 1964. Ale v\u011bd\u011bl  jsem, \u017ee si chv\u00edli budu muset po\u010dkat. Nyn\u00ed v\u00edm, \u017ee ta chv\u00edle p\u0159ich\u00e1z\u00ed.  Ur\u010dit\u011b to tak\u00e9 c\u00edt\u00edte.<\/p>\n<p>Nebo: O prezidentsk\u00fd \u00fa\u0159ad se uch\u00e1zej\u00ed dlouholet\u00ed politici, b\u00fdval\u00ed  premi\u00e9\u0159i, profeso\u0159i. Vy jste z tohoto pohledu \u201ejen&#8220; tajemn\u00edk hlavy  st\u00e1tu, b\u00fdval\u00fd novin\u00e1\u0159 a rocker. Nevn\u00edm\u00e1te to jako diskvalifikuj\u00edc\u00ed  moment?<br \/>\nRozdala jste p\u011bkn\u00e9 n\u00e1lepky. Mn\u011b i t\u011bm medi\u00e1ln\u00edm mil\u00e1\u010dk\u016fm. J\u00e1  tam ale vid\u00edm jen n\u011bjak\u00e9ho u\u010ditele od Detroitu, kter\u00fd by pro za\u010d\u00e1tek sv\u00e9  politick\u00e9 kari\u00e9ry snad vzal tu funkci prezidenta v t\u00e9 \u010cesk\u00e9 republice,  pak p\u00e1r b\u00fdval\u00fdch komunist\u016f a lid\u00ed, kte\u0159\u00ed i za slun\u00ed\u010dka chod\u00ed s de\u0161tn\u00edkem  nad hlavou, proto\u017ee v Bruselu p\u0159ece zrovna pr\u0161\u00ed. Mimochodem, jsem tak\u00e9  b\u00fdval\u00fd poslanec, vedouc\u00ed \u00da\u0159adu rady \u010cesk\u00e9 republiky pro rozhlasov\u00e9  vys\u00edl\u00e1n\u00ed a p\u0159edseda Prvn\u00ed pivn\u00ed extraligy. To je v\u00e1m m\u00e1lo?<\/p>\n<p>Rovn\u011b\u017e jeho v\u011bta z obdob\u00ed ropn\u00e9 havarie v mexick\u00e9m z\u00e1livu je bo\u017e\u00ed:  T\u0159i t\u00fddny trvalo stovk\u00e1m medi\u00e1ln\u00edch \u0161t\u00e1b\u016f, ne\u017e na\u0161ly prvn\u00edho zama\u0161t\u011bn\u00e9ho  pt\u00e1ka a hned jeho fotogenick\u00e9 z\u00e1b\u011bry obl\u00e9tly cel\u00fd sv\u011bt.<\/p>\n<p>Ostatn\u011b z mo\u017en\u00fdch prezidentsk\u00fdch kandid\u00e1t\u016f mi p\u0159ijde tak n\u011bjak nejnorm\u00e1ln\u011bj\u0161\u00ed.<\/p>\n<p>Proto\u017ee nevid\u00edm, \u010d\u00edm by ho m\u011bli ti ostatn\u00ed p\u0159ed\u010dit. No posu\u010fte.<\/p>\n<p>Karel Schwarzenberg<br \/>\nSt\u00e1rnouc\u00ed \u0161lechtic sp\u00edc\u00ed v\u017edy a v\u0161ude. T\u011b\u017ek\u00fd  obl\u00edbenec medi\u00ed jemu\u017e projdou i v\u00fdroky za n\u011b\u017e by jin\u00e9 ukamenovali. To \u017ee  jeho projevu je \u010d\u00edm d\u00e1l t\u00edm m\u00e9n\u011b rozum\u011bt by znamenalo s nejv\u011bt\u0161\u00ed  pravd\u011bpodobnost\u00ed titulky u projev\u016f.<\/p>\n<p>Jan \u0160vejnar<br \/>\nLevicov\u00fd ekonom z USA, kter\u00fd u\u017e jednou propadl s\u00edtem a  jeho\u017e se z\u0159ekla dokonce \u010cSSD. Krom\u011b p\u00e1r plivanc\u016f na Klause nikdy nic  nep\u0159edvedl. Man\u00edk prakticky bez n\u00e1zor\u016f.<\/p>\n<p>Jan Fischer<br \/>\nJenda z  chaloupky, jak se n\u00e1m p\u0159edstavil ve startu sv\u00e9 kampan\u011b v ok\u00e9nku. \u0160ed\u00fd  \u00fa\u0159edn\u00edk jemu\u017e pr\u016fzkumy d\u00e1vaj\u00ed nejv\u011bt\u0161\u00ed \u0161anci, proto\u017ee svou pr\u016fm\u011brnost\u00ed  je tak n\u011bjak bl\u00edzk\u00fd na\u0161inc\u016fm proto\u017ee nevy\u010duhuje. Jako premi\u00e9r nic  nep\u0159edvedl a tud\u00ed\u017e nezkazil.\u00a0 Fischer je tak polomrtv\u00fd, \u017ee by polovina  n\u00e1roda po dvou letech zapom\u011bla, kdo je vlastn\u011b jejich prezidentem.<\/p>\n<p>Milo\u0161 Zeman<br \/>\nAsi ho p\u0159estalo bavit obj\u00edm\u00e1n\u00ed strom\u016f. Ob\u00e1v\u00e1m se \u017ee  podpora kterou mu vyslovil V\u00e1clav Klaus je polibek smrti. A a\u017e media  vyt\u00e1hnou, \u017ee mu kampa\u0148 bude d\u011blat \u0160louf, bude kone\u010dn\u00e1.<\/p>\n<p>Tomio Okamura<br \/>\nBlogersk\u00e1 hv\u011bzda iDnesu s populistick\u00fdm n\u00e1zorem na  cokoliv. Siln\u00fd cit pro to, co chce dav sly\u0161et. Mysl\u00edm, \u017ee asiatsk\u00fd  vzhled mu zrovna moc nepom\u016f\u017ee, p\u0159esto\u017ee ho media docela miluj\u00ed.<\/p>\n<p>Jana Bobo\u0161\u00edkov\u00e1<br \/>\nD\u00e1ma kandiduj\u00edc\u00ed kdykoliv kamkoliv. Pravda, na  rozd\u00edl od p\u00e1n\u016f je docela pohledn\u00e1, akor\u00e1t jej\u00ed posledn\u00ed prezidentsk\u00e9  anga\u017em\u00e1 v rud\u00e9m kost\u00fdmku s pomoc\u00ed rud\u00fdch soudruh\u016f nebude asi zapomenuta.<\/p>\n<p>P\u0159emysl Sobotka(asi v\u00edt\u011bz trapn\u00fdch stranick\u00fdch prim\u00e1rek)<br \/>\nOsobn\u011b ho  zn\u00e1m a \u0159\u00edk\u00e1m, \u017ee je to slu\u0161n\u00fd chlap. Akor\u00e1t do toho Topola, a\u0165 byl  jak\u00fdkoliv, kopat nemusel. Mu\u017e pov\u011bstn\u00fd v\u016f\u010di Eurosajuzu sv\u00fdm &#8222;m\u011bkk\u00fdm  ano&#8220;. Jinak bezprobl\u00e9mov\u011b nemastn\u00fd-neslan\u00fd.<\/p>\n<p>Mysl\u00edm, \u017ee ostatn\u00ed exoti co se \u0159ad\u00ed do fronty nestoj\u00ed za zm\u00ednku.<\/p>\n<p>Tak\u017ee zp\u011bt k Jaklovi. Jakl je velmi inteligentn\u00ed a vzd\u011blan\u00fd. Je  trochu nekonven\u010dn\u00ed, ale to mn\u011b nevad\u00ed. Nav\u00edc je profes\u00ed novin\u00e1\u0159, b\u00fdval\u00fd  poslanec a um\u00ed se pohybovat ve v\u0161ech mo\u017en\u00fdch spole\u010dnostech, od diplomat\u016f  a\u017e po rockov\u00fd klub. M\u00e1 smysl pro humor a je v\u00fdborn\u00fd a pohotov\u00fd  analytik.R\u00e1d \u010dtu jeho blogy. Jakl to bohu\u017eel ale stejn\u011b nevyhraje. Ale  alespo\u0148 p\u0159inese do t\u00e9 kampan\u011b pan\u00e1k\u016f trochu \u017eivota.<\/p>\n<p>No a kdyby nevyhr\u00e1l \u017e\u00e1dn\u00fd, tak by mohl kandidovat bo\u017esk\u00fd Karel a to by mohli v\u0161ichni zabalit.<\/p>\n<p><img loading=\"lazy\" decoding=\"async\" title=\"vision2014.jpg\" src=\"http:\/\/blog.idnes.cz\/blog\/5745\/276256\/vision2014.jpg\" border=\"0\" alt=\"vision2014.jpg\" width=\"640\" height=\"480\" \/><\/p>\n<p><a href=\"http:\/\/paulczynski.blog.idnes.cz\/c\/276256\/Jakl-na-Hrad.html\" target=\"_blank\">Zdroj<\/a><\/p>\n","protected":false},"excerpt":{"rendered":"<p>B\u00fdval\u00fd novin\u00e1\u0159, sou\u010dasn\u00fd hradn\u00ed \u00fa\u0159edn\u00edk a rocker Ladislav Jakl se rozhodl p\u0159ijmout kandidaturu na prezidenta republiky za Svobodn\u00e9. \u0160\u00e9f strany Petr Mach to zd\u016fvodnil takto: \u201eChceme m\u00edt kandid\u00e1ta, kter\u00fd skrze jmenov\u00e1n\u00ed bankovn\u00ed rady \u010cNB zajist\u00ed pokra\u010dov\u00e1n\u00ed zdrav\u00e9 m\u011bnov\u00e9 politiky, nedopust\u00ed dal\u0161\u00ed p\u0159esouv\u00e1n\u00ed pravomoc\u00ed a pen\u011bz na Evropskou unii a bude sn\u011bmovn\u011b vracet z\u00e1kony omezuj\u00edc\u00ed svobodu [&hellip;]<\/p>\n","protected":false},"author":1,"featured_media":0,"comment_status":"open","ping_status":"open","sticky":false,"template":"","format":"standard","meta":{"ngg_post_thumbnail":0,"footnotes":""},"categories":[11],"tags":[],"class_list":["post-2122","post","type-post","status-publish","format-standard","hentry","category-ozvena"],"_links":{"self":[{"href":"https:\/\/www.ladislavjakl.cz\/index.php?rest_route=\/wp\/v2\/posts\/2122","targetHints":{"allow":["GET"]}}],"collection":[{"href":"https:\/\/www.ladislavjakl.cz\/index.php?rest_route=\/wp\/v2\/posts"}],"about":[{"href":"https:\/\/www.ladislavjakl.cz\/index.php?rest_route=\/wp\/v2\/types\/post"}],"author":[{"embeddable":true,"href":"https:\/\/www.ladislavjakl.cz\/index.php?rest_route=\/wp\/v2\/users\/1"}],"replies":[{"embeddable":true,"href":"https:\/\/www.ladislavjakl.cz\/index.php?rest_route=%2Fwp%2Fv2%2Fcomments&post=2122"}],"version-history":[{"count":1,"href":"https:\/\/www.ladislavjakl.cz\/index.php?rest_route=\/wp\/v2\/posts\/2122\/revisions"}],"predecessor-version":[{"id":2123,"href":"https:\/\/www.ladislavjakl.cz\/index.php?rest_route=\/wp\/v2\/posts\/2122\/revisions\/2123"}],"wp:attachment":[{"href":"https:\/\/www.ladislavjakl.cz\/index.php?rest_route=%2Fwp%2Fv2%2Fmedia&parent=2122"}],"wp:term":[{"taxonomy":"category","embeddable":true,"href":"https:\/\/www.ladislavjakl.cz\/index.php?rest_route=%2Fwp%2Fv2%2Fcategories&post=2122"},{"taxonomy":"post_tag","embeddable":true,"href":"https:\/\/www.ladislavjakl.cz\/index.php?rest_route=%2Fwp%2Fv2%2Ftags&post=2122"}],"curies":[{"name":"wp","href":"https:\/\/api.w.org\/{rel}","templated":true}]}}