{"id":2126,"date":"2012-06-26T11:17:49","date_gmt":"2012-06-26T09:17:49","guid":{"rendered":"http:\/\/www.ladislavjakl.cz\/?p=2126"},"modified":"2012-06-26T11:18:25","modified_gmt":"2012-06-26T09:18:25","slug":"sedmidenik-uplynuly-tyden-ocima-redaktorky-deniku-kateriny-perknerove","status":"publish","type":"post","link":"https:\/\/www.ladislavjakl.cz\/?p=2126","title":{"rendered":"SedmiDen\u00edk: Uplynul\u00fd t\u00fdden o\u010dima redaktorky Den\u00edku Kate\u0159iny Perknerov\u00e9"},"content":{"rendered":"<p><span> <\/span><\/p>\n<h3>Ned\u011ble 17. \u010dervna<\/h3>\n<p>Sv\u011bt se zbl\u00e1znil, napsal jeden z\u00a0diskutuj\u00edc\u00edch na webu denik.cz, kdy\u017e  si p\u0159e\u010detl, \u017ee tajemn\u00edk V\u00e1clava Klause Ladislav Jakl byl nominov\u00e1n  Stranou svobodn\u00fdch ob\u010dan\u016f do boje o prezidentsk\u00e9 k\u0159eslo. Mu\u017e, jeho\u017e  charakterizuj\u00ed provokativn\u00ed n\u00e1zory, l\u00e1ska k\u00a0pivu a neb\u00fdval\u00e1 loajalita k  jeho nad\u0159\u00edzen\u00e9mu, se ale nepom\u00e1tl.<\/p>\n<p><!--more--><\/p>\n<p>To jen premi\u00e9ra p\u0159\u00edm\u00e9 prezidentsk\u00e9  volby odpov\u00edd\u00e1 dob\u011b, je\u017e se vymkla z\u00a0kloub\u016f. Exp\u0159edsedu \u010cSSD Milo\u0161e  Zemana by r\u00e1d na Hrad\u011b vid\u011bl nejen jeho letit\u00fd ideov\u00fd rival V\u00e1clav Klaus  a \u0159ada harcovn\u00edk\u016f ODS, do jejich\u017e k\u016f\u017ee cht\u011bl kdysi Zeman v\u00e1zat  legitimace \u010dlen\u016f sv\u00e9 strany, ale i \u0161\u00e9f poslaneck\u00e9ho klubu TOP 09 Petr  Gazd\u00edk. B\u00fdval\u00e9ho kari\u00e9rn\u00edho komunistu Jana Fischera zase podporuje  p\u0159edsedkyn\u011b Konfederace politick\u00fdch v\u011bz\u0148\u016f Nad\u011b\u017eda Kaval\u00edrov\u00e1. Nev\u00edm,  mo\u017en\u00e1 je to p\u0159\u00edznak jak\u00e9hosi sm\u00ed\u0159en\u00ed a v\u0161eobecn\u00e9ho odpu\u0161t\u011bn\u00ed, ale p\u0159\u00edli\u0161  tomu nev\u011b\u0159\u00edm. Sta\u010d\u00ed se pod\u00edvat do novin nebo poslouchat projevy ve  sn\u011bmovn\u011b. Je tam v\u0161echno, jen ne nadhled a sm\u00ed\u0159livost.<\/p>\n<h3>\u00dater\u00fd 19. \u010dervna<\/h3>\n<p>Uplynul\u00fd t\u00fdden byl krom\u011b fotbalu tak\u00e9 ve znamen\u00ed V\u00e1clava Klause.  Zastavme se u ob\u00e9ho. Posm\u00edvan\u00ed \u010de\u0161t\u00ed reprezentanti n\u00e1m ud\u011blali radost,  kter\u00e1 je k\u00a0nezaplacen\u00ed. D\u00edky jejich \u010darov\u00e1n\u00ed na wroclawsk\u00e9m h\u0159i\u0161ti jsme  zapomn\u011bli na starosti v\u0161edn\u00edho dne. Je\u0161t\u011b v\u011bt\u0161\u00ed d\u00edru do srdce mi ale  ud\u011blal Piotr Wielowieyski \u010dlen p\u0159edstavenstva Unipetrolu. P\u0159i  vyhla\u0161ov\u00e1n\u00ed nejlep\u0161\u00edch tuzemsk\u00fdch firem Czech TOP 100 na ot\u00e1zku, co \u0159\u00edk\u00e1  vy\u0159azen\u00ed Pol\u00e1k\u016f \u010deskou jeden\u00e1ctkou na jejich dom\u00e1c\u00ed p\u016fd\u011b, \u00fapln\u011b prost\u011b  odpov\u011bd\u011bl: \u201eVa\u0161e mu\u017estvo bylo lep\u0161\u00ed.&#8220; Tomu \u0159\u00edk\u00e1m noblesa. Zabodoval i  \u010desk\u00fd prezident. Vr\u00e1til sn\u011bmovn\u011b p\u0159estupkov\u00fd z\u00e1kon, podle n\u011bho\u017e m\u011bli j\u00edt  postrkem z\u00a0obce v\u0161ichni, kdo se nechovaj\u00ed \u0159\u00e1dn\u011b. Mafi\u00e1ni, fale\u0161n\u00ed  studenti pr\u00e1v, st\u00edhan\u00ed poslanci, tunel\u00e1\u0159i a miliardov\u00ed podvodn\u00edci?  Kdepak, autorka n\u00e1vrhu Ivana \u0158\u00e1pkov\u00e1 z\u00a0ODS cht\u011bla vyst\u011bhovat  nep\u0159izp\u016fsobiv\u00e9 Romy, hlu\u010dn\u00e9 a sousedsky protivn\u00e9. Prezident, stejn\u011b jako  ombudsman Pavel Varva\u0159ovsk\u00fd v\u00ed, \u017ee tudy <a id=\"anchorbbtBubble277\">cesta<\/a> nevede. Po 22 letech od listopadov\u00e9 revoluce je nejvy\u0161\u0161\u00ed \u010das, aby  politick\u00e1 reprezentace na\u0161la gruntovn\u00ed \u0159e\u0161en\u00ed, by\u0165 by bylo drah\u00e9,  komplikovan\u00e9 a <a id=\"anchorbbtBubble300\">dlouhodob\u00e9<\/a>.<\/p>\n<h3>St\u0159eda 20. \u010dervna<\/h3>\n<p>V\u00e1clav Klaus tak\u00e9 prozradil, \u017ee po skon\u010den\u00ed mand\u00e1tu se naplno bude  v\u011bnovat sv\u00e9mu institutu, kter\u00fd pro n\u011bj na Hanspaulce za\u0159izuje nejbohat\u0161\u00ed  \u010cech Petr Kellner. Budouc\u00ed b\u00fdval\u00fd prezident chce chodit <a id=\"anchorbbtBubble330\">denn\u011b<\/a> do pr\u00e1ce a mluvit do v\u0161eho. Tomu tlesk\u00e1m. Kdo jin\u00fd by m\u011bl nepoliticky  ovliv\u0148ovat spole\u010densk\u00e9 d\u011bn\u00ed ne\u017e mu\u017e, kter\u00fd byl deset let prvn\u00ed mezi  rovn\u00fdmi? A nepochybn\u011b zanechal p\u00e1r \u00factyhodn\u00fdch stop. Kup\u0159\u00edkladu <a id=\"anchorbbtBubble363\">zahrady<\/a> pod Pra\u017esk\u00fdm hradem, je\u017e se v\u00a0pln\u00e9 kr\u00e1se znovu otev\u00edraj\u00ed po  rekonstrukci ve\u0159ejnosti. \u00da\u017easn\u00e9 d\u00edlo, za n\u011b\u017e man\u017eel\u016fm Klausov\u00fdm a  hradn\u00edmu architektovi Zde\u0148ku Luke\u0161ovi pat\u0159\u00ed uzn\u00e1n\u00ed. A pak je tu je\u0161t\u011b  n\u011bco. Hysterie kolem c\u00edrkevn\u00edch restituc\u00ed pot\u0159ebuje moder\u00e1tora. M\u011bl by  j\u00edm b\u00fdt V\u00e1clav Klaus. V\u00a0dubnu na \u017eof\u00ednsk\u00e9m f\u00f3ru \u0159ekl: \u201eJ\u00e1 si nemysl\u00edm,  \u017ee ot\u00e1zka c\u00edrkevn\u00edho vyrovn\u00e1n\u00ed je, jestli si to te\u010f <a id=\"anchorbbtBubble426\">m\u016f\u017eeme<\/a> dovolit. To m\u011b tr\u00e1p\u00ed m\u00e9n\u011b. J\u00e1 si od nepam\u011bti kladu ot\u00e1zku, nakolik je  to koncep\u010dn\u011b spr\u00e1vn\u011b zvolen\u00fd princip. V tomto smyslu tam vid\u00edm \u0159adu  otazn\u00edk\u016f.&#8220; V\u011bt\u0161ina zdrav\u011b uva\u017euj\u00edc\u00edch lid\u00ed v\u00a0tom m\u00e1 jasno. Je t\u0159eba  odblokovat c\u00edrkevn\u00ed majetek, kter\u00fd br\u00e1n\u00ed obc\u00edm v\u00a0rozvoji. Plat\u00ed-li, \u017ee  katolick\u00e1 c\u00edrkev, kter\u00e1 m\u00e1 b\u00fdt hlavn\u00edm p\u0159\u00edjemcem finan\u010dn\u00edho i v\u011bcn\u00e9ho  narovn\u00e1n\u00ed v\u00a0\u0159\u00e1du 180 miliard korun, je hlavn\u011b spr\u00e1vkyn\u00ed lidsk\u00fdch du\u0161\u00ed,  nem\u011bla by ba\u017eit po statusu hokyn\u00e1\u0159ky a ko\u0148sk\u00e9ho handl\u00ed\u0159e. Nech\u0165 st\u00e1t  nav\u00e1\u017ee na josefovskou a masarykovskou tradici; vr\u00e1cen\u00e9 lesy, pole a  rybn\u00edky a\u0165 se vlo\u017e\u00ed do st\u00e1tem a c\u00edrkvemi spravovan\u00e9ho fondu, z\u00a0jeho\u017e  v\u00fdnosu se bude financovat duchovn\u00ed, soci\u00e1ln\u00ed a n\u00e1bo\u017eensk\u00e9 posl\u00e1n\u00ed  Kristov\u00fdch n\u00e1sledovn\u00edk\u016f. Nebo\u0165 jak pravil Matou\u0161: \u201eJe\u017e\u00ed\u0161 ve\u0161el do chr\u00e1mu  a vyhnal prodava\u010de a kupuj\u00edc\u00ed v n\u00e1dvo\u0159\u00ed, p\u0159evracel stoly sm\u011bn\u00e1rn\u00edk\u016f i  st\u00e1nky prodava\u010d\u016f holub\u016f. Je ps\u00e1no: M\u016fj d\u016fm bude zv\u00e1n domem modlitby, ale  vy z n\u011bho d\u011bl\u00e1te doup\u011b lupi\u010d\u016f&#8230;&#8220;<\/p>\n<h3>\u010ctvrtek 21. \u010dervna<\/h3>\n<p>\u010ce\u0161t\u00ed fotbalist\u00e9 se do semifin\u00e1le nepod\u00edvaj\u00ed. Nevad\u00ed, byla to \u010destn\u00e1 reprezentace a co naplat: Portugalci byli lep\u0161\u00ed mu\u017estvo.<\/p>\n<h3><span><\/p>\n<h3><span><img loading=\"lazy\" decoding=\"async\" class=\"alignnone\" title=\"P\u0159edseda V\u011bc\u00ed ve\u0159ejn\u00fdch Radek John\" src=\"http:\/\/g.denik.cz\/1\/9a\/ctk-radek-john-zamraceny_denik-600.jpg\" alt=\"P\u0159edseda V\u011bc\u00ed ve\u0159ejn\u00fdch Radek John\" width=\"410\" height=\"307\" align=\"left\" \/><\/span><\/h3>\n<p><\/span><\/h3>\n<h3>Cit\u00e1t t\u00fddne<span> <\/span><\/h3>\n<p style=\"text-align: left;\">\u201eP\u0159i  n\u00e1kupu letadel CASA byl \u010desk\u00fd n\u00e1rod okraden o miliony. Bylo by proto  absurdn\u00ed zabr\u00e1nit st\u00edh\u00e1n\u00ed tehdej\u0161\u00ed ministryn\u011b obrany Vlasty Parkanov\u00e9.  Pokud by se to stalo, lid\u00e9 by pochopili, \u017ee politici si z\u00a0nich d\u011blaj\u00ed  jen legraci. Jejich reakce by pak opr\u00e1vn\u011bn\u011b byla jasn\u00e1 a z\u0159ejm\u011b i  drsn\u00e1.&#8220;<\/p>\n<p style=\"text-align: left;\"><em><strong>P\u0159edseda VV Radek John pro Den\u00edk p\u0159ed jedn\u00e1n\u00edm mand\u00e1tov\u00e9ho a imunitn\u00edho v\u00fdboru sn\u011bmovny, 19.7. 2012<\/strong><\/em><\/p>\n<p>Autor: <a href=\"http:\/\/www.denik.cz\/autor\/katerina-perknerova-1024.html\">Kate\u0159ina Perknerov\u00e1<\/a><\/p>\n","protected":false},"excerpt":{"rendered":"<p>Ned\u011ble 17. \u010dervna Sv\u011bt se zbl\u00e1znil, napsal jeden z\u00a0diskutuj\u00edc\u00edch na webu denik.cz, kdy\u017e si p\u0159e\u010detl, \u017ee tajemn\u00edk V\u00e1clava Klause Ladislav Jakl byl nominov\u00e1n Stranou svobodn\u00fdch ob\u010dan\u016f do boje o prezidentsk\u00e9 k\u0159eslo. Mu\u017e, jeho\u017e charakterizuj\u00ed provokativn\u00ed n\u00e1zory, l\u00e1ska k\u00a0pivu a neb\u00fdval\u00e1 loajalita k jeho nad\u0159\u00edzen\u00e9mu, se ale nepom\u00e1tl.<\/p>\n","protected":false},"author":1,"featured_media":0,"comment_status":"open","ping_status":"open","sticky":false,"template":"","format":"standard","meta":{"ngg_post_thumbnail":0,"footnotes":""},"categories":[11],"tags":[],"class_list":["post-2126","post","type-post","status-publish","format-standard","hentry","category-ozvena"],"_links":{"self":[{"href":"https:\/\/www.ladislavjakl.cz\/index.php?rest_route=\/wp\/v2\/posts\/2126","targetHints":{"allow":["GET"]}}],"collection":[{"href":"https:\/\/www.ladislavjakl.cz\/index.php?rest_route=\/wp\/v2\/posts"}],"about":[{"href":"https:\/\/www.ladislavjakl.cz\/index.php?rest_route=\/wp\/v2\/types\/post"}],"author":[{"embeddable":true,"href":"https:\/\/www.ladislavjakl.cz\/index.php?rest_route=\/wp\/v2\/users\/1"}],"replies":[{"embeddable":true,"href":"https:\/\/www.ladislavjakl.cz\/index.php?rest_route=%2Fwp%2Fv2%2Fcomments&post=2126"}],"version-history":[{"count":2,"href":"https:\/\/www.ladislavjakl.cz\/index.php?rest_route=\/wp\/v2\/posts\/2126\/revisions"}],"predecessor-version":[{"id":2128,"href":"https:\/\/www.ladislavjakl.cz\/index.php?rest_route=\/wp\/v2\/posts\/2126\/revisions\/2128"}],"wp:attachment":[{"href":"https:\/\/www.ladislavjakl.cz\/index.php?rest_route=%2Fwp%2Fv2%2Fmedia&parent=2126"}],"wp:term":[{"taxonomy":"category","embeddable":true,"href":"https:\/\/www.ladislavjakl.cz\/index.php?rest_route=%2Fwp%2Fv2%2Fcategories&post=2126"},{"taxonomy":"post_tag","embeddable":true,"href":"https:\/\/www.ladislavjakl.cz\/index.php?rest_route=%2Fwp%2Fv2%2Ftags&post=2126"}],"curies":[{"name":"wp","href":"https:\/\/api.w.org\/{rel}","templated":true}]}}