{"id":2129,"date":"2012-06-26T11:19:57","date_gmt":"2012-06-26T09:19:57","guid":{"rendered":"http:\/\/www.ladislavjakl.cz\/?p=2129"},"modified":"2012-06-26T11:19:57","modified_gmt":"2012-06-26T09:19:57","slug":"strunz-svobodni-nekonvencni-potencialni-kandidat","status":"publish","type":"post","link":"https:\/\/www.ladislavjakl.cz\/?p=2129","title":{"rendered":"Strunz (Svobodn\u00ed): Nekonven\u010dn\u00ed potenci\u00e1ln\u00ed kandid\u00e1t"},"content":{"rendered":"<p>Stran politick\u00fdch stran se posledn\u00ed dobou  setk\u00e1v\u00e1m se dv\u011bma sd\u011blen\u00edmi od p\u0159\u00e1tel, zn\u00e1m\u00fdch a p\u0159\u00edbuzn\u00fdch. Za prv\u00e9 \u017ee  v\u0161ichni v politice jsou jedna verbe\u017e, co\u017e se pr\u00fd otev\u0159en\u011b projev\u00ed a\u017e  teprve kdy\u017e se dostanou ke korytu. Argumentuj\u00ed v\u0161emi sou\u010dasn\u00fdmi i  b\u00fdval\u00fdmi vl\u00e1dn\u00edmi stranami.<\/p>\n<p><!--more--><\/p>\n<p>Z\u0159ejm\u011b v\u0161echny tyto strany n\u011bco podcenily: mechanismy p\u0159ij\u00edm\u00e1n\u00ed \u010dlen\u016f,  vnit\u0159n\u00ed volebn\u00ed procedury, zp\u016fsob financov\u00e1n\u00ed. Nebo jejich program  nest\u00e1l na pevn\u00fdch z\u00e1kladech \u010di ho dokonce v\u016fbec nem\u011bly. Nebo sv\u016fj  program \u010di svoji filosofii opustily. Jsem si v\u0161ak jist, \u017ee po\u0159\u00e1d v  politice existuj\u00ed lid\u00e9 s jasn\u00fdm n\u00e1zorem, kter\u00fd neopou\u0161t\u011bj\u00ed kv\u016fli vidin\u011b  snadn\u00fdch zisk\u016f. Potenci\u00e1ln\u00ed prezidentsk\u00fd kandid\u00e1t Ladislav Jakl je  d\u016fkazem, \u017ee ne v\u0161ichni v politice jsou jedna verbe\u017e. Ji\u017e v n\u00ed drahnou  dobu je a nestal se z n\u011bj ani fanfar\u00f3n, ani nen\u00ed poskokem kmotr\u016f.<\/p>\n<p>Za druh\u00e9 se mne zn\u00e1m\u00ed, kdy\u017e zjist\u00ed, \u017ee m\u00e1m tak\u00e9 n\u011bco spole\u010dn\u00e9ho s  politikou, ptaj\u00ed: \u201eTi Svobodn\u00ed jsou proti EU, \u017ee jo?\u201c. To mus\u00edm uv\u00e1d\u011bt  na pravou m\u00edru: \u201eNe, prim\u00e1rn\u011b jsou pro svobodu jednotlivce. To, \u017ee se  jim absolutn\u011b nel\u00edb\u00ed sou\u010dasn\u00e9 sm\u011b\u0159ov\u00e1n\u00ed Unie je z toho prvotn\u00edho  principu odvozeno. EU svobodu jednotlivce potla\u010duje v\u0161emo\u017en\u00fdmi zp\u016fsoby.\u201c<\/p>\n<p>Proto mi naprosto mluvil z du\u0161e kr\u00e1tk\u00fd proslov potenci\u00e1ln\u00edho  prezidentsk\u00e9ho kandid\u00e1ta Ladislava Jakla, kter\u00fd p\u0159ednesl na sn\u011bmu  Svobodn\u00fdch minulou ned\u011bli. V projevu sd\u011blil my\u0161lenku, kter\u00e1 vyjad\u0159uje  p\u0159esn\u011b v\u00fd\u0161e uveden\u00e9. A proto\u017ee jsem obezn\u00e1men i s dal\u0161\u00edmi n\u00e1zory a  postoji Ladislava Jakla, jsem si jist, \u017ee by byl dobr\u00fdm prezidentem.  Prezidentem, kter\u00fd neza\u010dne zobat z ruky ve chv\u00edli, kdy mu n\u011bkdo nab\u00eddne  cukr. Prezidentem s vlastn\u00edm n\u00e1zorem, kter\u00fd neskryje ve chv\u00edli, kdy na  n\u011bj n\u011bkdo vyt\u00e1hne bi\u010d. A to je to, co pot\u0159ebujeme. \u0158e\u010deno parafr\u00e1z\u00ed jeho  vlastn\u00edch slov: Byl by to kandid\u00e1t, kv\u016fli kter\u00e9mu stoj\u00ed za to zvednout  zadek ze \u017eidle a j\u00edt volit.<\/p>\n<p>Tedy dle mne by m\u011bl b\u00fdt Ladislav Jakl nejen \u201epotenci\u00e1ln\u00edm  prezidentsk\u00fdm kandid\u00e1tem\u201c, ale regul\u00e9rn\u00edm \u201eprezidentsk\u00fdm kandid\u00e1tem\u201c. K  tomu pot\u0159ebuje petici podporuj\u00edc\u00ed jeho kandidaturu s pades\u00e1ti tis\u00edci  podpisy potenci\u00e1ln\u00edch voli\u010d\u016f. M\u016f\u017ee je z\u00edskat? Od koho?<\/p>\n<p>N\u011bkte\u0159\u00ed zasv\u011bcen\u00ed maj\u00ed n\u00e1zory shodn\u00e9 s t\u011bmi Ladislava Jakla. Ti ho jist\u011b podpo\u0159\u00ed.<\/p>\n<p>Mnoz\u00ed lid\u00e9 maj\u00ed postoje koresponduj\u00edc\u00ed s my\u0161len\u00edm Ladislava Jakla, ale  sp\u00ed\u0161 to jen tu\u0161\u00ed, proto\u017ee jeho n\u00e1zory nejsou na rozd\u00edl od jin\u00fdch p\u0159\u00edli\u0161  amplifikov\u00e1ny m\u00e9dii. Tac\u00ed by tak\u00e9 mohli podepsat petici umo\u017e\u0148uj\u00edc\u00ed jeho  kandidaturu, aby m\u011bli mo\u017enost se s postoji tohoto prezidentsk\u00e9ho  kandid\u00e1ta bl\u00ed\u017ee sezn\u00e1mit.<\/p>\n<p>Neskr\u00fdv\u00e1m v\u0161ak, \u017ee Ladislav Jakl m\u00e1 v mnoha ohledech n\u00e1zory  diametr\u00e1ln\u011b odli\u0161n\u00e9 od v\u0161ech ostatn\u00edch, konven\u010dn\u00edch, potenci\u00e1ln\u00edch  kandid\u00e1t\u016f. Ale i ti ob\u010dan\u00e9, kter\u00fdm n\u00e1zory kandid\u00e1t\u016f mainstreamu v tuto  chv\u00edli vyhovuj\u00ed, by mohli podepsat petici umo\u017e\u0148uj\u00edc\u00ed jeho kandidaturu. A  to z prost\u00e9ho d\u016fvodu: aby podrobili n\u00e1zory sv\u00fdch konven\u010dn\u00edch favorit\u016f  zkou\u0161ce st\u0159etu s n\u00e1zory Ladislava Jakla. Pokud v jejich o\u010d\u00edch jejich  kon\u011b \u0160vejnar, Fischer \u010di Zeman obstoj\u00ed, pak t\u00edm pro n\u011b l\u00e9pe. Pokud  neobstoj\u00ed, pak je p\u0159ece lep\u0161\u00ed m\u00edt do posledn\u00ed chv\u00edle \u0161ir\u0161\u00ed spektrum  mo\u017enost\u00ed volby. Mohu sl\u00edbit, \u017ee recipro\u010dn\u011b podep\u00ed\u0161i petici za umo\u017en\u011bn\u00ed  kandidatury Milo\u0161e Zemana (to lze: ka\u017ed\u00fd m\u016f\u017ee podepsat petici t\u0159eba i  v\u0161em kandid\u00e1t\u016fm &#8211; k volb\u011b samotn\u00e9 ho to nezavazuje.)<\/p>\n<p>A na z\u00e1v\u011br: Kandidaturu Ladislava Jakla by mohli podpo\u0159it tak\u00e9 v\u0161ichni  piva\u0159i. A to u\u017e je v \u010cech\u00e1ch, na Morav\u011b a ve Slezsku setsakramentsk\u00e1  s\u00edla. Ale nem\u011bli by ot\u00e1let &#8211; takov\u00e1 p\u0159\u00edle\u017eitost se nemus\u00ed hned tak  opakovat.<\/p>\n<p><a href=\"http:\/\/www.parlamentnilisty.cz\/zpravy\/Strunz-Svobodni-Nekonvencni-potencialni-kandidat-237110\" target=\"_blank\">Zdroj<\/a><\/p>\n","protected":false},"excerpt":{"rendered":"<p>Stran politick\u00fdch stran se posledn\u00ed dobou setk\u00e1v\u00e1m se dv\u011bma sd\u011blen\u00edmi od p\u0159\u00e1tel, zn\u00e1m\u00fdch a p\u0159\u00edbuzn\u00fdch. Za prv\u00e9 \u017ee v\u0161ichni v politice jsou jedna verbe\u017e, co\u017e se pr\u00fd otev\u0159en\u011b projev\u00ed a\u017e teprve kdy\u017e se dostanou ke korytu. Argumentuj\u00ed v\u0161emi sou\u010dasn\u00fdmi i b\u00fdval\u00fdmi vl\u00e1dn\u00edmi stranami.<\/p>\n","protected":false},"author":1,"featured_media":0,"comment_status":"open","ping_status":"open","sticky":false,"template":"","format":"standard","meta":{"ngg_post_thumbnail":0,"footnotes":""},"categories":[11],"tags":[],"class_list":["post-2129","post","type-post","status-publish","format-standard","hentry","category-ozvena"],"_links":{"self":[{"href":"https:\/\/www.ladislavjakl.cz\/index.php?rest_route=\/wp\/v2\/posts\/2129","targetHints":{"allow":["GET"]}}],"collection":[{"href":"https:\/\/www.ladislavjakl.cz\/index.php?rest_route=\/wp\/v2\/posts"}],"about":[{"href":"https:\/\/www.ladislavjakl.cz\/index.php?rest_route=\/wp\/v2\/types\/post"}],"author":[{"embeddable":true,"href":"https:\/\/www.ladislavjakl.cz\/index.php?rest_route=\/wp\/v2\/users\/1"}],"replies":[{"embeddable":true,"href":"https:\/\/www.ladislavjakl.cz\/index.php?rest_route=%2Fwp%2Fv2%2Fcomments&post=2129"}],"version-history":[{"count":1,"href":"https:\/\/www.ladislavjakl.cz\/index.php?rest_route=\/wp\/v2\/posts\/2129\/revisions"}],"predecessor-version":[{"id":2130,"href":"https:\/\/www.ladislavjakl.cz\/index.php?rest_route=\/wp\/v2\/posts\/2129\/revisions\/2130"}],"wp:attachment":[{"href":"https:\/\/www.ladislavjakl.cz\/index.php?rest_route=%2Fwp%2Fv2%2Fmedia&parent=2129"}],"wp:term":[{"taxonomy":"category","embeddable":true,"href":"https:\/\/www.ladislavjakl.cz\/index.php?rest_route=%2Fwp%2Fv2%2Fcategories&post=2129"},{"taxonomy":"post_tag","embeddable":true,"href":"https:\/\/www.ladislavjakl.cz\/index.php?rest_route=%2Fwp%2Fv2%2Ftags&post=2129"}],"curies":[{"name":"wp","href":"https:\/\/api.w.org\/{rel}","templated":true}]}}