{"id":2133,"date":"2012-06-26T11:37:23","date_gmt":"2012-06-26T09:37:23","guid":{"rendered":"http:\/\/www.ladislavjakl.cz\/?p=2133"},"modified":"2012-06-26T11:40:38","modified_gmt":"2012-06-26T09:40:38","slug":"2133","status":"publish","type":"post","link":"https:\/\/www.ladislavjakl.cz\/?p=2133","title":{"rendered":"Beseda s Ladislavem Jaklem: \u00davod"},"content":{"rendered":"<p>Kandid\u00e1t na prezidentskou nominaci Svobodn\u00fdch a \u0159editel politick\u00e9ho odboru Kancel\u00e1\u0159e prezidenta republiky hovo\u0159\u00ed o p\u0159\u00edm\u00e9 volb\u011b prezidenta i o tom, pro\u010d se rozhodl j\u00ed \u00fa\u010dastnit.<br \/>\n<!--more--><br \/>\n<iframe loading=\"lazy\" width=\"425\" height=\"315\" src=\"http:\/\/www.youtube.com\/embed\/va3vxWuyAKE\" frameborder=\"0\" allowfullscreen><\/iframe><\/p>\n","protected":false},"excerpt":{"rendered":"<p>Kandid\u00e1t na prezidentskou nominaci Svobodn\u00fdch a \u0159editel politick\u00e9ho odboru Kancel\u00e1\u0159e prezidenta republiky hovo\u0159\u00ed o p\u0159\u00edm\u00e9 volb\u011b prezidenta i o tom, pro\u010d se rozhodl j\u00ed \u00fa\u010dastnit.<\/p>\n","protected":false},"author":1,"featured_media":0,"comment_status":"open","ping_status":"open","sticky":false,"template":"","format":"standard","meta":{"ngg_post_thumbnail":0,"footnotes":""},"categories":[12],"tags":[],"class_list":["post-2133","post","type-post","status-publish","format-standard","hentry","category-video"],"_links":{"self":[{"href":"https:\/\/www.ladislavjakl.cz\/index.php?rest_route=\/wp\/v2\/posts\/2133","targetHints":{"allow":["GET"]}}],"collection":[{"href":"https:\/\/www.ladislavjakl.cz\/index.php?rest_route=\/wp\/v2\/posts"}],"about":[{"href":"https:\/\/www.ladislavjakl.cz\/index.php?rest_route=\/wp\/v2\/types\/post"}],"author":[{"embeddable":true,"href":"https:\/\/www.ladislavjakl.cz\/index.php?rest_route=\/wp\/v2\/users\/1"}],"replies":[{"embeddable":true,"href":"https:\/\/www.ladislavjakl.cz\/index.php?rest_route=%2Fwp%2Fv2%2Fcomments&post=2133"}],"version-history":[{"count":2,"href":"https:\/\/www.ladislavjakl.cz\/index.php?rest_route=\/wp\/v2\/posts\/2133\/revisions"}],"predecessor-version":[{"id":2137,"href":"https:\/\/www.ladislavjakl.cz\/index.php?rest_route=\/wp\/v2\/posts\/2133\/revisions\/2137"}],"wp:attachment":[{"href":"https:\/\/www.ladislavjakl.cz\/index.php?rest_route=%2Fwp%2Fv2%2Fmedia&parent=2133"}],"wp:term":[{"taxonomy":"category","embeddable":true,"href":"https:\/\/www.ladislavjakl.cz\/index.php?rest_route=%2Fwp%2Fv2%2Fcategories&post=2133"},{"taxonomy":"post_tag","embeddable":true,"href":"https:\/\/www.ladislavjakl.cz\/index.php?rest_route=%2Fwp%2Fv2%2Ftags&post=2133"}],"curies":[{"name":"wp","href":"https:\/\/api.w.org\/{rel}","templated":true}]}}