{"id":2141,"date":"2012-06-26T11:43:24","date_gmt":"2012-06-26T09:43:24","guid":{"rendered":"http:\/\/www.ladislavjakl.cz\/?p=2141"},"modified":"2012-06-26T11:43:24","modified_gmt":"2012-06-26T09:43:24","slug":"beseda-s-l-jaklem-bude-nadstranickym-prezidentem-nebo-vstoupi-do-strany-svobodnych-obcanu","status":"publish","type":"post","link":"https:\/\/www.ladislavjakl.cz\/?p=2141","title":{"rendered":"Beseda s L. Jaklem: Bude nadstranick\u00fdm prezidentem nebo vstoup\u00ed do Strany svobodn\u00fdch ob\u010dan\u016f?"},"content":{"rendered":"<p>Ladislav Jakl nerad p\u0159edj\u00edm\u00e1 budoucnost. Sou\u010dasn\u00fd stav, kdy je zaregistrov\u00e1n jako p\u0159\u00edznivec Svobodn\u00fdch, mu vyhovuje.<br \/>\n<!--more--><br \/>\n<iframe loading=\"lazy\" width=\"425\" height=\"315\" src=\"http:\/\/www.youtube.com\/embed\/PBqV9amlCfw\" frameborder=\"0\" allowfullscreen><\/iframe><\/p>\n","protected":false},"excerpt":{"rendered":"<p>Ladislav Jakl nerad p\u0159edj\u00edm\u00e1 budoucnost. Sou\u010dasn\u00fd stav, kdy je zaregistrov\u00e1n jako p\u0159\u00edznivec Svobodn\u00fdch, mu vyhovuje.<\/p>\n","protected":false},"author":1,"featured_media":0,"comment_status":"open","ping_status":"open","sticky":false,"template":"","format":"standard","meta":{"ngg_post_thumbnail":0,"footnotes":""},"categories":[12],"tags":[],"class_list":["post-2141","post","type-post","status-publish","format-standard","hentry","category-video"],"_links":{"self":[{"href":"https:\/\/www.ladislavjakl.cz\/index.php?rest_route=\/wp\/v2\/posts\/2141","targetHints":{"allow":["GET"]}}],"collection":[{"href":"https:\/\/www.ladislavjakl.cz\/index.php?rest_route=\/wp\/v2\/posts"}],"about":[{"href":"https:\/\/www.ladislavjakl.cz\/index.php?rest_route=\/wp\/v2\/types\/post"}],"author":[{"embeddable":true,"href":"https:\/\/www.ladislavjakl.cz\/index.php?rest_route=\/wp\/v2\/users\/1"}],"replies":[{"embeddable":true,"href":"https:\/\/www.ladislavjakl.cz\/index.php?rest_route=%2Fwp%2Fv2%2Fcomments&post=2141"}],"version-history":[{"count":1,"href":"https:\/\/www.ladislavjakl.cz\/index.php?rest_route=\/wp\/v2\/posts\/2141\/revisions"}],"predecessor-version":[{"id":2142,"href":"https:\/\/www.ladislavjakl.cz\/index.php?rest_route=\/wp\/v2\/posts\/2141\/revisions\/2142"}],"wp:attachment":[{"href":"https:\/\/www.ladislavjakl.cz\/index.php?rest_route=%2Fwp%2Fv2%2Fmedia&parent=2141"}],"wp:term":[{"taxonomy":"category","embeddable":true,"href":"https:\/\/www.ladislavjakl.cz\/index.php?rest_route=%2Fwp%2Fv2%2Fcategories&post=2141"},{"taxonomy":"post_tag","embeddable":true,"href":"https:\/\/www.ladislavjakl.cz\/index.php?rest_route=%2Fwp%2Fv2%2Ftags&post=2141"}],"curies":[{"name":"wp","href":"https:\/\/api.w.org\/{rel}","templated":true}]}}