{"id":2145,"date":"2012-06-26T11:45:15","date_gmt":"2012-06-26T09:45:15","guid":{"rendered":"http:\/\/www.ladislavjakl.cz\/?p=2145"},"modified":"2012-06-26T11:45:15","modified_gmt":"2012-06-26T09:45:15","slug":"snem-svobodnych-2012-ladislav-jakl","status":"publish","type":"post","link":"https:\/\/www.ladislavjakl.cz\/?p=2145","title":{"rendered":"Sn\u011bm Svobodn\u00fdch 2012: Ladislav Jakl"},"content":{"rendered":"<p>Kandid\u00e1t Svobodn\u00fdch pro volbu prezidenta republiky Ladislav Jakl hovo\u0159\u00ed na republikov\u00e9m sn\u011bmu Strany svobodn\u00fdch ob\u010dan\u016f.<br \/>\n<!--more--><br \/>\n<iframe loading=\"lazy\" width=\"425\" height=\"315\" src=\"http:\/\/www.youtube.com\/embed\/CnT_wt8Tt_g\" frameborder=\"0\" allowfullscreen><\/iframe><\/p>\n","protected":false},"excerpt":{"rendered":"<p>Kandid\u00e1t Svobodn\u00fdch pro volbu prezidenta republiky Ladislav Jakl hovo\u0159\u00ed na republikov\u00e9m sn\u011bmu Strany svobodn\u00fdch ob\u010dan\u016f.<\/p>\n","protected":false},"author":1,"featured_media":0,"comment_status":"open","ping_status":"open","sticky":false,"template":"","format":"standard","meta":{"ngg_post_thumbnail":0,"footnotes":""},"categories":[12],"tags":[],"class_list":["post-2145","post","type-post","status-publish","format-standard","hentry","category-video"],"_links":{"self":[{"href":"https:\/\/www.ladislavjakl.cz\/index.php?rest_route=\/wp\/v2\/posts\/2145","targetHints":{"allow":["GET"]}}],"collection":[{"href":"https:\/\/www.ladislavjakl.cz\/index.php?rest_route=\/wp\/v2\/posts"}],"about":[{"href":"https:\/\/www.ladislavjakl.cz\/index.php?rest_route=\/wp\/v2\/types\/post"}],"author":[{"embeddable":true,"href":"https:\/\/www.ladislavjakl.cz\/index.php?rest_route=\/wp\/v2\/users\/1"}],"replies":[{"embeddable":true,"href":"https:\/\/www.ladislavjakl.cz\/index.php?rest_route=%2Fwp%2Fv2%2Fcomments&post=2145"}],"version-history":[{"count":1,"href":"https:\/\/www.ladislavjakl.cz\/index.php?rest_route=\/wp\/v2\/posts\/2145\/revisions"}],"predecessor-version":[{"id":2146,"href":"https:\/\/www.ladislavjakl.cz\/index.php?rest_route=\/wp\/v2\/posts\/2145\/revisions\/2146"}],"wp:attachment":[{"href":"https:\/\/www.ladislavjakl.cz\/index.php?rest_route=%2Fwp%2Fv2%2Fmedia&parent=2145"}],"wp:term":[{"taxonomy":"category","embeddable":true,"href":"https:\/\/www.ladislavjakl.cz\/index.php?rest_route=%2Fwp%2Fv2%2Fcategories&post=2145"},{"taxonomy":"post_tag","embeddable":true,"href":"https:\/\/www.ladislavjakl.cz\/index.php?rest_route=%2Fwp%2Fv2%2Ftags&post=2145"}],"curies":[{"name":"wp","href":"https:\/\/api.w.org\/{rel}","templated":true}]}}