{"id":2156,"date":"2012-06-27T15:34:37","date_gmt":"2012-06-27T13:34:37","guid":{"rendered":"http:\/\/www.ladislavjakl.cz\/?p=2156"},"modified":"2012-06-27T15:34:37","modified_gmt":"2012-06-27T13:34:37","slug":"jakl-klaus-me-podpori-v-ceste-na-hrad-nic-jineho-mu-nezbyde","status":"publish","type":"post","link":"https:\/\/www.ladislavjakl.cz\/?p=2156","title":{"rendered":"Jakl: Klaus m\u011b podpo\u0159\u00ed v cest\u011b na Hrad. Nic jin\u00e9ho mu nezbyde"},"content":{"rendered":"<p>ROZHOVOR Tajemn\u00edk prezidenta republiky Ladislav Jakl byl stranick\u00fdmi  prim\u00e1rkami Svobodn\u00fdch potvrzen jako kandid\u00e1t na prezidentsk\u00fd \u00fa\u0159ad. V  rozhovoru pro Parlametn\u00edListy.cz mluv\u00ed o tom, pro\u010d by ho lid\u00e9 m\u011bli volit  a jak\u00e9 m\u00e1 v\u00fdhody oproti ostatn\u00edm kandid\u00e1t\u016fm. Jakl tak\u00e9 promluvil o tom,  zda i v p\u0159\u00edpad\u011b sv\u00e9 kandidatury bude pracovat na Hrad\u011b pro V\u00e1clava  Klause.<\/p>\n<p><!--more--><\/p>\n<p><strong>Pro\u010d by v\u00e1s lid\u00e9 m\u011bli volit?<\/strong><\/p>\n<p>Proto\u017ee podle m\u00e9ho hlubok\u00e9ho p\u0159esv\u011bd\u010den\u00ed \u010dlov\u011bk p\u0159i jak\u00e9koli volb\u011b nem\u00e1  taktizovat, nem\u00e1 volit nejmen\u0161\u00ed zlo, m\u00e1 volit podle sv\u00e9ho srdce a sv\u00e9ho  p\u0159esv\u011bd\u010den\u00ed. Kdy\u017e se pod\u00edv\u00e1m na to tablo, kter\u00e9 n\u00e1m ka\u017ed\u00fd den serv\u00edruj\u00ed  velk\u00e1 m\u00e9dia, z\u00a0nich\u017e by \u00fadajn\u011b m\u011bl n\u00e1rod vybrat budouc\u00edho prezidenta  republiky, tak je evidentn\u00ed, \u017ee pro lidi, kte\u0159\u00ed uva\u017euj\u00ed podobn\u00fdm  zp\u016fsobem jako j\u00e1, tam nen\u00ed nikdo, koho by mohli volit z\u00a0p\u0159esv\u011bd\u010den\u00ed. A  j\u00e1 si mysl\u00edm, \u017ee takovou mo\u017enost m\u00edt maj\u00ed a dokonce si mysl\u00edm, \u017ee jsou i  jin\u00e9 n\u00e1zorov\u00e9 skupiny, kter\u00e9 v\u00a0tom orloji, jak se n\u00e1m tak ukazuje  v\u00a0m\u00e9di\u00edch a dosavadn\u00edch pr\u016fzkumech, nemaj\u00ed toho sv\u00e9ho, koho by mohli  z\u00a0p\u0159esv\u011bd\u010den\u00ed volit.<\/p>\n<p>Pokud u\u017e jednou ta p\u0159\u00edm\u00e1 volba bude, a kdy\u017e u\u017e jsme tento krok ud\u011blali,  tak to p\u0159ece nem\u016f\u017ee prob\u00edhat zp\u016fsobem, jak\u00fdm se to vyv\u00edjelo  v\u00a0p\u0159edchoz\u00edch m\u011bs\u00edc\u00edch, kdy si velk\u00e9 z\u00e1jmov\u00e9, obchodn\u00ed a medi\u00e1ln\u00ed  skupiny vytipuj\u00ed p\u00e1r sv\u00fdch favorit\u016f a ti se budou lidem n\u011bkolik m\u011bs\u00edc\u016f  serv\u00edrovat jako jedin\u00e1 mo\u017enost s\u00a0c\u00edlem, aby kdykoliv se objev\u00ed jin\u00e9  jm\u00e9no, bylo p\u0159edem diskvalifikov\u00e1no jako divn\u00e9 a bizarn\u00ed. A to  z\u00a0jedin\u00e9ho d\u016fvodu: proto\u017ee je\u0161t\u011b nebylo frekventov\u00e1no v\u00a0t\u00e9 nab\u00eddce. P\u0159\u00e1l  bych si, aby kandid\u00e1t\u016f bylo v\u00edc, a aby si v\u0161echny v\u00fdznamn\u00e9 n\u00e1zorov\u00e9  skupiny na\u0161ly toho sv\u00e9ho kandid\u00e1ta. Jsem p\u0159esv\u011bd\u010den, \u017ee pro lidi  uva\u017euj\u00edc\u00ed zp\u016fsobem, kter\u00fd mi je bl\u00edzk\u00fd, lidi, kte\u0159\u00ed ct\u00ed lidskou svobodu  jako z\u00e1sadn\u00ed hodnotu, jsem ten spr\u00e1vn\u00fd \u010dlov\u011bk.<\/p>\n<p><strong>Tak\u017ee jin\u00fdmi slovy, aby m\u011bli toho sv\u00e9ho \u201ekon\u011b\u201c i p\u0159\u00edznivci my\u0161lenek, kter\u00e9 h\u00e1j\u00ed V\u00e1clav Klaus\u2026<\/strong><\/p>\n<p>Dalo by se to tak \u0159\u00edct, ale j\u00e1 bych to necht\u011bl takto personifikovat,  proto\u017ee v\u00edc ne\u017e o my\u0161lenky konkr\u00e9tn\u00ed osoby jde o zp\u016fsob uva\u017eov\u00e1n\u00ed a  ur\u010dit\u00e9 hodnoty a lid\u00e9, kte\u0159\u00ed je sd\u00edlej\u00ed, si v\u00a0t\u00e9 dosavadn\u00ed kolekci  s\u00a0klidn\u00fdm sv\u011bdom\u00edm vybrat nemohli.<\/p>\n<p><strong>Vy jste, jak zn\u00e1mo, velk\u00fdm kritikem p\u0159\u00edm\u00e9 volby. Jako d\u016fvod  jej\u00edho zaveden\u00ed se uv\u00e1d\u00ed, \u017ee si to pr\u00fd lid\u00e9 p\u0159\u00e1li. Ot\u00e1zkou je, zda si to  skute\u010dn\u011b p\u0159\u00e1li lid\u00e9 nebo sp\u00ed\u0161e m\u00e9dia, kter\u00e1 jim to \u010dasto podsouvala. A  pokud by existoval prokazateln\u00fd d\u016fkaz, \u017ee to tak lid\u00e9 cht\u011bli, m\u011bli tomu  skute\u010dn\u011b politici podlehnout a p\u0159\u00edmou volbu zav\u00e9st?<\/strong><\/p>\n<p>Mysl\u00edm, \u017ee pravdou je oboj\u00ed. Na p\u0159\u00edmou volbu po l\u00e9ta velk\u00e9 medi\u00e1ln\u00ed  spole\u010dnosti tla\u010dily, proto\u017ee jim d\u00e1v\u00e1 do rukou ohromn\u00fd vliv. Je to velk\u00e1  p\u0159\u00edle\u017eitost, jak manipulovat ve\u0159ejn\u00fdm m\u00edn\u011bn\u00edm a jak prosazovat r\u016fzn\u00e9  z\u00e1jmy a jak se r\u016fzn\u00fdmi z\u00e1jmov\u00fdmi skupinami nechat korumpovat a prod\u00e1vat  jim sv\u00e9 mo\u017enosti, to ur\u010dit\u011b plat\u00ed. Ale plat\u00ed i to, \u017ee mnoho lid\u00ed si to  p\u0159\u00e1lo. Podle m\u011b to bylo z\u00a0d\u016fvodu, \u017ee propadali jist\u00e9 iluzi. Oni  srovn\u00e1vali vyzkou\u0161enou variantu nep\u0159\u00edm\u00e9 volby, se kterou m\u011bli r\u016fzn\u00e9  zku\u0161enosti, a kter\u00e1 se jim v\u00a0mnoh\u00e9m nel\u00edbila, a nev\u00edm odkud vzali  p\u0159esv\u011bd\u010den\u00ed, \u017ee ta jin\u00e1 forma se jim l\u00edbit m\u016f\u017ee.<\/p>\n<p>Lid\u00e9 propadli \u010dasto z\u0159ejm\u011b naivn\u00edmu n\u00e1zoru, \u017ee jin\u00e1 varianta bude  vypadat tak, jak si ji oni vysnili v\u00a0n\u011bjak\u00e9 ide\u00e1ln\u00ed podob\u011b. Tak to ale  nen\u00ed. A\u017e se to zm\u011bn\u00ed v\u00a0realitu, lid\u00e9 s\u00a0t\u00edm budou m\u00edt stejn\u011b trpk\u00e9  zku\u0161enosti, jak\u00e9 m\u011bli s\u00a0tou p\u0159edchoz\u00ed. To si ale ve chv\u00edli sv\u00e9ho p\u0159\u00e1n\u00ed  p\u0159\u00edm\u00e9 volby v\u016fbec neuv\u011bdomovali. Mysleli si, \u017ee kdy\u017e se to rozhodne  t\u00edmto zp\u016fsobem, bude se to vyv\u00edjet tak, jak to oni maj\u00ed ve sv\u00fdch  ide\u00e1ln\u00edch p\u0159edstav\u00e1ch.<\/p>\n<p><strong>Jak\u00fd mohou m\u00edt m\u00e9dia z\u00e1jem v\u00a0prosazen\u00ed t\u011bch ur\u010dit\u00fdch jmen jako \u00fadajn\u00fdch favorit\u016f p\u0159\u00edm\u00e9 volby?<\/strong><\/p>\n<p>M\u00e9dia t\u00edm prokazuj\u00ed svoji nepostradatelnost a d\u016fle\u017eitost v\u00a0t\u011bch  volb\u00e1ch. Ukazuj\u00ed siln\u00fdm, vlivn\u00fdm politick\u00fdm a z\u00e1jmov\u00fdm skupin\u00e1m, \u017ee to  bez m\u00e9di\u00ed nep\u016fjde. \u0158\u00edkaj\u00ed: \u201aBez n\u00e1s to nep\u016fjde. Jsme v\u00e1m k\u00a0dispozici,  ale zadarmo to nebude.\u2018 Kdy\u017e se na to pod\u00edv\u00e1me realisticky, tak  prezidentsk\u00e9 volby n\u00e1s \u010dekaj\u00ed pravd\u011bpodobn\u011b v\u00a0\u00fanoru a to je p\u0159ece je\u0161t\u011b  stra\u0161n\u011b dlouh\u00e1 doba. Takhle dlouh\u00e1 p\u0159edvolebn\u00ed prezidentsk\u00e1 kampa\u0148  nebyla nikdy nikde na sv\u011bt\u011b a u n\u00e1s se v\u00a0podstat\u011b vede u\u017e od z\u00e1v\u011bru  minul\u00e9ho roku. Zved\u00e1 se to jako velk\u00e9 t\u00e9ma ze dvou hlavn\u00edch d\u016fvod\u016f. Ti,  kte\u0159\u00ed maj\u00ed ka\u017ed\u00fd den prezidentov\u00e1n\u00ed V\u00e1clava Klause pocit, \u017ee sed\u00ed na  p\u0159ip\u00edn\u00e1\u010dku a u\u017e se nemohou do\u010dkat, kdy to bude jinak, cht\u011bj\u00ed vytvo\u0159it  pocit, \u017ee vlastn\u011b u\u017e \u017e\u00e1dn\u00e9ho prezidenta nem\u00e1me, a \u017ee V\u00e1clav Klaus je u\u017e  jednou nohou pry\u010d. To ale v\u016fbec nen\u00ed pravda, proto\u017ee doba, kter\u00e1 V\u00e1clavu  Klausovi zb\u00fdv\u00e1 do konce mand\u00e1tu, je doba fungov\u00e1n\u00ed a mand\u00e1tu n\u011bkter\u00fdch  vl\u00e1d a to byly vl\u00e1dy, kter\u00e9 m\u011bly \u0161anci n\u011bco ud\u011blat, prosadit a n\u011bco  zm\u011bnit.<\/p>\n<p>Tito klausofobov\u00e9 cht\u011bj\u00ed vytvo\u0159it pocit, \u017ee tu u\u017e \u017e\u00e1dn\u00fd prezident nen\u00ed a  \u017ee pro\u017e\u00edv\u00e1me jenom dobu \u010dek\u00e1n\u00ed na toho p\u0159\u00ed\u0161t\u00edho. Nen\u00ed to pravda.  Sou\u010dasn\u00fd prezident sed\u00ed na sv\u00e9 \u017eidli pevn\u011b a norm\u00e1ln\u011b b\u011b\u017en\u011b pracuje.  Nelou\u010d\u00ed se a sna\u017e\u00ed se d\u011blat co nejl\u00e9pe svoji pr\u00e1ci, jako i my v\u0161ichni  ostatn\u00ed. Neza\u017e\u00edv\u00e1me tu \u017e\u00e1dn\u00e9 obdob\u00ed ukl\u00edzen\u00ed stol\u016f \u010di n\u011bco podobn\u00e9ho,  d\u011bl\u00e1me d\u00e1l svoji agendu. To je jeden d\u016fvod, pro\u010d se tohle t\u00e9ma tak  stra\u0161n\u011b p\u0159eh\u0159\u00edv\u00e1.<\/p>\n<p>Druh\u00fd d\u016fvod je ten, \u017ee t\u00edm neust\u00e1l\u00fdm om\u00edl\u00e1n\u00edm stejn\u00e9 kolekce lid\u00ed a  dokonce i stejn\u00fdch n\u00e1lepek se m\u00e1 vytvo\u0159it dojem, \u017ee jin\u00e1 mo\u017enost u\u017e  v\u00a0podstat\u011b neexistuje. J\u00e1 jsem p\u0159esv\u011bd\u010den, \u017ee ti, kte\u0159\u00ed se tento dojem  sna\u017e\u00ed vytv\u00e1\u0159et, se hluboce pletou. Navzdory jejich \u00fasil\u00ed a p\u0159\u00e1n\u00ed bude ta  politick\u00e1 mapa aspirant\u016f na \u00fa\u0159ad prezidenta n\u011bkdy v\u00a0listopadu vypadat  \u00fapln\u011b jinak, ne\u017e si dneska um\u00ed p\u0159estavit.<\/p>\n<p><strong>Dal\u0161\u00ed z\u00a0potencion\u00e1ln\u00edch kandid\u00e1t\u016f na prezidenta, P\u0159emysl  Sobotka z\u00a0ODS, \u0159ekl, \u017ee ne\u017e by jako prezident jmenoval vl\u00e1du s\u00a0pod\u00edlem  komunist\u016f, rad\u011bji abdikuje. R\u00e1d bych se v\u00e1s zeptal nejen na tohle, ale  tak\u00e9 zda pova\u017eujete KS\u010cM skute\u010dn\u011b za takovou hrozbu, jak se dnes \u010dasto  prezentuje?<\/strong><\/p>\n<p>Z\u00a0politick\u00e9ho hlediska jsem p\u0159esv\u011bd\u010den, \u017ee komunistick\u00e1 strana  probl\u00e9mem nen\u00ed, proto\u017ee ji sv\u00fdm programem od soci\u00e1ln\u00ed demokracie t\u00e9m\u011b\u0159  ni\u010d\u00edm neodli\u0161\u00edte. Mo\u017en\u00e1, \u017ee jsou v\u00a0lec\u010dems pragmati\u010dt\u011bj\u0161\u00ed. Nen\u00ed pravdou,  \u017ee by prosazovali na lok\u00e1ln\u00ed, nebo i celost\u00e1tn\u00ed \u00farovni n\u011bjak\u00e9 extr\u00e9mn\u00ed  projekty, kter\u00e9 by se li\u0161ily od na\u0161ich socialist\u016f, od nich\u017e \u010dasto  sly\u0161\u00edme pro mn\u011b absolutn\u011b nep\u0159ijateln\u00e9 kolektivistick\u00e9 n\u00e1pady. Pro mn\u011b  ten probl\u00e9m komunistick\u00e9 strany je mor\u00e1ln\u00ed a estetick\u00fd, je prost\u011b v\u00a0tom  n\u00e1zvu. Rozum\u00edm ale tomu, \u017ee by se p\u0159ejmenov\u00e1n\u00edm nic nevy\u0159e\u0161ilo a naopak  by se ta strana stala atraktivn\u011bj\u0161\u00ed pro v\u00edce lid\u00ed a t\u00edm tedy i pro  pravicov\u00e9 my\u0161lenky nebezpe\u010dn\u011bj\u0161\u00ed. To je mo\u017en\u00e1 pravda, ale j\u00e1 v\u00a0t\u00e9to v\u011bci  nep\u0159em\u00fd\u0161l\u00edm pragmaticky, mocensky, ale vid\u00edm to sp\u00ed\u0161 jako mor\u00e1ln\u011b  estetick\u00fd a historick\u00fd probl\u00e9m, \u017ee n\u011bkdo po tom v\u0161em, co se stalo, m\u016f\u017ee  n\u00e9st tento n\u00e1zev.<\/p>\n<p>V\u00a0praxi za daleko v\u011bt\u0161\u00ed nebezpe\u010d\u00ed pro na\u0161i svobodu, pro na\u0161e pen\u011b\u017eenky a  pro na\u0161e \u017eivoty pova\u017euji Stranu zelen\u00fdch a dal\u0161\u00ed strany s\u00a0podobn\u00fdm  programem.<\/p>\n<p>Rozum\u00edm tomu, \u017ee aspiranti na \u00fa\u0159ad prezidenta republiky budou dost\u00e1vat  podobn\u00e9 hypotetick\u00e9 dotazy, co by ud\u011blali, kdyby\u2026 J\u00e1 si nemysl\u00edm, \u017ee  tyto dotazy a odpov\u011bdi na n\u011b maj\u00ed jakoukoli relevanci, proto\u017ee \u201aslibem  nezarmout\u00ed\u0161\u2018. Bu\u010f ti dotazovan\u00ed lid\u00e9 u\u017e v\u00a0tu chv\u00edli nemluv\u00ed pravdu a  \u0159\u00edkaj\u00ed to, co se chce sly\u0161et, anebo si neum\u00ed p\u0159edstavit konkr\u00e9tn\u00ed  situaci, neum\u00ed si p\u0159edstavit, co by bylo alternativou k\u00a0tomu, jak\u00e1 by  byla jin\u00e1 mo\u017enost a podobn\u011b.<\/p>\n<p>Mnohem d\u016fle\u017eit\u011bj\u0161\u00ed ne\u017e ankety\u201a co byste ud\u011blal \u00b4kdyby\u2018, je, aby ka\u017ed\u00fd  z\u00a0t\u011bch aspirant\u016f vyjevil n\u011bjak\u00e9 sv\u00e9 hodnotov\u00e9 z\u00e1zem\u00ed. Pokud ho lid\u00e9  poznaj\u00ed, tak si z\u00a0n\u011bho odvod\u00ed, co by asi \u010dlov\u011bk v\u00a0takov\u00fdch situac\u00edch  d\u011blal a k jak\u00e9mu \u0159e\u0161en\u00ed by sp\u00ed\u0161e t\u00edhnul a od jak\u00e9ho by se sp\u00ed\u0161e  distancoval. To pova\u017euji za mnohem hodnov\u011brn\u011bj\u0161\u00ed ne\u017e r\u016fzn\u00e9 ankety,  proto\u017ee ono se to snadno \u0159\u00edk\u00e1, kdy\u017e v\u00a0t\u00e9 situaci nebyli.<\/p>\n<p><strong>V\u00a0t\u00e9hle souvislosti m\u011b napad\u00e1, \u017ee jsem ned\u00e1vno n\u011bkde na  internetu vid\u011bl reklamu Jana Fischera, v\u00a0n\u00ed\u017e vyz\u00fdv\u00e1 lidi, aby mu psali  sv\u00e9 n\u00e1zory a probl\u00e9my \u010di n\u011bco podobn\u00e9ho. On vlastn\u011b nikdy nikde po\u0159\u00e1dn\u011b  neprojevil sv\u016fj n\u00e1zor na spoustu z\u00e1sadn\u00edch t\u00e9mat. Potom nev\u00edme, co od  n\u011bho, \u010di n\u011bkoho podobn\u00e9ho, \u010dekat\u2026<\/strong><\/p>\n<p>Tohle je obecn\u00e1 nemoc politiky a nejenom u n\u00e1s. Je to odpolitizov\u00e1n\u00ed,  odideologizov\u00e1n\u00ed, p\u0159em\u011bna politiky v\u00a0jak\u00fdsi mana\u017eersko-in\u017een\u00fdrsk\u00fd  mechanismus, kdy ti lid\u00e9 mezi sebou sout\u011b\u017e\u00ed v\u00a0tom, kdo l\u00e9pe ut\u00e1hne matku  na n\u011bjak\u00e9m vodovodu a lid\u00e9 si pak budou vyb\u00edrat mezi t\u011bmi, kdo to  ut\u00e1hne l\u00e9pe. To si mysl\u00edm, \u017ee je obrovsk\u00fd omyl pr\u00e1v\u011b proto, \u017ee umo\u017e\u0148uje  r\u016fzn\u00fdm kandid\u00e1t\u016fm, ale i n\u011bkter\u00fdm programov\u011b nevyhran\u011bn\u00fdm politick\u00fdm  stran\u00e1m, ohromn\u00fd voluntarismus. Oni nejsou zav\u00e1z\u00e1ni ni\u010d\u00edm a k\u00a0\u017e\u00e1dn\u00fdm  princip\u016fm a d\u00e1 se p\u0159edpokl\u00e1dat, \u017ee budou d\u011blat zrovna to, co pro n\u011b ten  den je v\u00fdhodn\u00e9.<\/p>\n<p>Nejv\u011bt\u0161\u00edm nebezpe\u010d\u00edm n\u00e1zor\u016f a idej\u00ed, kter\u00e9 zast\u00e1v\u00e1m j\u00e1, nejsou ideje  odli\u0161n\u00e9 nebo dokonce opa\u010dn\u00e9, ale \u017e\u00e1dn\u00e9. Je to takov\u00e1 ta nepolitick\u00e1  politika a neutralita schov\u00e1van\u00e1 za politickou korektnost, ve kter\u00e9 se  neslu\u0161\u00ed hl\u00e1sit se k\u00a0vyhran\u011bn\u00fdm n\u00e1zor\u016fm. Chci v\u011b\u0159it, \u017ee se do\u017eijeme  n\u011bjak\u00e9 rehabilitace politiky a idej\u00ed v\u00a0t\u011bch vlastn\u00edch ko\u0159enech od toho  sou\u010dasn\u00e9ho superpragmatismu, proto\u017ee to je vlastn\u011b vrchol ve\u0161ker\u00e9ho  alibismu a umo\u017e\u0148uje velk\u00e9 prosp\u011bch\u00e1\u0159stv\u00ed.<\/p>\n<p><strong>Na rovin\u011b toho se zept\u00e1m, v\u00a0\u010dem si mysl\u00edte, \u017ee jste lep\u0161\u00ed, ne\u017e ostatn\u00ed prozat\u00edm uva\u017eovan\u00ed kandid\u00e1ti?<\/strong><\/p>\n<p>Za prv\u00e9 jsem n\u00e1zorov\u011b vyhran\u011bn\u00fd a otev\u0159en\u00fd a mysl\u00edm, \u017ee kdy\u017e se n\u011bkdo  pod\u00edv\u00e1 na mnoho set text\u016f a \u010dl\u00e1nk\u016f, kter\u00e9 jsem za posledn\u00edch dvacet let  publikoval, tak tam najde ur\u010ditou n\u00e1zorovou a my\u0161lenkovou konzistenci a  pochop\u00ed, o co mi cel\u00e1 ta l\u00e9ta jde a nabude t\u00edm jistoty, \u017ee nen\u00ed d\u016fvod,  abych se od toho z\u00edtra odch\u00fdlil. A bu\u010f se s\u00a0t\u00edm ztoto\u017en\u00ed, nebo to  odm\u00edtne, co\u017e je jeho pln\u00e9 pr\u00e1vo, ale aspo\u0148 v\u00ed, s\u00a0\u010d\u00edm bude m\u00edt do \u010din\u011bn\u00ed.  Co\u017e je moje prvn\u00ed komparativn\u00ed v\u00fdhoda.<\/p>\n<p>A za dal\u0161\u00ed, kdy\u017e se pod\u00edv\u00e1te po t\u00e9 plej\u00e1d\u011b mo\u017en\u00fdch kandid\u00e1t\u016f, tak tam  bohu\u017eel nen\u00ed nikdo, kdo by stav\u011bl nutnost ochrany svobody \u010dlov\u011bka p\u0159ed  kolektivistick\u00fdm n\u00e1sil\u00edm tak, jako j\u00e1. Opravdu jsem si toho nev\u0161iml a je  mi to l\u00edto, r\u00e1d bych tam takov\u00e9 kandid\u00e1ty vid\u011bl. Ale nejsou tam.<\/p>\n<p><strong>V\u00a0okam\u017eiku, kdy se stanete ofici\u00e1ln\u00edm kandid\u00e1tem na  prezidentsk\u00fd \u00fa\u0159ad, budete i nad\u00e1le pracovat tady na Hrad\u011b jako tajemn\u00edk  prezidenta republiky a \u0159editel politick\u00e9ho odboru?<\/strong><\/p>\n<p>Ta ot\u00e1zka je spr\u00e1vn\u00e1, f\u00e9rov\u00e1 a p\u0159ed\u010dasn\u00e1. J\u00e1 samoz\u0159ejm\u011b sv\u00e9 my\u0161lenky na  toto t\u00e9ma srovnan\u00e9 m\u00e1m, ale mysl\u00edm si, \u017ee v\u0161echny odpov\u011bdi maj\u00ed sv\u016fj  \u010das. Rostlinka neporoste rychleji, kdy\u017e ji budete povytahovat, to ji tak  mo\u017en\u00e1 vytrhnete z\u00a0ko\u0159\u00ednk\u016f. Mysl\u00edm si, \u017ee je t\u0159eba ji nechat r\u016fst.  V\u0161echny tyhle v\u011bci p\u0159ijdou ve chv\u00edli, kdy uzraje jejich \u010das. Tato ot\u00e1zka  by m\u011bla v\u00a0jist\u00e9 obdob\u011b padnout i na v\u0161echny ostatn\u00ed. Ale nemysl\u00edm, \u017ee  te\u010f.<\/p>\n<p><strong>O\u010dek\u00e1v\u00e1te ve sv\u00e9 kandidatu\u0159e podporu od V\u00e1clava Klause? Nebo jste o tom u\u017e hovo\u0159ili, m\u016f\u017eu-li se takto zeptat?<\/strong><\/p>\n<p>To jsme zat\u00edm ne\u0159e\u0161ili. Mimo jin\u00e9 tak\u00e9 proto, \u017ee v\u00a0\u017e\u00e1dn\u00e9 kampani je\u0161t\u011b  nejsme, tak se pouze tv\u00e1\u0159\u00ed m\u00e9dia. Ale \u0159\u00edk\u00e1m si, \u017ee kdybychom byli  v\u00a0listopadu nebo v\u00a0prosinci a neobjevil se do t\u00e9 doby nikdo jin\u00fd, kdo by  l\u00e9pe reprezentoval my\u0161lenky a ide\u00e1ly, kter\u00fdm v\u011b\u0159\u00edm, tak by V\u00e1clavu  Klausovi skoro nezbylo nic jin\u00e9ho.<\/p>\n<p><a href=\"http:\/\/www.parlamentnilisty.cz\/rss\/zpravy\/Jakl-Klaus-me-podpori-v-ceste-na-Hrad-Nic-jineho-mu-nezbyde-237205\" target=\"_blank\">Zdroj<\/a><\/p>\n","protected":false},"excerpt":{"rendered":"<p>ROZHOVOR Tajemn\u00edk prezidenta republiky Ladislav Jakl byl stranick\u00fdmi prim\u00e1rkami Svobodn\u00fdch potvrzen jako kandid\u00e1t na prezidentsk\u00fd \u00fa\u0159ad. V rozhovoru pro Parlametn\u00edListy.cz mluv\u00ed o tom, pro\u010d by ho lid\u00e9 m\u011bli volit a jak\u00e9 m\u00e1 v\u00fdhody oproti ostatn\u00edm kandid\u00e1t\u016fm. Jakl tak\u00e9 promluvil o tom, zda i v p\u0159\u00edpad\u011b sv\u00e9 kandidatury bude pracovat na Hrad\u011b pro V\u00e1clava Klause.<\/p>\n","protected":false},"author":1,"featured_media":0,"comment_status":"open","ping_status":"open","sticky":false,"template":"","format":"standard","meta":{"ngg_post_thumbnail":0,"footnotes":""},"categories":[17,13],"tags":[],"class_list":["post-2156","post","type-post","status-publish","format-standard","hentry","category-jakl-president","category-rozhovory"],"_links":{"self":[{"href":"https:\/\/www.ladislavjakl.cz\/index.php?rest_route=\/wp\/v2\/posts\/2156","targetHints":{"allow":["GET"]}}],"collection":[{"href":"https:\/\/www.ladislavjakl.cz\/index.php?rest_route=\/wp\/v2\/posts"}],"about":[{"href":"https:\/\/www.ladislavjakl.cz\/index.php?rest_route=\/wp\/v2\/types\/post"}],"author":[{"embeddable":true,"href":"https:\/\/www.ladislavjakl.cz\/index.php?rest_route=\/wp\/v2\/users\/1"}],"replies":[{"embeddable":true,"href":"https:\/\/www.ladislavjakl.cz\/index.php?rest_route=%2Fwp%2Fv2%2Fcomments&post=2156"}],"version-history":[{"count":1,"href":"https:\/\/www.ladislavjakl.cz\/index.php?rest_route=\/wp\/v2\/posts\/2156\/revisions"}],"predecessor-version":[{"id":2157,"href":"https:\/\/www.ladislavjakl.cz\/index.php?rest_route=\/wp\/v2\/posts\/2156\/revisions\/2157"}],"wp:attachment":[{"href":"https:\/\/www.ladislavjakl.cz\/index.php?rest_route=%2Fwp%2Fv2%2Fmedia&parent=2156"}],"wp:term":[{"taxonomy":"category","embeddable":true,"href":"https:\/\/www.ladislavjakl.cz\/index.php?rest_route=%2Fwp%2Fv2%2Fcategories&post=2156"},{"taxonomy":"post_tag","embeddable":true,"href":"https:\/\/www.ladislavjakl.cz\/index.php?rest_route=%2Fwp%2Fv2%2Ftags&post=2156"}],"curies":[{"name":"wp","href":"https:\/\/api.w.org\/{rel}","templated":true}]}}