{"id":2158,"date":"2012-06-27T15:35:57","date_gmt":"2012-06-27T13:35:57","guid":{"rendered":"http:\/\/www.ladislavjakl.cz\/?p=2158"},"modified":"2012-06-27T15:35:57","modified_gmt":"2012-06-27T13:35:57","slug":"jakla-beru-ale-dlouhy","status":"publish","type":"post","link":"https:\/\/www.ladislavjakl.cz\/?p=2158","title":{"rendered":"Jakla beru, ale Dlouh\u00fd&#8230;"},"content":{"rendered":"<p>Parlamentn\u00edListy.cz zaj\u00edmalo, jak hodnot\u00ed dv\u011b nov\u00e1 jm\u00e9na z minul\u00e9ho t\u00fddne, kter\u00e1 se objevila na seznamu kandid\u00e1t\u016f v boji o prezidentsk\u00e9 k\u0159eslo. \u201eLadislav Jakl je mu\u017e s dobrou minulost\u00ed, neot\u0159el\u00fdmi n\u00e1zory a um\u00ed se postavit i mainstreamu.<\/p>\n<p><!--more-->Je to osobnost, se kterou nemus\u00edm v\u017edy souhlasit, ale jeho n\u00e1zor nep\u0159ehl\u00e9dnu a r\u00e1d si ho vyslechnu,\u201c mysl\u00ed si o tajemn\u00edkovi prezidenta V\u00e1clava Kaluse Okamura.<\/p>\n<p>To Vladim\u00edr Dlouh\u00fd je podle n\u011bj jin\u00fd. \u201eMnoh\u00fdm je to jist\u011b sympatick\u00fd p\u00e1n, ale jeho n\u00e1zory jsem v posledn\u00edch letech nesly\u0161el a jeho \u017eivotn\u00ed p\u0159\u00edb\u011bh sv\u011bd\u010d\u00ed alespo\u0148 zven\u010d\u00ed jen o celo\u017eivotn\u00ed touze ud\u011blat dobrou kari\u00e9ru, a to za jak\u00e9hokoli re\u017eimu,\u201c vrt\u00ed z\u00e1porn\u011b hlavou kandid\u00e1t na sen\u00e1tora.<\/p>\n<p>\u201eJak \u0159\u00edk\u00e1 Pol\u00edvka: Nevad\u00ed \u017ee vstoupil, vad\u00ed, \u017ee p\u0159es noc se z kari\u00e9rn\u00edho komunisty stal kovan\u00fd pravi\u010d\u00e1k,\u201c shrnul Okamura s poukazem na p\u0159edlistopadov\u00e9 \u010dlenstv\u00ed Vladim\u00edra Dlouh\u00e9ho v KS\u010c a dodal: \u201eZ\u00e1hadou mi je, jak\u00e9 n\u00e1zory m\u00e1 pan Dlouh\u00fd dnes.\u201c<\/p>\n<p><a href=\"http:\/\/www.parlametnilisty.cz\" target=\"_blank\">Zdroj<\/a><\/p>\n","protected":false},"excerpt":{"rendered":"<p>Parlamentn\u00edListy.cz zaj\u00edmalo, jak hodnot\u00ed dv\u011b nov\u00e1 jm\u00e9na z minul\u00e9ho t\u00fddne, kter\u00e1 se objevila na seznamu kandid\u00e1t\u016f v boji o prezidentsk\u00e9 k\u0159eslo. \u201eLadislav Jakl je mu\u017e s dobrou minulost\u00ed, neot\u0159el\u00fdmi n\u00e1zory a um\u00ed se postavit i mainstreamu.<\/p>\n","protected":false},"author":1,"featured_media":0,"comment_status":"open","ping_status":"open","sticky":false,"template":"","format":"standard","meta":{"ngg_post_thumbnail":0,"footnotes":""},"categories":[11],"tags":[],"class_list":["post-2158","post","type-post","status-publish","format-standard","hentry","category-ozvena"],"_links":{"self":[{"href":"https:\/\/www.ladislavjakl.cz\/index.php?rest_route=\/wp\/v2\/posts\/2158","targetHints":{"allow":["GET"]}}],"collection":[{"href":"https:\/\/www.ladislavjakl.cz\/index.php?rest_route=\/wp\/v2\/posts"}],"about":[{"href":"https:\/\/www.ladislavjakl.cz\/index.php?rest_route=\/wp\/v2\/types\/post"}],"author":[{"embeddable":true,"href":"https:\/\/www.ladislavjakl.cz\/index.php?rest_route=\/wp\/v2\/users\/1"}],"replies":[{"embeddable":true,"href":"https:\/\/www.ladislavjakl.cz\/index.php?rest_route=%2Fwp%2Fv2%2Fcomments&post=2158"}],"version-history":[{"count":1,"href":"https:\/\/www.ladislavjakl.cz\/index.php?rest_route=\/wp\/v2\/posts\/2158\/revisions"}],"predecessor-version":[{"id":2159,"href":"https:\/\/www.ladislavjakl.cz\/index.php?rest_route=\/wp\/v2\/posts\/2158\/revisions\/2159"}],"wp:attachment":[{"href":"https:\/\/www.ladislavjakl.cz\/index.php?rest_route=%2Fwp%2Fv2%2Fmedia&parent=2158"}],"wp:term":[{"taxonomy":"category","embeddable":true,"href":"https:\/\/www.ladislavjakl.cz\/index.php?rest_route=%2Fwp%2Fv2%2Fcategories&post=2158"},{"taxonomy":"post_tag","embeddable":true,"href":"https:\/\/www.ladislavjakl.cz\/index.php?rest_route=%2Fwp%2Fv2%2Ftags&post=2158"}],"curies":[{"name":"wp","href":"https:\/\/api.w.org\/{rel}","templated":true}]}}