{"id":2160,"date":"2012-06-27T15:37:50","date_gmt":"2012-06-27T13:37:50","guid":{"rendered":"http:\/\/www.ladislavjakl.cz\/?p=2160"},"modified":"2012-06-27T15:37:50","modified_gmt":"2012-06-27T13:37:50","slug":"na-hrad-chci-kvuli-%e2%80%9emedialnim-favoritum%e2%80%9c-i-ochrane-svobody-rika-jakl","status":"publish","type":"post","link":"https:\/\/www.ladislavjakl.cz\/?p=2160","title":{"rendered":"Na Hrad chci kv\u016fli \u201emedi\u00e1ln\u00edm favorit\u016fm\u201c i ochran\u011b svobody, \u0159\u00edk\u00e1 Jakl"},"content":{"rendered":"<p>Jedn\u00edm z d\u016fvod\u016f, pro\u010d se tajemn\u00edk hlavy st\u00e1tu Ladislav Jakl uch\u00e1z\u00ed o prezidentsk\u00fd \u00fa\u0159ad, je &#8222;kolekce medi\u00e1ln\u00edch favorit\u016f&#8220;, s nimi\u017e se st\u0159etne. Za dal\u0161\u00ed d\u016fvod pokl\u00e1d\u00e1 svou vytrvalost v ochran\u011b svobody. &#8222;Mysl\u00edm, \u017ee pro lidi, kte\u0159\u00ed mi dnes vyjad\u0159uj\u00ed podporu, jsem u\u017e n\u011bco vykonal,&#8220; \u0159\u00edk\u00e1 v rozhovoru pro MF DNES.<\/p>\n<p><!--more--><br \/>\nPokud by se prezidentem stal Ladislav Jakl, jedno slovo by Pra\u017esk\u00fdm hradem ur\u010dit\u011b rezonovalo stejn\u011b siln\u011b jako za \u010das\u016f V\u00e1clava Klause: svoboda.<\/p>\n<p>Sou\u010dasn\u00fd prezidentsk\u00fd tajemn\u00edk a n\u011bkdej\u0161\u00ed poslanec toti\u017e na jedn\u00e9 stran\u011b p\u0159ipou\u0161t\u00ed, \u017ee nikdy nebyl ve v\u00fdznamn\u00e9 politick\u00e9 funkci a &#8222;vahou sv\u00fdch v\u00fdkon\u016f&#8220; se nap\u0159\u00edklad s Milo\u0161em Zemanem nem\u016f\u017ee srovn\u00e1vat.<\/p>\n<p>Ale tak\u00e9 jedn\u00edm dechem dod\u00e1v\u00e1: &#8222;Zase v\u00edm, \u017ee ve v\u0161ech rol\u00edch, v kter\u00fdch jsem byl, jsem hodn\u011b konzistentn\u011b a vytrvale prosazoval ur\u010dit\u00e9 my\u0161lenky, kter\u00e9 si to zasluhuj\u00ed a kter\u00e9 nikdo v\u00fdrazn\u011b neprosazuje. To znamen\u00e1 chr\u00e1nit svobodu \u010dlov\u011bka p\u0159ed r\u016fzn\u00fdmi n\u00e1siln\u00fdmi etatizmy, a\u0165 vych\u00e1zej\u00ed odkudkoliv.&#8220;<\/p>\n<p>Druh\u00fdm d\u016fvodem, pro\u010d se do boje o Hrad pustil a p\u0159ijal nominaci od neparlamentn\u00edch Svobodn\u00fdch, je podle n\u011bj pohled na konkurenty. T\u011bch u\u017e je pom\u011brn\u011b hodn\u011b: Zeman, Fischer, Schwarzenberg, Dienstbier, Dlouh\u00fd, Roithov\u00e1, Bobo\u0161\u00edkov\u00e1 &#8211; a p\u0159ibudou k nim z\u0159ejm\u011b i Jan \u0160vejnar a P\u0159emysl Sobotka.<\/p>\n<p>Je\u0161t\u011b p\u0159ed rokem se toti\u017e Jakl ke vstupu do politiky stav\u011bl skepticky. &#8222;Tehdy je\u0161t\u011b nebyla zaveden\u00e1 p\u0159\u00edm\u00e1 volba prezidenta. Taky tehdy nebyl takov\u00fd bezprost\u0159edn\u00ed dojem z t\u00e9 kolekce medi\u00e1ln\u00edch favorit\u016f, ve kter\u00e9 bych si jako voli\u010d nevybral,&#8220; \u0159\u00edk\u00e1 dnes prezident\u016fv tajemn\u00edk.<\/p>\n<p>A na n\u00e1mitku, \u017ee podle slov V\u00e1clava Klause by se o prezidentsk\u00fd post m\u011bli uch\u00e1zet lid\u00e9, kte\u0159\u00ed pro \u010cesko n\u011bco vykonali, odpov\u00edd\u00e1: &#8222;Mysl\u00edm, \u017ee pro lidi, kte\u0159\u00ed mi dnes vyjad\u0159uj\u00ed podporu, jsem u\u017e n\u011bco vykonal.&#8220;<br \/>\n&#8222;N\u011bkdo, kdo je v o\u010d\u00edch mnoh\u00fdch jako plesniv\u00e9 raj\u010de&#8220;<\/p>\n<p>V rozhovoru s Barborou Tachec\u00ed tak\u00e9 Jakl tvrd\u00ed, \u017ee ho jeho odp\u016frci, &#8222;stovky lid\u00ed na v\u0161ech mo\u017en\u00fdch internetech, diskus\u00edch, e-mailech a tak d\u00e1le&#8220;, zastra\u0161uj\u00ed.<\/p>\n<p>&#8222;Mnoh\u00e9 pohor\u0161uje u\u017e ta p\u0159edstava, \u017ee by v\u016fbec v nab\u00edzen\u00e9 kolekci mohl b\u00fdt n\u011bkdo, kdo je v jejich o\u010d\u00edch jako jedno plesniv\u00e9 raj\u010de, od kter\u00e9ho se mohou nakazit ostatn\u00ed. Politika je p\u0159ece otev\u0159en\u00e1 sout\u011b\u017e, stejn\u011b jako p\u0159\u00edm\u00e1 volba (&#8230;). M\u00edsto, aby si n\u011bkte\u0159\u00ed lid\u00e9 \u0159ekli: Jakl je blbec, u m\u011b \u017e\u00e1dnou \u0161anci nem\u00e1 &#8211; co\u017e je naprosto v po\u0159\u00e1dku &#8211; k\u0159i\u010d\u00ed: co si to v\u016fbec dovoluje?&#8220; prohl\u00e1sil Ladislav Jakl.<\/p>\n<p><a href=\"http:\/\/zpravy.idnes.cz\/kandidat-na-prezidenta-jakl-dfn-\/domaci.aspx?c=A120626_094753_domaci_jw\" target=\"_blank\">Zdroj<\/a><\/p>\n","protected":false},"excerpt":{"rendered":"<p>Jedn\u00edm z d\u016fvod\u016f, pro\u010d se tajemn\u00edk hlavy st\u00e1tu Ladislav Jakl uch\u00e1z\u00ed o prezidentsk\u00fd \u00fa\u0159ad, je &#8222;kolekce medi\u00e1ln\u00edch favorit\u016f&#8220;, s nimi\u017e se st\u0159etne. Za dal\u0161\u00ed d\u016fvod pokl\u00e1d\u00e1 svou vytrvalost v ochran\u011b svobody. &#8222;Mysl\u00edm, \u017ee pro lidi, kte\u0159\u00ed mi dnes vyjad\u0159uj\u00ed podporu, jsem u\u017e n\u011bco vykonal,&#8220; \u0159\u00edk\u00e1 v rozhovoru pro MF DNES.<\/p>\n","protected":false},"author":1,"featured_media":0,"comment_status":"open","ping_status":"open","sticky":false,"template":"","format":"standard","meta":{"ngg_post_thumbnail":0,"footnotes":""},"categories":[17,11,13],"tags":[],"class_list":["post-2160","post","type-post","status-publish","format-standard","hentry","category-jakl-president","category-ozvena","category-rozhovory"],"_links":{"self":[{"href":"https:\/\/www.ladislavjakl.cz\/index.php?rest_route=\/wp\/v2\/posts\/2160","targetHints":{"allow":["GET"]}}],"collection":[{"href":"https:\/\/www.ladislavjakl.cz\/index.php?rest_route=\/wp\/v2\/posts"}],"about":[{"href":"https:\/\/www.ladislavjakl.cz\/index.php?rest_route=\/wp\/v2\/types\/post"}],"author":[{"embeddable":true,"href":"https:\/\/www.ladislavjakl.cz\/index.php?rest_route=\/wp\/v2\/users\/1"}],"replies":[{"embeddable":true,"href":"https:\/\/www.ladislavjakl.cz\/index.php?rest_route=%2Fwp%2Fv2%2Fcomments&post=2160"}],"version-history":[{"count":1,"href":"https:\/\/www.ladislavjakl.cz\/index.php?rest_route=\/wp\/v2\/posts\/2160\/revisions"}],"predecessor-version":[{"id":2161,"href":"https:\/\/www.ladislavjakl.cz\/index.php?rest_route=\/wp\/v2\/posts\/2160\/revisions\/2161"}],"wp:attachment":[{"href":"https:\/\/www.ladislavjakl.cz\/index.php?rest_route=%2Fwp%2Fv2%2Fmedia&parent=2160"}],"wp:term":[{"taxonomy":"category","embeddable":true,"href":"https:\/\/www.ladislavjakl.cz\/index.php?rest_route=%2Fwp%2Fv2%2Fcategories&post=2160"},{"taxonomy":"post_tag","embeddable":true,"href":"https:\/\/www.ladislavjakl.cz\/index.php?rest_route=%2Fwp%2Fv2%2Ftags&post=2160"}],"curies":[{"name":"wp","href":"https:\/\/api.w.org\/{rel}","templated":true}]}}