{"id":2162,"date":"2012-06-27T15:45:37","date_gmt":"2012-06-27T13:45:37","guid":{"rendered":"http:\/\/www.ladislavjakl.cz\/?p=2162"},"modified":"2012-06-27T15:45:37","modified_gmt":"2012-06-27T13:45:37","slug":"klaus-me-podpori-co-mu-zbyde","status":"publish","type":"post","link":"https:\/\/www.ladislavjakl.cz\/?p=2162","title":{"rendered":"Klaus m\u011b podpo\u0159\u00ed, co mu zbyde?"},"content":{"rendered":"<p>Mlad\u00e1 fronta Dnes, 27.06.2012, str.\u00a012<\/p>\n<p>Enfant terrible Pra\u017esk\u00e9ho hradu, uzn\u00e1van\u00fd znalec \u010desk\u00e9ho piva, mnohalet\u00fd bigb\u00ed\u0165\u00e1k. A tajemn\u00edk prezidenta, kter\u00e9mu by nevadilo se prezidentem st\u00e1t. Ladislav Jakl.<\/p>\n<p><!--more--><strong>&#8211; &#8222;U\u017e nejsem tak mlad\u00fd, abych s politikou po dvaceti letech op\u011bt za\u010d\u00ednal\u2026&#8220; pravil jste na tomto m\u00edst\u011b p\u0159ed rokem. Prod\u011blal jste od t\u00e9 doby omlazovac\u00ed k\u00faru? <\/strong><\/p>\n<p>Nikdy jsem takov\u00fd v\u00fdvoj neodm\u00edtal. Pova\u017eoval jsem ho za jeden z mo\u017en\u00fdch, \u017ee se budu ve ve\u0159ejn\u00fdch v\u011bcech anga\u017eovat v\u00edc. Dokonce m\u00e1m pocit, \u017ee jsem v rozhovoru s v\u00e1mi \u0159ekl, \u017ee pokud bych do politiky \u0161el, tak bych do toho po\u0159\u00e1dn\u011b \u0161l\u00e1pnul.<\/p>\n<p><strong>&#8211; Cituji v\u00e1s p\u0159esn\u011b: &#8222;\u2026 zadruh\u00e9 si nejsem jist, zda takov\u00e1 n\u00e1zorov\u00e1 vyhran\u011bnost, jakou m\u00e1m j\u00e1, se do politiky hod\u00ed. V politice usp\u011bj\u00ed sp\u00ed\u0161 lid\u00e9 univerz\u00e1ln\u011bj\u0161\u00ed. Kdybych se pro to rozhodl, tak bych do toho po\u0159\u00e1dn\u011b \u0161l\u00e1pnul, to asi ano. Ale ob\u011b\u0165 z m\u00e9 strany by to asi byla p\u0159\u00edli\u0161 velk\u00e1.&#8220;<br \/>\n<\/strong><br \/>\nV\u0161echno plat\u00ed.<\/p>\n<p><strong>&#8211; \u010cili jste p\u0159ipraven p\u0159in\u00e9st p\u0159\u00edli\u0161 velkou ob\u011b\u0165?<br \/>\n<\/strong><br \/>\nSv\u00fdm zp\u016fsobem zcela ur\u010dit\u011b. A je to vid\u011bt ka\u017ed\u00fd den, t\u0159eba na velk\u00e9 p\u00e9\u010di o m\u00e9 soukrom\u00ed a r\u016fzn\u00e9 dal\u0161\u00ed v\u011bci. Ale m\u00ed p\u0159\u00e1tel\u00e9 \u0159\u00edkaj\u00ed, \u017ee mi jde st\u00e1le o stejn\u00e9 v\u011bci a pou\u017e\u00edv\u00e1m stejn\u00e1 slova.<\/p>\n<p><strong>&#8211; Sice stejn\u00e1 slova, ale obsah se h\u00fdbe. Proto\u017ee to, co jste mi \u0159ekl p\u0159ed rokem, bylo k politice odm\u00edtav\u00e9 a te\u010f jste kandid\u00e1tem na kandid\u00e1ta na prezidenta. <\/strong><\/p>\n<p>Tehdy je\u0161t\u011b nebyla zaveden\u00e1 p\u0159\u00edm\u00e1 volba prezidenta. Taky tehdy nebyl takov\u00fd bezprost\u0159edn\u00ed dojem z t\u00e9 kolekce medi\u00e1ln\u00edch favorit\u016f, ve kter\u00e9 bych si jako voli\u010d nevybral.<\/p>\n<p><strong>&#8211; Tak\u017ee zoufalstv\u00ed z jin\u00fdch kandid\u00e1t\u016f. A jak\u00e9 jsou ty dal\u0161\u00ed motivy? <\/strong><\/p>\n<p>Je zaj\u00edmav\u00e9, jak n\u011bkte\u0159\u00ed lid\u00e9 ch\u00e1pou demokracii. Mnoh\u00e9 pohor\u0161uje u\u017e ta p\u0159edstava, \u017ee by v\u016fbec v nab\u00edzen\u00e9 kolekci mohl b\u00fdt n\u011bkdo, kdo je v jejich o\u010d\u00edch jako jedno plesniv\u00e9 raj\u010de, od kter\u00e9ho se mohou nakazit ostatn\u00ed. Politika je p\u0159ece otev\u0159en\u00e1 sout\u011b\u017e, stejn\u011b jako p\u0159\u00edm\u00e1 volba. \u017de by m\u011bl b\u00fdt n\u011bkdo zastra\u0161ov\u00e1n, proto\u017ee si dovol\u00ed\u2026<\/p>\n<p><strong>&#8211; Po\u010dkejte, kdo v\u00e1s zastra\u0161uje? <\/strong><\/p>\n<p>Stovky lid\u00ed na v\u0161ech mo\u017en\u00fdch internetech, diskus\u00edch, e-mailech atd. A mysl\u00edm si, \u017ee m\u00e1me nejdel\u0161\u00ed prezidentskou kampa\u0148 na sv\u011bt\u011b, a d\u016fvody t\u00e9 stra\u0161n\u011b dlouh\u00e9 mas\u00e1\u017ee jsou dva: vyvolat ve ve\u0159ejnosti dojem, \u017ee u\u017e \u017e\u00e1dn\u00e9ho prezidenta nem\u00e1me, a pak \u2013 jako by se r\u016fzn\u00e9 vlivn\u00e9 skupiny sna\u017eily ve\u0159ejnosti natlouct do hlavy seznam jedin\u00fdch, o kter\u00fdch se m\u00e1 mluvit jako o aspirantech \u010di kandid\u00e1tech na kandid\u00e1ta. A jak\u00e9koliv jin\u00e9 jm\u00e9no m\u00e1 p\u016fsobit divn\u011b.<\/p>\n<p><strong>&#8211; Jak vypad\u00e1 to zastra\u0161ov\u00e1n\u00ed? Nen\u00ed to tak, \u017ee o v\u0161ech zn\u00e1m\u011bj\u0161\u00edch lidech se ob\u010das hanebn\u011b p\u00ed\u0161e? <\/strong><\/p>\n<p>Jasn\u011b, j\u00e1 nechci, aby to zn\u011blo uf\u0148ukan\u011b nebo pla\u010dtiv\u011b. Z toho j\u00e1 si v\u016fbec nic ned\u011bl\u00e1m. M\u00edsto aby si n\u011bkte\u0159\u00ed lid\u00e9 \u0159ekli: Jakl je blbec, u m\u011b \u017e\u00e1dnou \u0161anci nem\u00e1 \u2013 co\u017e je naprosto v po\u0159\u00e1dku \u2013 k\u0159i\u010d\u00ed: Co si to v\u016fbec dovoluje?<\/p>\n<p><strong>&#8211; Tak\u00e9 jste \u0159ekl, \u017ee nechcete b\u00fdt do budoucna profesn\u011b z\u00e1visl\u00fd na nikom a na ni\u010dem. Pikantn\u00ed je, \u017ee prezident v p\u0159\u00edm\u00e9 volb\u011b je nejz\u00e1vislej\u0161\u00ed ze z\u00e1visl\u00fdch, nemysl\u00edte? <\/strong><\/p>\n<p>\u0158ekl bych, \u017ee role prezidenta je jedna z m\u00e1la, kv\u016fli kter\u00e9 \u010dlov\u011bk n\u011bkter\u00e9 v\u011bci ob\u011btuje.<\/p>\n<p><strong>&#8211; \u0158ekl jste, \u017ee budete \u017ealovat Hrad, kdy\u017e zve\u0159ejn\u00ed va\u0161e odm\u011bny \u2013 podle soudu by ale toto m\u011bla b\u00fdt informace ve\u0159ejn\u00e1. <\/strong><\/p>\n<p>M\u016fj postoj nen\u00ed postojem nafoukan\u00e9ho papal\u00e1\u0161e. Postoj lid\u00ed, kte\u0159\u00ed v t\u00e9to v\u011bci bojuj\u00ed proti mn\u011b, nen\u00ed postojem lid\u00ed, kte\u0159\u00ed cht\u011bj\u00ed otev\u0159enost a \u010distotu, ale cht\u011bj\u00ed proti mn\u011b po\u0161tvat burany a l\u016fzu, podle kter\u00e9 bych nem\u011bl v\u016fbec \u017e\u00edt.<\/p>\n<p><strong>&#8211; Jak to v\u00edte? <\/strong><\/p>\n<p>Proto\u017ee si p\u0159e\u010dtu v n\u011bkter\u00fdch t\u011bch diskus\u00edch, \u017ee bych m\u011bl chc\u00edpnout, nem\u011bl bych \u017e\u00edt, d\u00fdchat, narodit se. A pokud ano, tak nejl\u00e9pe ve v\u011bzen\u00ed. V p\u0159\u00edpad\u011b odm\u011bn neh\u00e1j\u00edm sebe, ale ur\u010dit\u00fd obecn\u00fd princip. \u017d\u00e1dn\u00fd soud nem\u016f\u017ee nutit \u017e\u00e1dnou instituci, aby poru\u0161ovala z\u00e1kon. Pakli\u017ee to ta instituce ud\u011bl\u00e1, m\u00e1 \u010dlov\u011bk pr\u00e1vo se br\u00e1nit. A j\u00e1 to pravd\u011bpodobn\u011b v\u0161emi cestami ud\u011bl\u00e1m.<\/p>\n<p><strong>&#8211; Kol\u00e9bkou relativn\u011b nejv\u011bt\u0161\u00ed svobody jsou Spojen\u00e9 st\u00e1ty, kde se cel\u00e1 slo\u017eka p\u0159\u00edjm\u016f st\u00e1tn\u00edch \u00fa\u0159edn\u00edk\u016f zve\u0159ej\u0148uje s prost\u00fdm vysv\u011btlen\u00edm: plat\u00ed t\u011b da\u0148ov\u00fd poplatn\u00edk, nech\u0165 da\u0148ov\u00fd poplatn\u00edk v\u00ed.<br \/>\n<\/strong><\/p>\n<p>Pokud by soud na\u0159\u00eddil st\u00e1tu, aby st\u00e1t na\u0159\u00eddil v\u0161em sv\u00fdm instituc\u00edm zm\u011bnit re\u017eim zach\u00e1zen\u00ed s t\u011bmito daty plo\u0161n\u011b pro v\u0161echny, tak je to n\u011bco jin\u00e9ho, ne\u017e co se d\u011bje te\u010f. To, co te\u010f za\u017e\u00edv\u00e1me, je to, \u017ee si ur\u010dit\u00ed aktivist\u00e9 vyberou dva t\u0159i lidi ze statis\u00edc\u016f st\u00e1tn\u00edch zam\u011bstnanc\u016f, kter\u00e9 nen\u00e1vid\u00ed a proti kter\u00fdm cht\u011bj\u00ed po\u0161tvat ve\u0159ejnost. Jak je mo\u017en\u00e9, \u017ee soud rozhodne, \u017ee re\u017eim zach\u00e1zen\u00ed m\u00e1 b\u00fdt v t\u011bchto dvou p\u0159\u00edpadech jin\u00fd?<\/p>\n<p><strong>&#8211; Nejde mi o soud, ale o pojet\u00ed. A novin\u00e1\u0159e v\u0161ude na sv\u011bt\u011b zaj\u00edmaj\u00ed vy\u010dn\u00edvaj\u00edc\u00ed osobnosti, to nen\u00ed t\u0159eba br\u00e1t osobn\u011b. <\/strong><\/p>\n<p>Pokud st\u00e1t zm\u011bn\u00ed sv\u00e1 pravidla pro pr\u00e1ci s daty t\u00fdkaj\u00edc\u00edmi se odm\u011bn a pokud ka\u017ed\u00e1 st\u00e1tn\u00ed instituce bude povinna ka\u017ed\u00fd m\u011bs\u00edc n\u011bkde vyv\u011b\u0161ovat v\u0161echny platy a odm\u011bny, nebudu hlasovat proti.<\/p>\n<p><strong>&#8211; Takovou praxi nezn\u00e1m, zato t\u0159eba ve Spojen\u00fdch st\u00e1tech, kdy\u017e se jeden \u2013 lhostejno, zda novin\u00e1\u0159, \u010di aktivista \u2013 obr\u00e1t\u00ed na st\u00e1tn\u00ed instituci s \u017e\u00e1dost\u00ed o p\u0159\u00edslu\u0161nou informaci, dostane ji. <\/strong><\/p>\n<p>J\u00e1 jsem byl z tis\u00edc\u016f a statis\u00edc\u016f jeden jedin\u00fd, kter\u00e9ho se kdy v \u017eivot\u011b novin\u00e1\u0159i na to zeptali.<\/p>\n<p><strong>&#8211; M\u00e1te \u0161anci zjistit, kdo co psal, ale nikoliv, kdo koho se kdy zeptal. A nav\u00edc \u2013 byly zve\u0159ejn\u011bny odm\u011bny t\u00e9m\u011b\u0159 v\u0161ech ministersk\u00fdch n\u00e1m\u011bstk\u016f\u2026 <\/strong><\/p>\n<p>Ano, ale to nezve\u0159ejnili o sob\u011b oni. J\u00e1 te\u010f \u0159\u00edk\u00e1m ten konkr\u00e9tn\u00ed p\u0159\u00edklad, kdy se ptali konkr\u00e9tn\u00edho \u010dlov\u011bka, aby to \u0159ekl za sebe. Byl jsem jedin\u00fd, koho se na to ptali.<\/p>\n<p><strong>&#8211; V\u00e1clav Klaus nep\u0159\u00edmo podpo\u0159il Milo\u0161e Zemana jako kandid\u00e1ta na kandid\u00e1ta na prezidenta, odhadujete, \u017ee v\u00e1s podpo\u0159\u00ed taky? <\/strong><\/p>\n<p>Mysl\u00edm, \u017ee je dobr\u00e9 si zrekapitulovat, co to vlastn\u011b ten V\u00e1clav Klaus o Milo\u0161i Zemanovi \u0159ekl. \u0158ekl dv\u011b v\u011bci \u2013 \u017ee je to v\u00fdrazn\u00fd politik posledn\u00edho obdob\u00ed, a zadruh\u00e9, \u017ee jeho kandidatura je logick\u00fdm vy\u00fast\u011bn\u00edm jeho \u017eivotn\u00ed dr\u00e1hy. Oboj\u00ed je pravda. \u0158\u00edkat tomu podpora \u2013 v tom prezidentov\u011b vyj\u00e1d\u0159en\u00ed nebyla ani v\u011bta ve smyslu j\u00e1 bych ho volil, volte ho. \u010cili podpora to nen\u00ed.<\/p>\n<p><strong>&#8211; Kdy\u017e prezident \u0159ekne \u2013 cituji: &#8222;Milo\u0161e Zemana pova\u017euji za v\u00fdznamnou osobnost \u010desk\u00e9 politiky, s \u010d\u00edm\u017e jsem se nikdy netajil. Jeho prezidentskou kandidaturu pova\u017euji za logick\u00e9 vy\u00fast\u011bn\u00ed jeho politick\u00e9 i \u017eivotn\u00ed dr\u00e1hy. O prezidentskou kandidaturu by se podle m\u00e9ho n\u00e1zoru m\u011bli uch\u00e1zet lid\u00e9, kte\u0159\u00ed pro na\u0161i zemi n\u011bco vykonali. Milo\u0161 Zeman mezi n\u011b pat\u0159\u00ed.&#8220; \u2013 \u0159\u00edk\u00e1m tomu nep\u0159\u00edm\u00e1 podpora. Ale slov\u00ed\u010dka\u0159\u00edme. Je to vyj\u00e1d\u0159en\u00ed radosti nad t\u00edm, \u017ee Milo\u0161 Zeman kandiduje.<br \/>\n<\/strong><br \/>\nN\u011bkdo tomu \u0159\u00edk\u00e1 slov\u00ed\u010dka\u0159en\u00ed, j\u00e1 tomu \u0159\u00edk\u00e1m zn\u00e1t v\u00fdznam slova. Vy novin\u00e1\u0159i n\u011bkdy nech\u00e1pete, n\u011bkdy nechcete. A m\u00e1te tendenci p\u0159ekl\u00e1dat z \u010de\u0161tiny do \u010de\u0161tiny. V\u00e1clav Klaus hodn\u011b v\u00e1\u017e\u00ed slova a p\u0159em\u00fd\u0161l\u00ed o tom, jak to \u0159\u00edct, aby to znamenalo pr\u00e1v\u011b to, co chce. A on pak n\u011bkdo p\u0159elo\u017e\u00ed jeho v\u00fdrok z \u010de\u0161tiny do \u010de\u0161tiny a posune ho. \u010cili tomu vy \u0159\u00edk\u00e1te slov\u00ed\u010dka\u0159en\u00ed a j\u00e1 tomu \u0159\u00edk\u00e1m br\u00e1t ta slova tak, jak jsou, a neposouvat je.<\/p>\n<p><strong>&#8211; Jako doklad toho, jak moc v\u00e1\u017en\u011b slova beru, je to, \u017ee jsem V\u00e1clava Klause p\u0159esn\u011b ocitovala, zat\u00edmco vy jste pou\u017eil jin\u00e1 slova, kter\u00e1 maj\u00ed jin\u00fd v\u00fdznam. <\/strong><\/p>\n<p>M\u00e1 slova nebyla zrcadlem citace, ale zrcadlem term\u00ednu \u201enep\u0159\u00edmo podpo\u0159il\u201c.<\/p>\n<p><strong>&#8211; Nikoliv. Vy jste \u0159ekl, \u017ee prezident \u0159ekl dv\u011b v\u011bci, a pak jste byl nep\u0159esn\u00fd (LJ pou\u017eil term\u00edn v\u00fdrazn\u00fd politik, prezident v\u00fdznamn\u00e1 osobnost \u2013 pozn. red.). Te\u010f k tomu, o\u010d mi b\u011b\u017e\u00ed. V\u00e1clav Klaus \u0159ekl hezk\u00e9 v\u011bci o kandidatu\u0159e Milo\u0161e Zemana. \u010cek\u00e1te n\u011bjak\u00e1 takov\u00e1 hezk\u00e1 slova o sv\u00e9 kandidatu\u0159e i vy?<br \/>\n<\/strong><br \/>\nP\u0159edstavuji si tak situaci t\u0159eba v prosinci, p\u0159edstavuji si \u010dlov\u011bka, kter\u00fd vyzn\u00e1v\u00e1 hodnoty a my\u0161lenky jako V\u00e1clav  Klaus, a p\u0159edstav\u00edm si kolekci, kter\u00e1 bude v tu dobu k dispozici. A bude-li t\u0159eba takov\u00e1, jak\u00e1 je te\u010f, \u0159\u00edk\u00e1m si: Co jin\u00e9ho mu zbyde?<\/p>\n<p><strong>&#8211; Kdyby hezk\u00e1 sl\u016fvka pron\u00e1\u0161el pan prezident jen na adresu t\u011bch, se kter\u00fdmi ideologicky souzn\u00ed, pak by je asi t\u011b\u017eko pronesl na adresu Milo\u0161e Zemana, ne? <\/strong><\/p>\n<p>Soud\u00edm, \u017ee nejv\u011bt\u0161\u00edm oponentem nen\u00ed ten, kdo tvrd\u00ed opa\u010dn\u00fd nebo konkuren\u010dn\u00ed n\u00e1zor, ale sp\u00ed\u0161 ten, kdo n\u00e1zor nem\u00e1 nebo ho ne\u0159ekne. Ale pokud bych p\u0159ipustil, \u017ee slova, o kter\u00fdch mluv\u00edte, jsou jistou formou podpory, tak m\u00e1m pro to jedin\u00e9 vysv\u011btlen\u00ed: pan prezident je pronesl v dob\u011b, kdy jsem byl s kapelou na Slovensku a nem\u011bl jsem to tak \u00fapln\u011b pod kontrolou.<\/p>\n<p><strong>&#8211; Podle V\u00e1clava Klause by se o prezidentsk\u00fd post m\u011bli uch\u00e1zet lid\u00e9, kte\u0159\u00ed pro na\u0161i zemi n\u011bco vykonali. Co jste vykonal vy? <\/strong><\/p>\n<p>Nebyl jsem nikdy v tak v\u00fdznamn\u00e9 funkci jako p\u00e1n, o kter\u00e9m mluv\u00edte. \u010cili vahou v\u00fdkon\u016f se ur\u010dit\u011b srovn\u00e1vat nem\u016f\u017eu. Ale zase v\u00edm, \u017ee ve v\u0161ech rol\u00edch, v kter\u00fdch jsem byl, jsem hodn\u011b konzistentn\u011b a vytrvale prosazoval ur\u010dit\u00e9 my\u0161lenky, kter\u00e9 si to zasluhuj\u00ed a kter\u00e9 nikdo v\u00fdrazn\u011b neprosazuje. To znamen\u00e1 chr\u00e1nit svobodu \u010dlov\u011bka p\u0159ed r\u016fzn\u00fdmi n\u00e1siln\u00fdmi etatismy, a\u0165 vych\u00e1zej\u00ed odkudkoliv.<\/p>\n<p><strong>&#8211; Kdy\u017e V\u00e1clav Klaus \u0159ekl, \u017ee by se o prezidentsk\u00fd post m\u011bli uch\u00e1zet lid\u00e9, kte\u0159\u00ed pro na\u0161i zemi n\u011bco vykonali, m\u011bl asi dodat s v\u00fdjimkou Ladislava Jakla. <\/strong><\/p>\n<p>Mysl\u00edm, \u017ee pro lidi, kte\u0159\u00ed mi dnes vyjad\u0159uj\u00ed podporu, jsem u\u017e n\u011bco vykonal.<\/p>\n<p>&#8212;<\/p>\n<p>Ladislav Jakl Narodil se 17. prosince 1959 v Chebu. Je \u0159editelem politick\u00e9ho odboru Kancel\u00e1\u0159e prezidenta republiky, hudebn\u00edk a b\u00fdval\u00fd novin\u00e1\u0159. Absolvoval studium na Fakult\u011b \u017eurnalistiky Univerzity Karlovy. V minulosti byl novin\u00e1\u0159em v Lidov\u00fdch novin\u00e1ch. Od roku 1997 p\u016fsob\u00ed v r\u016fzn\u00fdch funkc\u00edch jako poradce V\u00e1clava Klause. Je \u010dlenem spr\u00e1vn\u00ed rady Nada\u010dn\u00edho fondu V\u00e1clava Klause. V\u011bnuje se tak\u00e9 hudb\u011b, je \u010dlenem skupiny Folimanka Blues. Je kandid\u00e1tem na prezidenta za Stranu svobodn\u00fdch ob\u010dan\u016f.<\/p>\n<p>P\u0158\u00cdMO K V\u011aCI s Barborou Tachec\u00ed<br \/>\nJej\u00edma o\u010dima<\/p>\n<p>Tajemn\u00edk prezidenta dorazil v \u010derveno\u010dern\u00e9 kombinaci a slavnostn\u00ed n\u00e1lad\u011b \u2013 za n\u011bkolik des\u00edtek minut m\u011bl p\u0159iv\u00edtat sv\u00e9ho otce, kter\u00fd p\u0159icestoval z Chebu do Prahy. Poprv\u00e9 po patn\u00e1cti letech. Prvn\u011b uvid\u00ed t\u0159eba to, jak tajemn\u00edk prezidenta bydl\u00ed. To, \u017ee jeho syn je kandid\u00e1tem na kandid\u00e1ta na prezidenta sleduje \u2013 slovy prezidentova tajemn\u00edka \u2013 tak n\u011bjak p\u0159im\u011b\u0159en\u011b. U\u017eil si se synkem sv\u00e9ho \u010dasu mnoh\u00e9: musel obhajovat jeho vlasy, jeho bigb\u00edt, jeho pivo. Z\u0159ejm\u011b to d\u011blal poctiv\u011b, proto\u017ee syn se na n\u011bj nefal\u0161ovan\u011b t\u011b\u0161il. A proto\u017ee nem\u00e1 r\u00e1d prostoje, natahoval druhou \u010d\u00e1st na\u0161eho rozhovoru i pro mne t\u00e9m\u011b\u0159 nesnesiteln\u011b. Aby ho v prav\u00fd \u010das zakon\u010dil slovy: A te\u010f to m\u00e1m akor\u00e1t na n\u00e1dra\u017e\u00ed, tak nashle!<\/p>\n","protected":false},"excerpt":{"rendered":"<p>Mlad\u00e1 fronta Dnes, 27.06.2012, str.\u00a012 Enfant terrible Pra\u017esk\u00e9ho hradu, uzn\u00e1van\u00fd znalec \u010desk\u00e9ho piva, mnohalet\u00fd bigb\u00ed\u0165\u00e1k. A tajemn\u00edk prezidenta, kter\u00e9mu by nevadilo se prezidentem st\u00e1t. Ladislav Jakl.<\/p>\n","protected":false},"author":1,"featured_media":0,"comment_status":"open","ping_status":"open","sticky":false,"template":"","format":"standard","meta":{"ngg_post_thumbnail":0,"footnotes":""},"categories":[13],"tags":[],"class_list":["post-2162","post","type-post","status-publish","format-standard","hentry","category-rozhovory"],"_links":{"self":[{"href":"https:\/\/www.ladislavjakl.cz\/index.php?rest_route=\/wp\/v2\/posts\/2162","targetHints":{"allow":["GET"]}}],"collection":[{"href":"https:\/\/www.ladislavjakl.cz\/index.php?rest_route=\/wp\/v2\/posts"}],"about":[{"href":"https:\/\/www.ladislavjakl.cz\/index.php?rest_route=\/wp\/v2\/types\/post"}],"author":[{"embeddable":true,"href":"https:\/\/www.ladislavjakl.cz\/index.php?rest_route=\/wp\/v2\/users\/1"}],"replies":[{"embeddable":true,"href":"https:\/\/www.ladislavjakl.cz\/index.php?rest_route=%2Fwp%2Fv2%2Fcomments&post=2162"}],"version-history":[{"count":1,"href":"https:\/\/www.ladislavjakl.cz\/index.php?rest_route=\/wp\/v2\/posts\/2162\/revisions"}],"predecessor-version":[{"id":2163,"href":"https:\/\/www.ladislavjakl.cz\/index.php?rest_route=\/wp\/v2\/posts\/2162\/revisions\/2163"}],"wp:attachment":[{"href":"https:\/\/www.ladislavjakl.cz\/index.php?rest_route=%2Fwp%2Fv2%2Fmedia&parent=2162"}],"wp:term":[{"taxonomy":"category","embeddable":true,"href":"https:\/\/www.ladislavjakl.cz\/index.php?rest_route=%2Fwp%2Fv2%2Fcategories&post=2162"},{"taxonomy":"post_tag","embeddable":true,"href":"https:\/\/www.ladislavjakl.cz\/index.php?rest_route=%2Fwp%2Fv2%2Ftags&post=2162"}],"curies":[{"name":"wp","href":"https:\/\/api.w.org\/{rel}","templated":true}]}}