{"id":2164,"date":"2012-07-02T10:43:20","date_gmt":"2012-07-02T08:43:20","guid":{"rendered":"http:\/\/www.ladislavjakl.cz\/?p=2164"},"modified":"2012-07-02T10:43:20","modified_gmt":"2012-07-02T08:43:20","slug":"tomasi-syrovatkovi-z-mlade-fronty-neni-dobre","status":"publish","type":"post","link":"https:\/\/www.ladislavjakl.cz\/?p=2164","title":{"rendered":"Tom\u00e1\u0161i Syrov\u00e1tkovi z Mlad\u00e9 fronty nen\u00ed dob\u0159e"},"content":{"rendered":"<p>Neblik\u00e1 v\u00e1m kontrolka, kdy\u017e se skoro cel\u00e1 na\u0161e mil\u00e1 medi\u00e1ln\u00ed fronta za\u0159ad\u00ed do jednoho \u0161iku a hystericky zved\u00e1 davovou n\u00e1ladu? Neblik\u00e1 v\u00e1m kontrolka, kdy\u017e jedn\u00edm z\u00a0nejhlasit\u011bj\u0161\u00edch \u0159voun\u016f je zelen\u00fd kmotr Li\u0161ka? Neblik\u00e1 v\u00e1m kontrolka z\u00a0toho rom\u00e1nov\u00e9ho p\u0159\u00edb\u011bhu, kde role padouch\u016f a hrdin\u016f jsou p\u0159edem rozd\u00e1ny?<\/p>\n<p><!--more--><\/p>\n<p>Neblik\u00e1? M\u011bla by. V\u0161em je hned jasn\u00e9, \u017ee medi\u00e1ln\u00ed mil\u00e1\u010dek ve vl\u00e1d\u011b byl krvav\u011b popraven, proto\u017ee hodlal pov\u00fd\u0161it jin\u00e9ho medi\u00e1ln\u00edho mil\u00e1\u010dka (a nebyla t\u00edm mil\u00e1\u010dkem ta, co konzultovala sv\u016fj postup s\u00a0Paroubkem?). Houfy se houfuj\u00ed, ze spac\u00e1k\u016f se vyh\u00e1n\u011bj\u00ed moli. A kolem sam\u00e9 zn\u00e1m\u00e9 firmy.<\/p>\n<p>D\u00e1 se anga\u017eovan\u00fd p\u0159\u00edstup den\u00edku Mlad\u00e1 fronta vysv\u011btlit jen t\u00edm, \u017ee \u0161\u00e9fem kabinetu pana ministra spravedlnosti byl jej\u00ed ned\u00e1vn\u00fd redaktor \u0160\u0165astn\u00fd, vyhl\u00e1\u0161en\u00fd novin\u00e1\u0159sk\u00fd aktivista a manipul\u00e1tor? Asi ne. To bude hloub\u011bji. To bude v\u00a0samotn\u00e9m pojet\u00ed pokrokov\u00e9 \u017eurnalistiky, kter\u00e1 v\u017edy p\u0159edem v\u00ed, kde je pravda, a nemus\u00ed se tak zat\u011b\u017eovat jej\u00edm hled\u00e1n\u00edm a objas\u0148ov\u00e1n\u00edm, tak\u017ee zbude v\u00edce \u010dasu na jej\u00ed vtlouk\u00e1n\u00ed do hlav neuv\u011bdom\u011bl\u00e9mu lidu.<\/p>\n<p>A jak se to d\u011bl\u00e1? Takto. Novin\u00e1\u0159 Mlad\u00e9 fronty Syrov\u00e1tka, p\u0159ezd\u00edvan\u00fd Actimel, mi v\u010dera poslal tuto SMS: \u201eDobr\u00fd den, jak si vysv\u011btlujete nestandardn\u011b rychlou reakci prezidenta na n\u00e1vrh na odvol\u00e1n\u00ed J. Posp\u00ed\u0161ila? A co \u0159\u00edk\u00e1te kritice tohoto kroku ze strany opozice?\u201c Na prvn\u00ed ot\u00e1zku jsem mu odpov\u011bd\u011bl: \u201eNijak. Nepova\u017euji ji za nestandardn\u011b rychlou.\u201c A na druhou\u201c \u201eMo\u017en\u00e1 jej pova\u017eovala za sv\u00e9ho ministra.\u201c<\/p>\n<p>Reakce tohoto novin\u00e1\u0159e byla roztomil\u00e1: \u201eD\u011bkuji za neobvykle vst\u0159\u00edcnou odpov\u011b\u010f. C\u00edt\u00edte se dob\u0159e? Hezk\u00fd ve\u010der.\u201c Jako prav\u00fd novin\u00e1\u0159sk\u00fd profesion\u00e1l projevil skute\u010dn\u011b nestandardn\u00ed starost o to, jak se ve \u010dtvrtek ve\u010der c\u00edt\u00edm. Zaj\u00edmav\u011bj\u0161\u00ed ale je, \u017ee se z\u00a0m\u00e9 odpov\u011bdi v\u00a0jeho p\u0159\u00edslu\u0161n\u00e9m \u010dl\u00e1nku neobjevilo ani slovo. Asi by naru\u0161ilo u\u017e dop\u0159edu napsan\u00fd titulek \u201eKlaus jindy v\u00e1h\u00e1. Te\u010f sedl a podepsal\u201c.<\/p>\n<p>Novin\u00e1\u0159 se nezat\u011b\u017eoval v\u011bcnou informac\u00ed, jak dlouho v\u00a0posledn\u00edch dev\u00edti letech trvalo b\u011b\u017en\u011b panu prezidentovi, ne\u017e vyhov\u011bl premi\u00e9r\u016fm ve v\u011bci zm\u011bn ve vl\u00e1d\u011b. Posta\u010dil mu \u201eexpertn\u00ed\u201c hlas Ji\u0159\u00edho Dienstbiera z\u00a0\u010cSSD. Toho, kter\u00fd je v\u00a0politice asi t\u00fdden a jeho\u017e jm\u00e9no si vybavuji tak leda v\u00a0souvislosti s\u00a0jedn\u00edm u\u0159van\u00fdm rozmazlen\u00fdm frackem s\u00a0patkou z\u00a0feder\u00e1ln\u00edho parlamentu, takov\u00e1 ta zlat\u00e1 ml\u00e1de\u017e.<\/p>\n<p>Nu, nechme \u010deskou \u017eurnalistiku sv\u00e9mu osudu. Ten se s\u00a0realitou u\u017e m\u00edj\u00ed natolik, \u017ee ji za chv\u00edli nepotk\u00e1 ani nad\u00e1lku.<\/p>\n","protected":false},"excerpt":{"rendered":"<p>Neblik\u00e1 v\u00e1m kontrolka, kdy\u017e se skoro cel\u00e1 na\u0161e mil\u00e1 medi\u00e1ln\u00ed fronta za\u0159ad\u00ed do jednoho \u0161iku a hystericky zved\u00e1 davovou n\u00e1ladu? Neblik\u00e1 v\u00e1m kontrolka, kdy\u017e jedn\u00edm z\u00a0nejhlasit\u011bj\u0161\u00edch \u0159voun\u016f je zelen\u00fd kmotr Li\u0161ka? Neblik\u00e1 v\u00e1m kontrolka z\u00a0toho rom\u00e1nov\u00e9ho p\u0159\u00edb\u011bhu, kde role padouch\u016f a hrdin\u016f jsou p\u0159edem rozd\u00e1ny?<\/p>\n","protected":false},"author":1,"featured_media":0,"comment_status":"open","ping_status":"open","sticky":false,"template":"","format":"standard","meta":{"ngg_post_thumbnail":0,"footnotes":""},"categories":[6,10],"tags":[],"class_list":["post-2164","post","type-post","status-publish","format-standard","hentry","category-co-jsem-nerekl","category-zlehka"],"_links":{"self":[{"href":"https:\/\/www.ladislavjakl.cz\/index.php?rest_route=\/wp\/v2\/posts\/2164","targetHints":{"allow":["GET"]}}],"collection":[{"href":"https:\/\/www.ladislavjakl.cz\/index.php?rest_route=\/wp\/v2\/posts"}],"about":[{"href":"https:\/\/www.ladislavjakl.cz\/index.php?rest_route=\/wp\/v2\/types\/post"}],"author":[{"embeddable":true,"href":"https:\/\/www.ladislavjakl.cz\/index.php?rest_route=\/wp\/v2\/users\/1"}],"replies":[{"embeddable":true,"href":"https:\/\/www.ladislavjakl.cz\/index.php?rest_route=%2Fwp%2Fv2%2Fcomments&post=2164"}],"version-history":[{"count":1,"href":"https:\/\/www.ladislavjakl.cz\/index.php?rest_route=\/wp\/v2\/posts\/2164\/revisions"}],"predecessor-version":[{"id":2165,"href":"https:\/\/www.ladislavjakl.cz\/index.php?rest_route=\/wp\/v2\/posts\/2164\/revisions\/2165"}],"wp:attachment":[{"href":"https:\/\/www.ladislavjakl.cz\/index.php?rest_route=%2Fwp%2Fv2%2Fmedia&parent=2164"}],"wp:term":[{"taxonomy":"category","embeddable":true,"href":"https:\/\/www.ladislavjakl.cz\/index.php?rest_route=%2Fwp%2Fv2%2Fcategories&post=2164"},{"taxonomy":"post_tag","embeddable":true,"href":"https:\/\/www.ladislavjakl.cz\/index.php?rest_route=%2Fwp%2Fv2%2Ftags&post=2164"}],"curies":[{"name":"wp","href":"https:\/\/api.w.org\/{rel}","templated":true}]}}