{"id":2166,"date":"2012-07-02T10:45:46","date_gmt":"2012-07-02T08:45:46","guid":{"rendered":"http:\/\/www.ladislavjakl.cz\/?p=2166"},"modified":"2012-07-02T10:45:46","modified_gmt":"2012-07-02T08:45:46","slug":"pane-premiere-na-prezidentske-primarky-si-netroufla-jen-ods","status":"publish","type":"post","link":"https:\/\/www.ladislavjakl.cz\/?p=2166","title":{"rendered":"Pane premi\u00e9re, na prezidentsk\u00e9 prim\u00e1rky si netroufla jen ODS"},"content":{"rendered":"<p>Premi\u00e9r Petr Ne\u010das dnes na tiskov\u00e9 konferenci p\u0159ed sv\u00fdm  odletem do Brusele sd\u011blil novin\u00e1\u0159\u016fm, \u017ee v\u00edt\u011bzem prezidentsk\u00fdch prim\u00e1rek  ODS je P\u0159emysl Sobotka. Na tom by nebylo nic zvl\u00e1\u0161tn\u00edho, bylo to  bohu\u017eel z\u0159ejm\u00e9 u\u017e od sam\u00e9ho za\u010d\u00e1tku. Premi\u00e9r se ale plete, pokud tvrd\u00ed,  \u017ee jedin\u00e1 ODS po\u0159\u00e1dala prim\u00e1rn\u00ed volby.<\/p>\n<p><a name=\"t2\"><\/a><!--more--><em>\u201eDobr\u00fd den  d\u00e1my a p\u00e1nov\u00e9, v\u010dera ve 20 hodin skon\u010dil dev\u00edtit\u00fddenn\u00ed maraton  prim\u00e1rn\u00edch voleb v Ob\u010dansk\u00e9 demokratick\u00e9 stran\u011b; procesu, kter\u00fdm  generujeme sv\u00e9ho prezidentsk\u00e9ho kandid\u00e1ta. J\u00e1 chci zd\u016fraznit, \u017ee v\u00fdb\u011bru  prezidentsk\u00e9ho kandid\u00e1ta Ob\u010dansk\u00fdch demokrat\u016f se mohl z\u00fa\u010dastnit ka\u017ed\u00fd  \u010dlen ODS, kter\u00fd m\u011bl chu\u0165 a \u010das&#8230; J\u00e1 pova\u017euji za situace, kdy byla  zavedena p\u0159\u00edm\u00e1 volba, tento zp\u016fsob nominace za velmi spr\u00e1vn\u00fd a osv\u011bd\u010den\u00fd  a <strong>Ob\u010dan\u0161t\u00ed demokrat\u00e9 byli tak\u00e9 jedinou politickou stranou, kter\u00e1 si na tento zp\u016fsob nominace sv\u00e9ho stranick\u00e9ho kandid\u00e1ta troufla.<\/strong> Tady bych cht\u011bl zd\u016fraznit, \u017ee i soci\u00e1ln\u00ed demokracie, kter\u00e1 se v\u017edy  oh\u00e1n\u011bla p\u0159\u00edmou volbou, tak sv\u011b\u0159ila v\u00fdb\u011br sv\u00e9ho kandid\u00e1ta pouze \u00fazk\u00e9  \u0161pi\u010dce stranick\u00fdch funkcion\u00e1\u0159\u016f.\u201c<\/em><br \/>\n\u2014 <a href=\"http:\/\/www.ceskatelevize.cz\/ivysilani\/1096902795-studio-6\/212411010110628-studio-6-ii\/\" target=\"_blank\">\u010cesk\u00e1 televize (10:20)<\/a><\/p>\n<div>\n<p>Mus\u00edm pana premi\u00e9ra opravit. ODS nebyla jedinou politickou stranou, kter\u00e1 uspo\u0159\u00e1dala prim\u00e1rky. Tak\u00e9 <a href=\"http:\/\/www.svobodni.cz\/\" target=\"_blank\">Strana svobodn\u00fdch ob\u010dan\u016f<\/a> uspo\u0159\u00e1dala prim\u00e1rn\u00ed volby na sv\u00e9ho prezidentsk\u00e9ho kandid\u00e1ta, kter\u00fdch se  mohl z\u00fa\u010dastnit ka\u017ed\u00fd \u010dlen nebo \u010dlenem navr\u017een\u00fd ne\u010dlen odsouhlasen\u00fd  Republikov\u00fdm p\u0159edsednictvem.<\/p>\n<p>Jedin\u00fdm p\u0159ihl\u00e1\u0161en\u00fdm kandid\u00e1tem se stal tajemn\u00edk prezidenta republiky a \u0161\u00e9f politick\u00e9ho odboru <strong>Ladislav Jakl<\/strong>.  Ten z\u00edskal v prob\u00edhaj\u00edc\u00edch elektronick\u00fdch prim\u00e1rk\u00e1ch ve dnech 7.\u201314.  \u010dervna 88% podporu \u010dlen\u016f a p\u0159\u00edznivc\u016f Strany svobodn\u00fdch ob\u010dan\u016f.<\/p>\n<p>S Ladislavem Jaklem prob\u011bhla v pr\u016fb\u011bhu prim\u00e1rn\u00edch voleb  n\u011bkolikahodinov\u00e1 beseda, kde odpov\u00eddal na nejr\u016fzn\u011bj\u0161\u00ed dotazy. D\u00edky  po\u0159\u00edzen\u00e9mu videoz\u00e1znamu se mohl s n\u00e1zory pana Jakla sezn\u00e1mit ka\u017ed\u00fd. V\u00edce na <a href=\"http:\/\/www.youtube.com\/user\/zvara\" target=\"_blank\">YouTube<\/a>.<\/p>\n<p>Prim\u00e1rky Svobodn\u00fdch maj\u00ed oproti prim\u00e1rk\u00e1m ODS minim\u00e1ln\u011b tyto v\u00fdhody:<\/p>\n<p><strong>1. Jsou levn\u00e9.<\/strong> Svobodn\u00ed si mohou dovolit po\u0159\u00e1dat  (elektronick\u00e9) prim\u00e1rky s minim\u00e1ln\u00edmi n\u00e1klady a nemaj\u00ed tak nap\u0159\u00edklad  zapot\u0159eb\u00ed odkl\u00e1n\u011bt prost\u0159edky z ve\u0159ejn\u00fdch rozpo\u010dt\u016f do sv\u00e9 stranick\u00e9  pokladny.<\/p>\n<p><strong>2. Jsou otev\u0159en\u00e9.<\/strong> Kandid\u00e1tem se mohl st\u00e1t i  nestran\u00edk, jako se tomu ostatn\u011b v p\u0159\u00edpad\u011b pana Jakla i stalo. O  prezidentsk\u00e9m kandid\u00e1tovi nav\u00edc mohli krom\u011b stran\u00edk\u016f hlasovat i  registrovan\u00ed p\u0159\u00edznivci. Prim\u00e1rky Svobodn\u00fdch prob\u00edhaly sice jen jeden  t\u00fdden oproti dev\u00edti t\u00fddn\u016fm prim\u00e1rek ODS, av\u0161ak prob\u00edhaly elektronicky a  tak byly p\u0159\u00edstupn\u00e9 v\u011bt\u0161\u00edmu po\u010dtu \u010dlen\u016f a p\u0159\u00edznivc\u016f.<\/p>\n<p><strong>3. Jsou pravicov\u00e9.<\/strong> Kandid\u00e1tem na prezidenta za  Svobodn\u00e9 se stal Ladislav Jakl, kter\u00fd je skute\u010dn\u00fd p\u0159\u00edtel pravice,  skute\u010dn\u00fd p\u0159\u00edtel svobody jednotlivce. Je to z\u00e1sadov\u00fd \u010dlov\u011bk s  konzistentn\u00edmi n\u00e1zory, za kter\u00e9 se neboj\u00ed postavit, t\u0159eba\u017ee nemus\u00ed b\u00fdt  zrovna popul\u00e1rn\u00ed. Nemysl\u00edm si, \u017ee pan Sobotka tomuto odpov\u00edd\u00e1.<\/p>\n<p><a href=\"http:\/\/jakubhajek.blog.idnes.cz\/c\/277319\/Pane-premiere-na-prezidentske-primarky-si-netroufla-jen-ODS.html\" target=\"_blank\">Zdroj<\/a><\/div>\n","protected":false},"excerpt":{"rendered":"<p>Premi\u00e9r Petr Ne\u010das dnes na tiskov\u00e9 konferenci p\u0159ed sv\u00fdm odletem do Brusele sd\u011blil novin\u00e1\u0159\u016fm, \u017ee v\u00edt\u011bzem prezidentsk\u00fdch prim\u00e1rek ODS je P\u0159emysl Sobotka. Na tom by nebylo nic zvl\u00e1\u0161tn\u00edho, bylo to bohu\u017eel z\u0159ejm\u00e9 u\u017e od sam\u00e9ho za\u010d\u00e1tku. Premi\u00e9r se ale plete, pokud tvrd\u00ed, \u017ee jedin\u00e1 ODS po\u0159\u00e1dala prim\u00e1rn\u00ed volby.<\/p>\n","protected":false},"author":1,"featured_media":0,"comment_status":"open","ping_status":"open","sticky":false,"template":"","format":"standard","meta":{"ngg_post_thumbnail":0,"footnotes":""},"categories":[17,11],"tags":[],"class_list":["post-2166","post","type-post","status-publish","format-standard","hentry","category-jakl-president","category-ozvena"],"_links":{"self":[{"href":"https:\/\/www.ladislavjakl.cz\/index.php?rest_route=\/wp\/v2\/posts\/2166","targetHints":{"allow":["GET"]}}],"collection":[{"href":"https:\/\/www.ladislavjakl.cz\/index.php?rest_route=\/wp\/v2\/posts"}],"about":[{"href":"https:\/\/www.ladislavjakl.cz\/index.php?rest_route=\/wp\/v2\/types\/post"}],"author":[{"embeddable":true,"href":"https:\/\/www.ladislavjakl.cz\/index.php?rest_route=\/wp\/v2\/users\/1"}],"replies":[{"embeddable":true,"href":"https:\/\/www.ladislavjakl.cz\/index.php?rest_route=%2Fwp%2Fv2%2Fcomments&post=2166"}],"version-history":[{"count":2,"href":"https:\/\/www.ladislavjakl.cz\/index.php?rest_route=\/wp\/v2\/posts\/2166\/revisions"}],"predecessor-version":[{"id":2168,"href":"https:\/\/www.ladislavjakl.cz\/index.php?rest_route=\/wp\/v2\/posts\/2166\/revisions\/2168"}],"wp:attachment":[{"href":"https:\/\/www.ladislavjakl.cz\/index.php?rest_route=%2Fwp%2Fv2%2Fmedia&parent=2166"}],"wp:term":[{"taxonomy":"category","embeddable":true,"href":"https:\/\/www.ladislavjakl.cz\/index.php?rest_route=%2Fwp%2Fv2%2Fcategories&post=2166"},{"taxonomy":"post_tag","embeddable":true,"href":"https:\/\/www.ladislavjakl.cz\/index.php?rest_route=%2Fwp%2Fv2%2Ftags&post=2166"}],"curies":[{"name":"wp","href":"https:\/\/api.w.org\/{rel}","templated":true}]}}