{"id":2169,"date":"2012-07-02T13:55:38","date_gmt":"2012-07-02T11:55:38","guid":{"rendered":"http:\/\/www.ladislavjakl.cz\/?p=2169"},"modified":"2012-07-02T13:55:38","modified_gmt":"2012-07-02T11:55:38","slug":"tyden-stejne-jako-ostatni-media-jakl-v-clanku-ano-v-ankete-ne","status":"publish","type":"post","link":"https:\/\/www.ladislavjakl.cz\/?p=2169","title":{"rendered":"T\u00fdden stejn\u011b jako ostatn\u00ed m\u00e9dia: Jakl v \u010dl\u00e1nku ano, v anket\u011b ne"},"content":{"rendered":"<p><strong>Vyb\u00edrat p\u0159\u00ed\u0161t\u00edho prezidenta sice p\u016fjdou lid\u00e9 a\u017e za t\u0159i \u010dtvrt\u011b  roku, ale u\u017e te\u010f je z\u0159ejm\u00e9, \u017ee to bude po\u0159\u00e1dn\u00e1 mela. Sotva se toti\u017e  za\u010dala formovat skupinka kandid\u00e1t\u016f, kte\u0159\u00ed maj\u00ed o k\u0159eslo na Hrad\u011b z\u00e1jem,  za\u010dali se potenci\u00e1ln\u00ed prezidenti mezi sebou \u0161pi\u010dkovat.<\/strong><\/p>\n<p style=\"margin-bottom: 0cm; font-weight: normal;\"><strong><!--more--><\/strong>Jan Fischer, Milo\u0161  Zeman, P\u0159emysl Sobotka, Karel Schwarzenberg, Vladim\u00edr Dlouh\u00fd, Ji\u0159\u00ed  Dienstbier, Jana Bobo\u0161\u00edkov\u00e1, Jan \u0160vejnar, Ladislav Jakl &#8211; nebo je\u0161t\u011b  n\u011bkdo dal\u0161\u00ed? Seznam lid\u00ed, kte\u0159\u00ed u\u017e ofici\u00e1ln\u011b ozn\u00e1mili kandidaturu na  p\u0159\u00ed\u0161t\u00ed hlavu st\u00e1tu nebo ji v\u00e1\u017en\u011b zva\u017euj\u00ed, se st\u00e1le rozr\u016fst\u00e1. A p\u0159esto\u017ee  jsou volby je\u0161t\u011b daleko, za\u010d\u00ednaj\u00ed kandid\u00e1ti krom\u011b sh\u00e1n\u011bn\u00ed milion\u016f a  nejr\u016fzn\u011bj\u0161\u00edch poradc\u016f &#8211; by\u0165 zat\u00edm opatrn\u011b &#8211; \u00fato\u010dit na svoje rivaly.<\/p>\n<p style=\"margin-bottom: 0cm;\">&#8222;Je to fale\u0161n\u00e1 hra. Prezident je  politik,&#8220; na\u0159kl sv\u00e9 soupe\u0159e, kte\u0159\u00ed se zakl\u00ednaj\u00ed nadstranickost\u00ed,  m\u00edstop\u0159edseda Sen\u00e1tu P\u0159emysl Sobotka. U\u010dinil tak hned pot\u00e9, co minul\u00fd  \u010dtvrtek vyhr\u00e1l prezidentsk\u00e9 prim\u00e1rky v ODS.<\/p>\n<p style=\"margin-bottom: 0cm;\"><strong><\/strong>Jako nadstranick\u00fd  kandid\u00e1t se sna\u017e\u00ed dlouhodob\u011b profilovat t\u0159eba b\u00fdval\u00fd premi\u00e9r \u00fa\u0159ednick\u00e9  vl\u00e1dy Jan Fischer. A tak\u00e9 ekonom Jan \u0160vejnar. Ten zat\u00edm \u00famysl bojovat o  prezidentsk\u00e9 k\u0159eslo ofici\u00e1ln\u011b nepotvrdil, ale od Fischera si\u00a0u\u017e  vyslou\u017eil pomyslnou r\u00e1nu.<\/p>\n<p style=\"margin-bottom: 0cm;\"><span style=\"font-weight: normal;\">&#8222;<\/span><strong><span style=\"font-weight: normal;\">Kdo  aspiruje na prezidentsk\u00fd \u00fa\u0159ad v \u010cesk\u00e9 republice, by m\u011bl b\u00fdt ob\u010danem  \u010cesk\u00e9 republiky a \u017e\u00e1dn\u00e9 jin\u00e9 zem\u011b. Hled\u00e1me hlavu st\u00e1tu, ne hlavu st\u00e1t\u016f.  Kdy\u017e to dopadne \u0161patn\u011b v jedn\u00e9 zemi, p\u016fjdu do druh\u00e9? J\u00e1 taky riskuju a  nebudu se po ne\u00fasp\u011bchu vracet sem do Lond\u00fdna do tohohle p\u011bkn\u00e9ho bytu a k  p\u011bkn\u00e9mu platu,&#8220; pouk\u00e1zal \u00fa\u0159ednick\u00fd expremi\u00e9r na \u0160vejnarovo dvoj\u00ed  ob\u010danstv\u00ed &#8211; \u010desk\u00e9 a americk\u00e9. Mnoh\u00fdm je trnem v oku tak\u00e9 fakt, \u017ee  \u0160vejnar dlouhodob\u011b \u017eije ve Spojen\u00fdch st\u00e1tech.<\/span><\/strong><\/p>\n<p style=\"margin-bottom: 0cm;\"><strong><span style=\"font-weight: normal;\">Fischer zase dostal \u00fader od Sobotky. Stejn\u011b jako b\u00fdval\u00fd ministr Vladim\u00edr Dlouh\u00fd byl toti\u017e p\u0159ed rokem 1989 v KS\u010c. &#8222;M<\/span><\/strong><strong><span style=\"text-decoration: none;\"><span style=\"font-weight: normal;\">ysl\u00edm si, \u017ee v dan\u00e9m okam\u017eiku pom\u00e1hat rehabilitovat komunisty v \u010cesk\u00e9 republice je velmi neproz\u00edrav\u00e9,&#8220; r\u00fdpl si Sobotka. <\/span><\/span><\/strong><\/p>\n<p><strong>Kdo se zaslou\u017eil o \u010cesko?<\/strong><\/p>\n<p style=\"margin-bottom: 0cm;\"><strong><span style=\"text-decoration: none;\"><span style=\"font-weight: normal;\">Do  debaty o p\u0159\u00ed\u0161t\u00ed hlav\u011b st\u00e1tu se zapojil i sou\u010dasn\u00fd prezident V\u00e1clav  Klaus. &#8222;Milo\u0161e Zemana pova\u017euji za v\u00fdznamnou osobnost \u010desk\u00e9 politiky, s  \u010d\u00edm\u017e jsem se nikdy netajil. Jeho prezidentskou kandidaturu pova\u017euji za  logick\u00e9 vy\u00fast\u011bn\u00ed jeho politick\u00e9 i \u017eivotn\u00ed dr\u00e1hy. O prezidentskou  kandidaturu by se podle m\u00e9ho n\u00e1zoru m\u011bli uch\u00e1zet lid\u00e9, kte\u0159\u00ed pro na\u0161i  zemi n\u011bco vykonali. Milo\u0161 Zeman mezi n\u011b pat\u0159\u00ed,&#8220; vyzdvihl sv\u00e9ho  n\u011bkdej\u0161\u00edho politick\u00e9ho rivala, exp\u0159edsedu soci\u00e1ln\u00edch demokrat\u016f a  d\u016fchodce z Vyso\u010diny Klaus. <\/span><\/span><\/strong><\/p>\n<p style=\"margin-bottom: 0cm;\"><span style=\"text-decoration: none;\">O  jeho k\u0159eslo se p\u0159itom uch\u00e1z\u00ed i jeden z jeho nejbli\u017e\u0161\u00edch spolupracovn\u00edk\u016f &#8211;  \u0161\u00e9f politick\u00e9ho odboru Hradu Ladislav Jakl, zn\u00e1m\u00fd kontroverzn\u00edmi n\u00e1zory  i dlouh\u00fdmi vlasy. Ten si nebral serv\u00edtky ani u jednoho ze sv\u00fdch rival\u016f.  Do kl\u00e1n\u00ed o prezidentsk\u00e9 k\u0159eslo se ostatn\u011b rozhodl vstoupit proto, \u017ee si  s\u00e1m jako voli\u010d z nab\u00edzen\u00e9 &#8222;kolekce medi\u00e1ln\u00edch kandid\u00e1t\u016f&#8220; nedok\u00e1zal  vybrat.<\/span><\/p>\n<p style=\"margin-bottom: 0cm;\"><span style=\"text-decoration: none;\">&#8222;Kdy\u017e  se pod\u00edv\u00e1m na to tablo, kter\u00e9 n\u00e1m ka\u017ed\u00fd den serv\u00edruj\u00ed velk\u00e1 m\u00e9dia, z  nich\u017e by \u00fadajn\u011b m\u011bl n\u00e1rod vybrat budouc\u00edho prezidenta republiky, tak je  evidentn\u00ed, \u017ee pro lidi, kte\u0159\u00ed uva\u017euj\u00ed podobn\u00fdm zp\u016fsobem jako j\u00e1, tam  nen\u00ed nikdo, koho by mohli volit z p\u0159esv\u011bd\u010den\u00ed,&#8220; prohl\u00e1sil Jakl. <\/span><\/p>\n<p style=\"margin-bottom: 0cm;\"><span style=\"text-decoration: none;\">Nit  suchou nenechal t\u0159eba na reklam\u011b, ve kter\u00e9 Fischer vyz\u00fdv\u00e1 voli\u010de, aby mu  psali sv\u00e9 n\u00e1zory a probl\u00e9my. &#8222;On vlastn\u011b nikdy nikde po\u0159\u00e1dn\u011b neprojevil  sv\u016fj n\u00e1zor na spoustu z\u00e1sadn\u00edch t\u00e9mat. Potom nev\u00edme, co od n\u011bho \u010di  n\u011bkoho podobn\u00e9ho \u010dekat,&#8220; uvedl Jakl na adresu sv\u00e9ho rivala. <\/span><\/p>\n<p style=\"margin-bottom: 0cm;\"><span style=\"text-decoration: none;\"><a href=\"http:\/\/www.tyden.cz\/rubriky\/domaci\/kalkul-v-boji-o-hrad-kandidati-si-vycitaji-ksc-i-ameriku_239092.html\" target=\"_blank\">Zdroj<\/a><br \/>\n<\/span><\/p>\n","protected":false},"excerpt":{"rendered":"<p>Vyb\u00edrat p\u0159\u00ed\u0161t\u00edho prezidenta sice p\u016fjdou lid\u00e9 a\u017e za t\u0159i \u010dtvrt\u011b roku, ale u\u017e te\u010f je z\u0159ejm\u00e9, \u017ee to bude po\u0159\u00e1dn\u00e1 mela. Sotva se toti\u017e za\u010dala formovat skupinka kandid\u00e1t\u016f, kte\u0159\u00ed maj\u00ed o k\u0159eslo na Hrad\u011b z\u00e1jem, za\u010dali se potenci\u00e1ln\u00ed prezidenti mezi sebou \u0161pi\u010dkovat.<\/p>\n","protected":false},"author":1,"featured_media":0,"comment_status":"open","ping_status":"open","sticky":false,"template":"","format":"standard","meta":{"ngg_post_thumbnail":0,"footnotes":""},"categories":[17,11],"tags":[],"class_list":["post-2169","post","type-post","status-publish","format-standard","hentry","category-jakl-president","category-ozvena"],"_links":{"self":[{"href":"https:\/\/www.ladislavjakl.cz\/index.php?rest_route=\/wp\/v2\/posts\/2169","targetHints":{"allow":["GET"]}}],"collection":[{"href":"https:\/\/www.ladislavjakl.cz\/index.php?rest_route=\/wp\/v2\/posts"}],"about":[{"href":"https:\/\/www.ladislavjakl.cz\/index.php?rest_route=\/wp\/v2\/types\/post"}],"author":[{"embeddable":true,"href":"https:\/\/www.ladislavjakl.cz\/index.php?rest_route=\/wp\/v2\/users\/1"}],"replies":[{"embeddable":true,"href":"https:\/\/www.ladislavjakl.cz\/index.php?rest_route=%2Fwp%2Fv2%2Fcomments&post=2169"}],"version-history":[{"count":2,"href":"https:\/\/www.ladislavjakl.cz\/index.php?rest_route=\/wp\/v2\/posts\/2169\/revisions"}],"predecessor-version":[{"id":2171,"href":"https:\/\/www.ladislavjakl.cz\/index.php?rest_route=\/wp\/v2\/posts\/2169\/revisions\/2171"}],"wp:attachment":[{"href":"https:\/\/www.ladislavjakl.cz\/index.php?rest_route=%2Fwp%2Fv2%2Fmedia&parent=2169"}],"wp:term":[{"taxonomy":"category","embeddable":true,"href":"https:\/\/www.ladislavjakl.cz\/index.php?rest_route=%2Fwp%2Fv2%2Fcategories&post=2169"},{"taxonomy":"post_tag","embeddable":true,"href":"https:\/\/www.ladislavjakl.cz\/index.php?rest_route=%2Fwp%2Fv2%2Ftags&post=2169"}],"curies":[{"name":"wp","href":"https:\/\/api.w.org\/{rel}","templated":true}]}}