{"id":2172,"date":"2012-06-14T14:02:16","date_gmt":"2012-06-14T12:02:16","guid":{"rendered":"http:\/\/www.ladislavjakl.cz\/?p=2172"},"modified":"2012-07-02T14:02:56","modified_gmt":"2012-07-02T12:02:56","slug":"ladislav-jakl-kandiduje-na-prezidenta","status":"publish","type":"post","link":"https:\/\/www.ladislavjakl.cz\/?p=2172","title":{"rendered":"Ladislav Jakl kandiduje na prezidenta"},"content":{"rendered":"<div>\n<p><strong>Praha<\/strong> (Pressweb) &#8211; Z p\u00e1tku na  sobotu o p\u016flnoci skon\u010d\u00ed prezidentsk\u00e9  prim\u00e1rky, ve kter\u00fdch \u010dlenov\u00e9  Strany svobodn\u00fdch ob\u010dan\u016f hlasuj\u00ed o nominaci  Ladislava Jakla na  prezidenta. Ladislav Jakl, tajemn\u00edk sou\u010dasn\u00e9ho  prezidenta, je jedin\u00fdm  kandid\u00e1tem Svobodn\u00fdch a podle Petra Macha,  p\u0159edsedy strany, m\u00e1 podporu  veden\u00ed.<\/p>\n<p><!--more--><\/p>\n<p>Svobodn\u00ed maj\u00ed p\u0159es tis\u00edc \u010dlen\u016f a registrovan\u00fdch p\u0159\u00edznivc\u016f, kte\u0159\u00ed   mohou hlasovat o tom, zda Jakla podpo\u0159\u00ed. V\u00fdsledky prim\u00e1rek budou   ofici\u00e1ln\u011b ozn\u00e1meny v ned\u011bli na Republikov\u00e9m sn\u011bmu, na kter\u00e9m vystoup\u00ed   Ladislav Jakl, a tak\u00e9 zahrani\u010dn\u00ed host\u00e9 Richard Sul\u00edk, poslanec N\u00e1rodn\u00ed   rady a p\u0159edseda strany Sloboda a Solidarita a Ludwik Dorn, poslanec   polsk\u00e9ho Sejmu z polsk\u00e9 strany Solid\u00e1rn\u00ed Polsko.<\/p>\n<p>Ladislav Jakl je \u0159editelem politick\u00e9ho odboru prezidentsk\u00e9 kancel\u00e1\u0159e a   od roku 1997 je poradcem V\u00e1clava Klause. Jako p\u0159\u00edznivec Strany   svobodn\u00fdch ob\u010dan\u016f jejich nab\u00eddku kandidatury p\u0159ijal a stal se tak   jedin\u00fdm kandid\u00e1tem. \u201eJestli\u017ee Ladislav Jakl v prim\u00e1rk\u00e1ch usp\u011bje,   zah\u00e1j\u00edme sb\u011br pot\u0159ebn\u00fdch 50 tis\u00edc podpis\u016f, aby mohl b\u00fdt jedn\u00edm z   kandid\u00e1t\u016f v bl\u00ed\u017e\u00edc\u00ed se prezidentsk\u00e9 volb\u011b.\u201c uvedl Petr Mach, p\u0159edseda   Strany svobodn\u00fdch ob\u010dan\u016f.<\/p>\n<p>Svobodn\u00ed se profiluj\u00ed jako pravicov\u00e1 euroskeptick\u00e1 strana a tvrd\u00ed, \u017ee   pokud se nepoda\u0159\u00ed prosadit z\u00e1sadn\u00ed zm\u011bny sou\u010dasn\u00e9 EU, m\u011bla by podle   nich \u010cR unii opustit. \u201eChceme m\u00edt kandid\u00e1ta, kter\u00fd skrze jmenov\u00e1n\u00ed   bankovn\u00ed rady \u010cNB zajist\u00ed pokra\u010dov\u00e1n\u00ed zdrav\u00e9 m\u011bnov\u00e9 politiky, nedopust\u00ed   dal\u0161\u00ed p\u0159esouv\u00e1n\u00ed pravomoc\u00ed a pen\u011bz na Evropskou unii a bude sn\u011bmovn\u011b   vracet z\u00e1kony omezuj\u00edc\u00ed svobodu \u010dlov\u011bka,\u201c vysv\u011btlil Mach, pro\u010d si veden\u00ed   strany jako prezidentsk\u00e9ho kandid\u00e1ta vybrala Jakla.<\/p>\n<p><a href=\"http:\/\/www.pressweb.cz\/tiskove-sdeleni\/137214-ladislav-jakl-kandiduje-na-prezidenta\" target=\"_blank\">Zdroj<\/a><\/div>\n","protected":false},"excerpt":{"rendered":"<p>Praha (Pressweb) &#8211; Z p\u00e1tku na sobotu o p\u016flnoci skon\u010d\u00ed prezidentsk\u00e9 prim\u00e1rky, ve kter\u00fdch \u010dlenov\u00e9 Strany svobodn\u00fdch ob\u010dan\u016f hlasuj\u00ed o nominaci Ladislava Jakla na prezidenta. Ladislav Jakl, tajemn\u00edk sou\u010dasn\u00e9ho prezidenta, je jedin\u00fdm kandid\u00e1tem Svobodn\u00fdch a podle Petra Macha, p\u0159edsedy strany, m\u00e1 podporu veden\u00ed.<\/p>\n","protected":false},"author":1,"featured_media":0,"comment_status":"open","ping_status":"open","sticky":false,"template":"","format":"standard","meta":{"ngg_post_thumbnail":0,"footnotes":""},"categories":[17],"tags":[],"class_list":["post-2172","post","type-post","status-publish","format-standard","hentry","category-jakl-president"],"_links":{"self":[{"href":"https:\/\/www.ladislavjakl.cz\/index.php?rest_route=\/wp\/v2\/posts\/2172","targetHints":{"allow":["GET"]}}],"collection":[{"href":"https:\/\/www.ladislavjakl.cz\/index.php?rest_route=\/wp\/v2\/posts"}],"about":[{"href":"https:\/\/www.ladislavjakl.cz\/index.php?rest_route=\/wp\/v2\/types\/post"}],"author":[{"embeddable":true,"href":"https:\/\/www.ladislavjakl.cz\/index.php?rest_route=\/wp\/v2\/users\/1"}],"replies":[{"embeddable":true,"href":"https:\/\/www.ladislavjakl.cz\/index.php?rest_route=%2Fwp%2Fv2%2Fcomments&post=2172"}],"version-history":[{"count":1,"href":"https:\/\/www.ladislavjakl.cz\/index.php?rest_route=\/wp\/v2\/posts\/2172\/revisions"}],"predecessor-version":[{"id":2173,"href":"https:\/\/www.ladislavjakl.cz\/index.php?rest_route=\/wp\/v2\/posts\/2172\/revisions\/2173"}],"wp:attachment":[{"href":"https:\/\/www.ladislavjakl.cz\/index.php?rest_route=%2Fwp%2Fv2%2Fmedia&parent=2172"}],"wp:term":[{"taxonomy":"category","embeddable":true,"href":"https:\/\/www.ladislavjakl.cz\/index.php?rest_route=%2Fwp%2Fv2%2Fcategories&post=2172"},{"taxonomy":"post_tag","embeddable":true,"href":"https:\/\/www.ladislavjakl.cz\/index.php?rest_route=%2Fwp%2Fv2%2Ftags&post=2172"}],"curies":[{"name":"wp","href":"https:\/\/api.w.org\/{rel}","templated":true}]}}