{"id":2176,"date":"2012-06-17T14:07:11","date_gmt":"2012-06-17T12:07:11","guid":{"rendered":"http:\/\/www.ladislavjakl.cz\/?p=2176"},"modified":"2012-07-02T14:08:13","modified_gmt":"2012-07-02T12:08:13","slug":"sso-sbira-podpisy-pro-jaklovu-kandidaturu","status":"publish","type":"post","link":"https:\/\/www.ladislavjakl.cz\/?p=2176","title":{"rendered":"SSO sb\u00edr\u00e1 podpisy pro Jaklovu kandidaturu"},"content":{"rendered":"<div>Tajemn\u00edka  sou\u010dasn\u00e9ho prezidenta Ladislava Jakla potvrdil republikov\u00fd sn\u011bm Strany  svobodn\u00fdch ob\u010dan\u016f jako kandid\u00e1ta do prezidentsk\u00fdch voleb.<\/div>\n<div><\/div>\n<div style=\"margin-top: 15px;\"><!--more--><strong><span style=\"font-size: x-small;\">17.\u010derven 2012<\/span><\/strong> &#8211; <strong><span style=\"font-size: x-small;\">20:15<\/span><\/strong><\/div>\n<div>Jakl byl jedin\u00fdm  kandid\u00e1tem, strana nyn\u00ed za\u010d\u00edn\u00e1 se sb\u011brem pot\u0159ebn\u00fdch 50 tis\u00edc podpis\u016f,  informoval v ned\u011bli p\u0159edseda strany Petr Mach.<\/p>\n<p>&#8222;V\u011b\u0159\u00edme, \u017ee je  nejen schopn\u00fdm politikem, ale tak\u00e9 silnou osobnost\u00ed se schopnost\u00ed  \u00fasp\u011b\u0161n\u011b prosazovat z\u00e1jmy \u010cesk\u00e9 republiky,&#8220; uvedl Mach.<\/p>\n<p>Stranick\u00e9  prezidentsk\u00e9 prim\u00e1rky prob\u00edhaly online. Jakl byl jedin\u00fdm kandid\u00e1tem,  hlasov\u00e1n\u00ed se z\u00fa\u010dastnila v\u00edce ne\u017e t\u0159etina \u010dlen\u016f a p\u0159\u00edznivc\u016f Svobodn\u00fdch, z  n\u00ed\u017e mu v\u011bt\u0161ina (88 procent) vyslovila podporu.<\/p>\n<p>&#8222;Strana  svobodn\u00fdch ob\u010dan\u016f vyzn\u00e1v\u00e1 stejn\u00e9 hodnoty a ide\u00e1ly jako j\u00e1. Jsme pro  \u010dlov\u011bka a jeho svobodu, to je to, k \u010demu chci p\u0159isp\u011bt,&#8220; \u0159ekl Jakl, kter\u00fd  tak bude bojovat o Hrad nap\u0159\u00edklad s \u010destn\u00fdm p\u0159edsedou SPOZ Milo\u0161em  Zemanem nebo s b\u00fdval\u00fdm premi\u00e9rem Janem Fischerem. Za ODS z\u00e1pas\u00ed v r\u00e1mci  prezidentsk\u00fdch prim\u00e1rek proti sob\u011b m\u00edstop\u0159edseda sen\u00e1tu P\u0159emysl Sobotka a  europoslanec Ev\u017een To\u0161enovsk\u00fd.<\/p>\n<p>Jakl dostal d\u0159\u00edve podobnou nab\u00eddku i od Akce D.O.S.T.<\/p>\n<p>\u010cesk\u00e1  republika bude historicky poprv\u00e9 vyb\u00edrat prezidenta p\u0159\u00edmou volbou.  Sou\u010dasn\u00e9mu prezidentovi V\u00e1clavu Klausovi skon\u010d\u00ed mand\u00e1t v roce 2013.  Kandid\u00e1tem se m\u016f\u017ee st\u00e1t \u010dlov\u011bk, kter\u00e9ho podpo\u0159\u00ed 20 poslanc\u016f, 10  sen\u00e1tor\u016f, anebo 50 tis\u00edc ob\u010dan\u016f<\/p><\/div>\n<p><a href=\"http:\/\/www.prvnizpravy.cz\/zpravy\/z-domova\/sso-sbira-podpisy-pro-jaklovu-kandidaturu\/\">Zdroj<\/a><\/p>\n","protected":false},"excerpt":{"rendered":"<p>Tajemn\u00edka sou\u010dasn\u00e9ho prezidenta Ladislava Jakla potvrdil republikov\u00fd sn\u011bm Strany svobodn\u00fdch ob\u010dan\u016f jako kandid\u00e1ta do prezidentsk\u00fdch voleb.<\/p>\n","protected":false},"author":1,"featured_media":0,"comment_status":"open","ping_status":"open","sticky":false,"template":"","format":"standard","meta":{"ngg_post_thumbnail":0,"footnotes":""},"categories":[17],"tags":[],"class_list":["post-2176","post","type-post","status-publish","format-standard","hentry","category-jakl-president"],"_links":{"self":[{"href":"https:\/\/www.ladislavjakl.cz\/index.php?rest_route=\/wp\/v2\/posts\/2176","targetHints":{"allow":["GET"]}}],"collection":[{"href":"https:\/\/www.ladislavjakl.cz\/index.php?rest_route=\/wp\/v2\/posts"}],"about":[{"href":"https:\/\/www.ladislavjakl.cz\/index.php?rest_route=\/wp\/v2\/types\/post"}],"author":[{"embeddable":true,"href":"https:\/\/www.ladislavjakl.cz\/index.php?rest_route=\/wp\/v2\/users\/1"}],"replies":[{"embeddable":true,"href":"https:\/\/www.ladislavjakl.cz\/index.php?rest_route=%2Fwp%2Fv2%2Fcomments&post=2176"}],"version-history":[{"count":1,"href":"https:\/\/www.ladislavjakl.cz\/index.php?rest_route=\/wp\/v2\/posts\/2176\/revisions"}],"predecessor-version":[{"id":2177,"href":"https:\/\/www.ladislavjakl.cz\/index.php?rest_route=\/wp\/v2\/posts\/2176\/revisions\/2177"}],"wp:attachment":[{"href":"https:\/\/www.ladislavjakl.cz\/index.php?rest_route=%2Fwp%2Fv2%2Fmedia&parent=2176"}],"wp:term":[{"taxonomy":"category","embeddable":true,"href":"https:\/\/www.ladislavjakl.cz\/index.php?rest_route=%2Fwp%2Fv2%2Fcategories&post=2176"},{"taxonomy":"post_tag","embeddable":true,"href":"https:\/\/www.ladislavjakl.cz\/index.php?rest_route=%2Fwp%2Fv2%2Ftags&post=2176"}],"curies":[{"name":"wp","href":"https:\/\/api.w.org\/{rel}","templated":true}]}}