{"id":218,"date":"2010-01-15T14:25:13","date_gmt":"2010-01-15T13:25:13","guid":{"rendered":"http:\/\/www.ladislavjakl.cz\/?p=218"},"modified":"2010-01-18T08:25:54","modified_gmt":"2010-01-18T07:25:54","slug":"obce-a-mesta-vybirate-tak-se-starejte","status":"publish","type":"post","link":"https:\/\/www.ladislavjakl.cz\/?p=218","title":{"rendered":"Obce a m\u011bsta: vyb\u00edr\u00e1te, tak se starejte!"},"content":{"rendered":"<p><em>(Tento \u010dl\u00e1nek byl publikov\u00e1n ve st\u0159edu <\/em><span><em>25. \u00fanora 2009 na serveru idnes.cz)<\/em><br \/>\n<\/span><\/p>\n<p>Nev\u00edm, jak se pan prezident rozhodne ve v\u011bci z\u00e1kona, kter\u00fd kone\u010dn\u011b p\u0159en\u00e1\u0161\u00ed povinnost p\u00e9\u010de o chodn\u00edky na jejich vlastn\u00edky, ale j\u00e1 mu ur\u010dit\u011b nenavrhnu jeho vr\u00e1cen\u00ed. Dokonce jsem n\u00e1zoru, \u017ee to je jeden z\u00a0nelogi\u010dt\u011bj\u0161\u00edch a nejspravedliv\u011bj\u0161\u00edch z\u00e1kon\u016f za posledn\u00edch 20 let.<\/p>\n<p><!--more--><\/p>\n<div>\n<p>Co bylo logick\u00e9ho a spravedliv\u00e9ho na dosavadn\u00ed praxi, kdy pokud si majitel domu dal p\u0159ed sv\u016fj vchod na chodn\u00edk dva stolky a p\u00e1r \u017eidl\u00ed, hned p\u0159isp\u011bchalo m\u011bsto a \u0159\u00edk\u00e1: to je m\u016fj chodn\u00edk, koukej zaplatit n\u00e1jem, a kdy\u017e na ten chodn\u00edk napadl sn\u00edh, m\u011bsto \u0159\u00edk\u00e1 majiteli domu: ukli\u010f si to, s\u00a0t\u00edm chodn\u00edkem j\u00e1 nem\u00e1m nic spole\u010dn\u00e9ho?<\/p>\n<p>Pro\u010d hroz\u00ed kolaps, kter\u00fdm vyhro\u017euj\u00ed radn\u00ed? Jen proto, \u017ee si m\u011bsta a obce zvykly p\u0159en\u00e1\u0161et sv\u00e9 povinnosti na nevinnou vybranou skupinu ob\u010dan\u016f. Tuto skupinu s\u00a0vlastnick\u00fdmi pr\u00e1vy k\u00a0nemovitostem vlastn\u011b dosud zat\u011b\u017euj\u00ed dal\u0161\u00ed dan\u00ed, nikoli ve form\u011b financ\u00ed ale p\u011bkn\u011b postaru ve form\u011b roboty na pansk\u00e9m. Koho zaj\u00edmaly starosti majitel\u016f dom\u016f, kte\u0159\u00ed musej\u00ed vst\u00e1vat ka\u017ed\u00e9 dv\u011b hodiny celou noc a hrabat, pak j\u00edt do pr\u00e1ce jako ka\u017ed\u00fd jin\u00fd a celou dobu se klepat, jestli zat\u00edm znovu nenapadne a n\u011bkdo tam neuklouzne, po p\u0159\u00edchodu vz\u00edt znovu hrablo a lopatu a hrabat a hrabat? To nebyl jejich kolaps?<\/p>\n<p>Je-li chodn\u00edk majetkem obce a tedy v\u0161ech jej\u00edch obyvatel, pak a\u0165 se na p\u00e9\u010di o n\u011bj skl\u00e1daj\u00ed v\u0161ichni a ne pouze vlastn\u00edci nemovitost\u00ed. Kdy\u017e um\u011bj\u00ed m\u011bsta za chodn\u00edky vyb\u00edrat pen\u00edze a \u010dasto je p\u0159itom ani z\u00e1kladn\u00edm zp\u016fsobem neudr\u017euj\u00ed, tak a\u0165 se te\u010f staraj\u00ed.<\/p>\n<p>Jist\u011b\u017ee n\u00e1vrat k\u00a0norm\u00e1ln\u00edm spravedliv\u00fdm po\u0159\u00e1dk\u016fm zp\u016fsob\u00ed leckde pot\u00ed\u017ee. To je ale jen proto, \u017ee dosud obce ned\u011blaly to, co by podle zdrav\u00e9ho rozumu m\u011bly d\u011blat odjak\u017eiva a h\u00e1zely to na majitele dom\u016f. Ti si p\u0159itom na ten obecn\u00ed chodn\u00edk bez povolen\u00ed nemohou ani postavit \u017eidli nebo kontejner na vyv\u00e1\u017een\u00ed sut\u011b p\u0159i rekonstrukci.<\/p>\n<p>Plat\u00edte dan\u011b, mil\u00ed majitel\u00e9 dom\u016f? Plat\u00edte obecn\u00ed poplatky? Tak je\u010fte p\u0159\u00ed\u0161t\u00ed zimu na hory. V\u00e1mi placen\u00e1 obec bude kone\u010dn\u011b za Va\u0161e pen\u00edze d\u011blat, co m\u00e1. Robota na pansk\u00e9m kon\u010d\u00ed. Teda, jestli to prezident podep\u00ed\u0161e, \u017ee.<\/p><\/div>\n","protected":false},"excerpt":{"rendered":"<p>(Tento \u010dl\u00e1nek byl publikov\u00e1n ve st\u0159edu 25. \u00fanora 2009 na serveru idnes.cz) Nev\u00edm, jak se pan prezident rozhodne ve v\u011bci z\u00e1kona, kter\u00fd kone\u010dn\u011b p\u0159en\u00e1\u0161\u00ed povinnost p\u00e9\u010de o chodn\u00edky na jejich vlastn\u00edky, ale j\u00e1 mu ur\u010dit\u011b nenavrhnu jeho vr\u00e1cen\u00ed. Dokonce jsem n\u00e1zoru, \u017ee to je jeden z\u00a0nelogi\u010dt\u011bj\u0161\u00edch a nejspravedliv\u011bj\u0161\u00edch z\u00e1kon\u016f za posledn\u00edch 20 let.<\/p>\n","protected":false},"author":1,"featured_media":0,"comment_status":"open","ping_status":"open","sticky":false,"template":"","format":"standard","meta":{"ngg_post_thumbnail":0,"footnotes":""},"categories":[1],"tags":[],"class_list":["post-218","post","type-post","status-publish","format-standard","hentry","category-publikovane-clanky"],"_links":{"self":[{"href":"https:\/\/www.ladislavjakl.cz\/index.php?rest_route=\/wp\/v2\/posts\/218","targetHints":{"allow":["GET"]}}],"collection":[{"href":"https:\/\/www.ladislavjakl.cz\/index.php?rest_route=\/wp\/v2\/posts"}],"about":[{"href":"https:\/\/www.ladislavjakl.cz\/index.php?rest_route=\/wp\/v2\/types\/post"}],"author":[{"embeddable":true,"href":"https:\/\/www.ladislavjakl.cz\/index.php?rest_route=\/wp\/v2\/users\/1"}],"replies":[{"embeddable":true,"href":"https:\/\/www.ladislavjakl.cz\/index.php?rest_route=%2Fwp%2Fv2%2Fcomments&post=218"}],"version-history":[{"count":5,"href":"https:\/\/www.ladislavjakl.cz\/index.php?rest_route=\/wp\/v2\/posts\/218\/revisions"}],"predecessor-version":[{"id":223,"href":"https:\/\/www.ladislavjakl.cz\/index.php?rest_route=\/wp\/v2\/posts\/218\/revisions\/223"}],"wp:attachment":[{"href":"https:\/\/www.ladislavjakl.cz\/index.php?rest_route=%2Fwp%2Fv2%2Fmedia&parent=218"}],"wp:term":[{"taxonomy":"category","embeddable":true,"href":"https:\/\/www.ladislavjakl.cz\/index.php?rest_route=%2Fwp%2Fv2%2Fcategories&post=218"},{"taxonomy":"post_tag","embeddable":true,"href":"https:\/\/www.ladislavjakl.cz\/index.php?rest_route=%2Fwp%2Fv2%2Ftags&post=218"}],"curies":[{"name":"wp","href":"https:\/\/api.w.org\/{rel}","templated":true}]}}