{"id":2185,"date":"2012-06-17T14:13:35","date_gmt":"2012-06-17T12:13:35","guid":{"rendered":"http:\/\/www.ladislavjakl.cz\/?p=2185"},"modified":"2012-07-02T14:13:52","modified_gmt":"2012-07-02T12:13:52","slug":"jakl-touzi-vystridat-klause-svobodni-ho-chteji-na-hrade-2","status":"publish","type":"post","link":"https:\/\/www.ladislavjakl.cz\/?p=2185","title":{"rendered":"Jakl tou\u017e\u00ed vyst\u0159\u00eddat Klause. Svobodn\u00ed ho cht\u011bj\u00ed na Hrad\u011b"},"content":{"rendered":"<p>Tajemn\u00edka sou\u010dasn\u00e9ho prezidenta Ladislava Jakla ofici\u00e1ln\u011b potvrdil  republikov\u00fd sn\u011bm Strany svobodn\u00fdch ob\u010dan\u016f jako kandid\u00e1ta do  nadch\u00e1zej\u00edc\u00edch prezidentsk\u00fdch voleb. Jakl byl jedin\u00fdm kandid\u00e1tem, strana  nyn\u00ed za\u010d\u00edn\u00e1 se sb\u011brem pot\u0159ebn\u00fdch 50 tis\u00edc podpis\u016f, informoval v ned\u011bli  p\u0159edseda strany Petr Mach.<\/p>\n<p><!--more--><\/p>\n<p><a href=\"http:\/\/domaci.eurozpravy.cz\/politika\/51591-jakl-touzi-vystridat-klause-svobodni-ho-chteji-na-hrade\/forum\/\" target=\"_blank\">Zdroj<\/a><\/p>\n","protected":false},"excerpt":{"rendered":"<p>Tajemn\u00edka sou\u010dasn\u00e9ho prezidenta Ladislava Jakla ofici\u00e1ln\u011b potvrdil republikov\u00fd sn\u011bm Strany svobodn\u00fdch ob\u010dan\u016f jako kandid\u00e1ta do nadch\u00e1zej\u00edc\u00edch prezidentsk\u00fdch voleb. Jakl byl jedin\u00fdm kandid\u00e1tem, strana nyn\u00ed za\u010d\u00edn\u00e1 se sb\u011brem pot\u0159ebn\u00fdch 50 tis\u00edc podpis\u016f, informoval v ned\u011bli p\u0159edseda strany Petr Mach.<\/p>\n","protected":false},"author":1,"featured_media":0,"comment_status":"open","ping_status":"open","sticky":false,"template":"","format":"standard","meta":{"ngg_post_thumbnail":0,"footnotes":""},"categories":[17],"tags":[],"class_list":["post-2185","post","type-post","status-publish","format-standard","hentry","category-jakl-president"],"_links":{"self":[{"href":"https:\/\/www.ladislavjakl.cz\/index.php?rest_route=\/wp\/v2\/posts\/2185","targetHints":{"allow":["GET"]}}],"collection":[{"href":"https:\/\/www.ladislavjakl.cz\/index.php?rest_route=\/wp\/v2\/posts"}],"about":[{"href":"https:\/\/www.ladislavjakl.cz\/index.php?rest_route=\/wp\/v2\/types\/post"}],"author":[{"embeddable":true,"href":"https:\/\/www.ladislavjakl.cz\/index.php?rest_route=\/wp\/v2\/users\/1"}],"replies":[{"embeddable":true,"href":"https:\/\/www.ladislavjakl.cz\/index.php?rest_route=%2Fwp%2Fv2%2Fcomments&post=2185"}],"version-history":[{"count":2,"href":"https:\/\/www.ladislavjakl.cz\/index.php?rest_route=\/wp\/v2\/posts\/2185\/revisions"}],"predecessor-version":[{"id":2187,"href":"https:\/\/www.ladislavjakl.cz\/index.php?rest_route=\/wp\/v2\/posts\/2185\/revisions\/2187"}],"wp:attachment":[{"href":"https:\/\/www.ladislavjakl.cz\/index.php?rest_route=%2Fwp%2Fv2%2Fmedia&parent=2185"}],"wp:term":[{"taxonomy":"category","embeddable":true,"href":"https:\/\/www.ladislavjakl.cz\/index.php?rest_route=%2Fwp%2Fv2%2Fcategories&post=2185"},{"taxonomy":"post_tag","embeddable":true,"href":"https:\/\/www.ladislavjakl.cz\/index.php?rest_route=%2Fwp%2Fv2%2Ftags&post=2185"}],"curies":[{"name":"wp","href":"https:\/\/api.w.org\/{rel}","templated":true}]}}