{"id":2193,"date":"2012-07-01T14:17:28","date_gmt":"2012-07-01T12:17:28","guid":{"rendered":"http:\/\/www.ladislavjakl.cz\/?p=2193"},"modified":"2012-07-02T14:18:15","modified_gmt":"2012-07-02T12:18:15","slug":"jakl-na-hrad-zni-ze-strany-svobodnych-obcanu-2","status":"publish","type":"post","link":"https:\/\/www.ladislavjakl.cz\/?p=2193","title":{"rendered":"Jakl na Hrad, zn\u00ed ze Strany svobodn\u00fdch ob\u010dan\u016f"},"content":{"rendered":"<p><span>Ladislav Jakl, tajemn\u00edk prezidenta V\u00e1clava Klause,  z\u00edskal nominaci neparlamentn\u00ed Strany svobodn\u00fdch ob\u010dan\u016f pro kandidaturu  na Hrad. Jakl byl jedin\u00fdm kandid\u00e1tem a v prezidentsk\u00fdch prim\u00e1rk\u00e1ch pro  n\u011bj hlasovalo 88 procent z 35 procent z\u00fa\u010dastn\u011bn\u00fdch \u010dlen\u016f a p\u0159\u00edznivc\u016f  strany, sd\u011blil po ned\u011bln\u00edm republikov\u00e9m sn\u011bmu strany p\u0159edseda Petr Mach. <\/span><\/p>\n<p><span><!--more--><\/span><\/p>\n<p><span><br \/>\n<\/span><\/p>\n<p><a href=\"http:\/\/www.mujzpravodaj.cz\/clanky\/jakl-na-hrad-zni-ze-strany-svobodnych-obcanu-ladis.aspx\" target=\"_blank\">Zdroj<\/a><\/p>\n","protected":false},"excerpt":{"rendered":"<p>Ladislav Jakl, tajemn\u00edk prezidenta V\u00e1clava Klause, z\u00edskal nominaci neparlamentn\u00ed Strany svobodn\u00fdch ob\u010dan\u016f pro kandidaturu na Hrad. Jakl byl jedin\u00fdm kandid\u00e1tem a v prezidentsk\u00fdch prim\u00e1rk\u00e1ch pro n\u011bj hlasovalo 88 procent z 35 procent z\u00fa\u010dastn\u011bn\u00fdch \u010dlen\u016f a p\u0159\u00edznivc\u016f strany, sd\u011blil po ned\u011bln\u00edm republikov\u00e9m sn\u011bmu strany p\u0159edseda Petr Mach.<\/p>\n","protected":false},"author":1,"featured_media":0,"comment_status":"open","ping_status":"open","sticky":false,"template":"","format":"standard","meta":{"ngg_post_thumbnail":0,"footnotes":""},"categories":[17],"tags":[],"class_list":["post-2193","post","type-post","status-publish","format-standard","hentry","category-jakl-president"],"_links":{"self":[{"href":"https:\/\/www.ladislavjakl.cz\/index.php?rest_route=\/wp\/v2\/posts\/2193","targetHints":{"allow":["GET"]}}],"collection":[{"href":"https:\/\/www.ladislavjakl.cz\/index.php?rest_route=\/wp\/v2\/posts"}],"about":[{"href":"https:\/\/www.ladislavjakl.cz\/index.php?rest_route=\/wp\/v2\/types\/post"}],"author":[{"embeddable":true,"href":"https:\/\/www.ladislavjakl.cz\/index.php?rest_route=\/wp\/v2\/users\/1"}],"replies":[{"embeddable":true,"href":"https:\/\/www.ladislavjakl.cz\/index.php?rest_route=%2Fwp%2Fv2%2Fcomments&post=2193"}],"version-history":[{"count":1,"href":"https:\/\/www.ladislavjakl.cz\/index.php?rest_route=\/wp\/v2\/posts\/2193\/revisions"}],"predecessor-version":[{"id":2194,"href":"https:\/\/www.ladislavjakl.cz\/index.php?rest_route=\/wp\/v2\/posts\/2193\/revisions\/2194"}],"wp:attachment":[{"href":"https:\/\/www.ladislavjakl.cz\/index.php?rest_route=%2Fwp%2Fv2%2Fmedia&parent=2193"}],"wp:term":[{"taxonomy":"category","embeddable":true,"href":"https:\/\/www.ladislavjakl.cz\/index.php?rest_route=%2Fwp%2Fv2%2Fcategories&post=2193"},{"taxonomy":"post_tag","embeddable":true,"href":"https:\/\/www.ladislavjakl.cz\/index.php?rest_route=%2Fwp%2Fv2%2Ftags&post=2193"}],"curies":[{"name":"wp","href":"https:\/\/api.w.org\/{rel}","templated":true}]}}