{"id":2197,"date":"2012-07-01T14:19:47","date_gmt":"2012-07-01T12:19:47","guid":{"rendered":"http:\/\/www.ladislavjakl.cz\/?p=2197"},"modified":"2012-07-02T14:21:46","modified_gmt":"2012-07-02T12:21:46","slug":"jakl-miri-do-boje-o-hrad-uspel-v-primarkach-2","status":"publish","type":"post","link":"https:\/\/www.ladislavjakl.cz\/?p=2197","title":{"rendered":"Jakl m\u00ed\u0159\u00ed do boje o Hrad, usp\u011bl v prim\u00e1rk\u00e1ch"},"content":{"rendered":"<p>Praha &#8211; Ladislav Jakl z\u00edskal nominaci pro prezidentskou kandidaturu. Ve  stranick\u00fdch prim\u00e1rk\u00e1ch si ho zvolila euroskeptick\u00e1 Strana svobodn\u00fdch  ob\u010dan\u016f.<\/p>\n<p><!--more-->Jej\u00ed veden\u00ed te\u010f za\u010dne sh\u00e1n\u011bt 50 tis\u00edc podpis\u016f pod petici za  Jaklovu kandidaturu. V sou\u010dasnosti Ladislav Jakl p\u016fsob\u00ed jako tajemn\u00edk  prezidenta Klause.Jakl byl jedin\u00fdm kandid\u00e1tem strany a v prezidentsk\u00fdch  prim\u00e1rk\u00e1ch pro n\u011bj hlasovalo 88 procent z 35 procent z\u00fa\u010dastn\u011bn\u00fdch \u010dlen\u016f a  p\u0159\u00edznivc\u016f. Po ned\u011bln\u00edm republikov\u00e9m sn\u011bmu strany to potvrdil p\u0159edseda  Petr Mach.&#8220;N\u00e1\u0161 kandid\u00e1t dok\u00e1\u017ee z\u00edskat hlasy voli\u010d\u016f, kte\u0159\u00ed by v jin\u00fdch  volb\u00e1ch volili nebo vol\u00ed ODS,&#8220; \u0159ekl Mach. &#8222;S pot\u011b\u0161en\u00edm jsem p\u0159ijal  podporu Svobodn\u00fdch na prezidentskou kandidaturu,&#8220; \u0159ekl na sn\u011bmu Jakl.  Strana nyn\u00ed za\u010dne sb\u00edrat pot\u0159ebn\u00fdch 50 000 podpis\u016f pod petici za Jaklovu  prezidentskou kandidaturu.\u00a0Svobodn\u00ed maj\u00ed p\u0159es tis\u00edc \u010dlen\u016f a  registrovan\u00fdch p\u0159\u00edznivc\u016f, kte\u0159\u00ed mohli o podpo\u0159e Jakla hlasovat. Svobodn\u00ed  se profiluj\u00ed jako pravicov\u00e1 euroskeptick\u00e1 strana. Tvrd\u00ed, \u017ee pokud se  nepoda\u0159\u00ed prosadit z\u00e1sadn\u00ed zm\u011bny Evropsk\u00e9 unie, m\u011bla by ji \u010cesk\u00e1  republika opustit.<\/p>\n<p><a href=\"23.\thttp:\/\/eurotyden.com\/jakl-miri-do-boje-o-hrad-uspel-v-primarkach.html\">Zdroj<\/a><\/p>\n","protected":false},"excerpt":{"rendered":"<p>Praha &#8211; Ladislav Jakl z\u00edskal nominaci pro prezidentskou kandidaturu. Ve stranick\u00fdch prim\u00e1rk\u00e1ch si ho zvolila euroskeptick\u00e1 Strana svobodn\u00fdch ob\u010dan\u016f.<\/p>\n","protected":false},"author":1,"featured_media":0,"comment_status":"open","ping_status":"open","sticky":false,"template":"","format":"standard","meta":{"ngg_post_thumbnail":0,"footnotes":""},"categories":[17],"tags":[],"class_list":["post-2197","post","type-post","status-publish","format-standard","hentry","category-jakl-president"],"_links":{"self":[{"href":"https:\/\/www.ladislavjakl.cz\/index.php?rest_route=\/wp\/v2\/posts\/2197","targetHints":{"allow":["GET"]}}],"collection":[{"href":"https:\/\/www.ladislavjakl.cz\/index.php?rest_route=\/wp\/v2\/posts"}],"about":[{"href":"https:\/\/www.ladislavjakl.cz\/index.php?rest_route=\/wp\/v2\/types\/post"}],"author":[{"embeddable":true,"href":"https:\/\/www.ladislavjakl.cz\/index.php?rest_route=\/wp\/v2\/users\/1"}],"replies":[{"embeddable":true,"href":"https:\/\/www.ladislavjakl.cz\/index.php?rest_route=%2Fwp%2Fv2%2Fcomments&post=2197"}],"version-history":[{"count":1,"href":"https:\/\/www.ladislavjakl.cz\/index.php?rest_route=\/wp\/v2\/posts\/2197\/revisions"}],"predecessor-version":[{"id":2198,"href":"https:\/\/www.ladislavjakl.cz\/index.php?rest_route=\/wp\/v2\/posts\/2197\/revisions\/2198"}],"wp:attachment":[{"href":"https:\/\/www.ladislavjakl.cz\/index.php?rest_route=%2Fwp%2Fv2%2Fmedia&parent=2197"}],"wp:term":[{"taxonomy":"category","embeddable":true,"href":"https:\/\/www.ladislavjakl.cz\/index.php?rest_route=%2Fwp%2Fv2%2Fcategories&post=2197"},{"taxonomy":"post_tag","embeddable":true,"href":"https:\/\/www.ladislavjakl.cz\/index.php?rest_route=%2Fwp%2Fv2%2Ftags&post=2197"}],"curies":[{"name":"wp","href":"https:\/\/api.w.org\/{rel}","templated":true}]}}