{"id":2199,"date":"2012-07-02T14:23:33","date_gmt":"2012-07-02T12:23:33","guid":{"rendered":"http:\/\/www.ladislavjakl.cz\/?p=2199"},"modified":"2012-07-02T14:23:33","modified_gmt":"2012-07-02T12:23:33","slug":"zvol-si-sveho-maskota","status":"publish","type":"post","link":"https:\/\/www.ladislavjakl.cz\/?p=2199","title":{"rendered":"Zvol si sv\u00e9ho maskota"},"content":{"rendered":"<p>P\u0159\u00edm\u00e1 volba prezidenta bude volbou toho, komu se nejl\u00e9pe poda\u0159\u00ed  zt\u011blesnit p\u0159edstavy \u010desk\u00e9 spole\u010dnosti o jej\u00edm vlastn\u00edm vztahu k  politice. P\u0159\u00edmo zvolen\u00fd prezident nebude reprezentatem ve\u0159ejnosti, ale  maskotem masy.<\/p>\n<p><!--more--><\/p>\n<div>\n<p>Konec legislativn\u00edho procesu spojen\u00e9ho s\u00a0uz\u00e1kon\u011bn\u00edm p\u0159\u00edm\u00e9  volby prezidenta je nadosah. V\u00a0pln\u00e9m proudu jsou i prim\u00e1rky n\u011bkter\u00fdch  stran, a\u0165 u\u017e parlamentn\u00edch nebo neparlamentn\u00edch, a seznam t\u011bch, kte\u0159\u00ed si  brous\u00ed zuby na Hrad, u\u017e se rozrostl do dvoucifern\u00fdch \u010d\u00edsel. P\u0159\u00edm\u00e1 volba  prezidenta bude znamenat volbu toho, komu se nejl\u00e9pe poda\u0159\u00ed zt\u011blesnit  p\u0159edstavy \u010desk\u00e9 spole\u010dnosti o jej\u00edm vlastn\u00edm vztahu k politice. P\u0159\u00edmo  zvolen\u00fd prezident nebude reprezentatem ve\u0159ejnosti, ale maskotem masy.<\/p>\n<p><span style=\"font-weight: bold;\">Podivn\u00e9 postavi\u010dky i \u201eklidn\u00fd st\u0159ed tabulky\u201c <\/span><br \/>\nPremi\u00e9r  Petr Ne\u010das se\u00a0nechal sly\u0161et, \u017ee p\u0159\u00edm\u00e1 volba prezidenta d\u00e1 p\u0159\u00edle\u017eitost  nejr\u016fzn\u011bj\u0161\u00edm podivn\u00fdm postavi\u010dk\u00e1m, aby se prosadily na politick\u00e9 a  medi\u00e1ln\u00ed sc\u00e9n\u011b. Na t\u011bch slovech n\u011bco je \u2013 na prvn\u00edch m\u00edstech v\u00fdzkum\u016f se  jistou dobu dr\u017eel pon\u011bkud excentrick\u00fd podnikatel a populista Tomio  Okamura (kter\u00fd v\u0161ak nakonec kandidovat nebude), o 50 tis\u00edc podpis\u016f na  podporu sv\u00e9 kandidatury usiluje i \u0161\u00e9f D\u011blnick\u00e9 strany soci\u00e1ln\u00ed  spravedlnosti Tom\u00e1\u0161 Vandas, a je to jen p\u00e1r des\u00edtek hodin, co se do boje  o Hrad p\u0159id\u00e1v\u00e1 tak\u00e9 kandid\u00e1t Strany svobodn\u00fdch ob\u010dan\u016f a jeden z  \u201elokaj\u016f\u201c V\u00e1clava Klause Ladislav Jakl.<\/p>\n<p>Pro \u00faplnost dodejme, \u017ee  na seznam kandid\u00e1t\u016f z\u00a0kategorie excentrick\u00fdch lze za\u0159adit i \u201e\u017eeleznou  Janu\u201c Bobo\u0161\u00edkovou l\u00e1kaj\u00edc\u00ed sv\u00e9 voli\u010de na dom\u00e1c\u00ed buchty, n\u011bkter\u00fdmi sv\u00fdmi  kontroverzn\u00edmi v\u00fdroky by si m\u00edsto v\u00a0panoptiku p\u0159\u00edm\u00e9 volby zaslou\u017eil tak\u00e9  Milo\u0161 Zeman, kter\u00fd v\u0161ak z\u00edsk\u00e1v\u00e1 pom\u011brn\u011b silnou podporu uvnit\u0159 \u010cSSD.  Nejsp\u00ed\u0161 i proto, \u017ee Ji\u0159\u00ed Dienstbier, navzdory tomu, \u017ee asi pat\u0159\u00ed k\u00a0tomu  lep\u0161\u00edmu, co sou\u010dasn\u00e1 \u010cSSD m\u016f\u017ee nab\u00eddnout, ide\u00e1ln\u00ed kandid\u00e1tem na  prezidenta nen\u00ed.<\/p>\n<p>Dienstbier, podobn\u011b jako oba mo\u017en\u00ed kandid\u00e1ti  ODS \u2013 P\u0159emysl Sobotka nebo Ev\u017een To\u0161enovsk\u00fd pat\u0159\u00ed do kategorie \u201eklidn\u00e9ho  st\u0159edu tabulky\u201c \u2013 tedy mezi kandid\u00e1ty, kte\u0159\u00ed nevzbuzuj\u00ed \u017e\u00e1dn\u00e9  v\u00fdrazn\u011bj\u0161\u00ed emoce. Zd\u00e1 se, \u017ee mezi kandid\u00e1ty na prezidenta jsou sp\u00ed\u0161e do  po\u010dtu. Mezi takov\u00e9 by se dal za\u0159adit i \u010dlov\u011bk, kter\u00fd s\u00a0rol\u00ed maskota m\u00e1  jist\u00e9 zku\u0161enosti \u2013 p\u0159edseda TOP09 Karel Schwarzemberg. Sv\u00e9 m\u00edsto mezi ne  zcela v\u00fdrazn\u00fdmi kandid\u00e1ty m\u00e1 i jedna ze dvou \u017een, kter\u00e1 aspiruje na  prezidentsk\u00fd post \u2013 kandid\u00e1tka KDU-\u010cSL Zuzana Roithov\u00e1, kter\u00e1 na sebe  v\u0161ak v\u00a0posledn\u00edch t\u00fddnech mimo anga\u017em\u00e1 v\u00a0p\u0159\u00edpadu odsouzen\u00e9 ukrajinsk\u00e9  expremi\u00e9rky Julije Tymo\u0161enkov\u00e9 upozornila i negativn\u011b sv\u00fdm hlasem proti <a href=\"http:\/\/www.colourplanet.cz\/78300-3-cesti-europoslanci-hlasovali-proti-deklaraci-ods\">Usnesen\u00ed o boji proti homofobii v Evrop\u011b<\/a> na p\u016fd\u011b Evropsk\u00e9ho parlamentu.<\/p>\n<p><span style=\"font-weight: bold;\">\u00dasvit nestran\u00edk\u016f <\/span><br \/>\nKandid\u00e1ti  a kandid\u00e1tky politick\u00fdch stran budou pochopiteln\u011b znev\u00fdhodn\u011bni  p\u0159edev\u0161\u00edm samotn\u00fdm spojen\u00edm sv\u00e9ho jm\u00e9na s\u00a0konkr\u00e9tn\u00edm politick\u00fdm  subjektem. Pozitivn\u00ed identifikace s\u00a0kandid\u00e1tem \u010di kandid\u00e1tkou tak bude  nepochybn\u011b slab\u0161\u00ed ne\u017e identifikace negativn\u00ed, tedy jak\u00e9si \u201eODS\u00e1ka fakt  ne.\u201c Nen\u00ed to nic p\u0159ekvapiv\u00e9ho a to nejen v\u00a0souvislosti s\u00a0obecn\u011b  negativn\u00edmu vztahu a skepsi \u010desk\u00e9 spole\u010dnosti k\u00a0politick\u00fdm stran\u00e1m.  Postavy dvou spole\u010dnost\u00ed nejv\u00edce uzn\u00e1van\u00fdch prezident\u016f v\u00a0historii  \u010ceskoslovenska a n\u00e1sledn\u011b \u010cesk\u00e9 republiky \u2013 Tom\u00e1\u0161e Garrigue Masaryka a  V\u00e1clava Havla \u2013 jsou koneckonc\u016f vn\u00edm\u00e1ny p\u0159edev\u0161\u00edm jako nadstranick\u00e9  osobnosti zt\u011bles\u0148uj\u00edc\u00ed demokratick\u00e9 ide\u00e1ly.<\/p>\n<p>Zt\u011blesn\u011bn\u00edm  nadstranickosti jsou v\u00a0jist\u00e9m smyslu i dva favorizovan\u00ed kandid\u00e1ti \u2013 Jan  \u0160vejnar a Jan Fisher. Nadstranickost v\u00a0jejich p\u0159\u00edpad\u011b ale p\u0159edstavuje  sp\u00ed\u0161e antitezi \u010desk\u00e9ho pojet\u00ed stranick\u00e9 politiky. Nen\u00ed n\u00e1hodou, \u017ee  Fisherova vl\u00e1da v\u00a0dob\u011b sv\u00e9ho vl\u00e1dnut\u00ed z\u00edsk\u00e1vala kladn\u00e9 body \u2013 klidn\u011b,  racion\u00e1ln\u011b a rozv\u00e1\u017en\u011b p\u016fsob\u00edc\u00ed statistik Fisher byl prav\u00fdm opakem dvou  ha\u0161t\u011b\u0159iv\u00fdch \u201ealfasamc\u016f\u201c \u010desk\u00e9 politiky p\u0159edchoz\u00edho obdob\u00ed \u2013 Ji\u0159\u00edho  Paroubka a Miroslava Topol\u00e1nka. O tom, jak siln\u00e1 je pozice Jana Fishera,  sv\u011bd\u010d\u00ed i to, \u017ee jnak v\u00a0\u010desk\u00e9 spole\u010dnosti velmi obl\u00edben\u00fd antikomunismus  v\u00a0jeho p\u0159\u00edpad\u011b ustupuje do pozad\u00ed. Nikdo si proti n\u011bmu netroufne pou\u017e\u00edt  fakt, \u017ee byl \u010dlenem KS\u010c, co\u017e v\u00a0jin\u00fdch p\u0159\u00edpadech p\u0159edstavuje mnohdy  nep\u0159ekonateln\u00fd probl\u00e9m.<\/p>\n<p><span style=\"font-weight: bold;\">Call for experts <\/span><br \/>\nEkonom  Jan \u0160vejnar m\u016f\u017ee z\u00edskat body d\u00edky image experta se zku\u0161enostmi ze  zahrani\u010d\u00ed. T\u00edm sp\u00ed\u0161, \u017ee ustoupil ze sv\u00e9ho p\u016fvodn\u00edho z\u00e1m\u011bru st\u00e1t se  kandid\u00e1tem za \u010cSSD. Vol\u00e1n\u00ed po vl\u00e1d\u011b odborn\u00edk\u016f stoj\u00edc\u00ed op\u011bt jako antiteze  vl\u00e1dy politik\u016f je koneckonc\u016f zejm\u00e9na v\u00a0souvislosti s\u00a0kroky sou\u010dasn\u00e9  Ne\u010dasovy vl\u00e1dy velmi siln\u00e9. Pro ur\u010ditou \u010d\u00e1st spole\u010dnosti nav\u00edc  zku\u0161enosti, kter\u00e9 m\u00e1 \u0160vejnar ze zahrani\u010d\u00ed v\u00a0podob\u011b \u201edemokracii  zasl\u00edben\u00e9ho Z\u00e1padu\u201c, znamenaj\u00ed i jistou z\u00e1ruku nezat\u00ed\u017eenosti \u010desk\u00fdm  politick\u00fdm prost\u0159ed\u00edm. V\u00a0kontextu siln\u00e9 ned\u016fv\u011bry v\u00a0instituce politick\u00e9ho  syst\u00e9mu nepochybn\u00e9 plus.<\/p>\n<p>P\u0159\u00edm\u00e1 volba prezidenta p\u0159edstavuje  v\u00a0\u010desk\u00e9m kontextu jen dal\u0161\u00ed krok ve h\u0159e na funguj\u00edc\u00ed demokracii. Volba  kandid\u00e1ta, kter\u00fd se tv\u00e1\u0159\u00ed otev\u0159en\u011b \u201eantipoliticky\u201c, bude znamenat  definitivn\u00ed potvrzen\u00ed postupuj\u00edc\u00ed rezignace \u010desk\u00e9 spole\u010dnosti na to st\u00e1t  se aktivn\u00ed ve\u0159ejnost\u00ed. Je p\u0159ece o tolik snaz\u0161\u00ed d\u00e1t moc do rukou  odborn\u00edk\u016f, jejich\u017e legitimita by byla i z toho\u00a0nejoptimisti\u010dt\u011bj\u0161\u00edho  pohledu sporn\u00e1, ne\u017e n\u00e9st zodpov\u011bdnost za volbu politick\u00e9 reprezentace  nebo se dokonce takov\u00fdm reprezentantem st\u00e1t. Pasivn\u00ed masa si zvol\u00ed sv\u00e9ho  apolitick\u00e9ho maskota.<\/p><\/div>\n<p><a href=\"http:\/\/denikreferendum.cz\/clanek\/13434-zvol-si-sveho-maskota\">Zdroj<\/a><\/p>\n","protected":false},"excerpt":{"rendered":"<p>P\u0159\u00edm\u00e1 volba prezidenta bude volbou toho, komu se nejl\u00e9pe poda\u0159\u00ed zt\u011blesnit p\u0159edstavy \u010desk\u00e9 spole\u010dnosti o jej\u00edm vlastn\u00edm vztahu k politice. P\u0159\u00edmo zvolen\u00fd prezident nebude reprezentatem ve\u0159ejnosti, ale maskotem masy.<\/p>\n","protected":false},"author":1,"featured_media":0,"comment_status":"open","ping_status":"open","sticky":false,"template":"","format":"standard","meta":{"ngg_post_thumbnail":0,"footnotes":""},"categories":[17],"tags":[],"class_list":["post-2199","post","type-post","status-publish","format-standard","hentry","category-jakl-president"],"_links":{"self":[{"href":"https:\/\/www.ladislavjakl.cz\/index.php?rest_route=\/wp\/v2\/posts\/2199","targetHints":{"allow":["GET"]}}],"collection":[{"href":"https:\/\/www.ladislavjakl.cz\/index.php?rest_route=\/wp\/v2\/posts"}],"about":[{"href":"https:\/\/www.ladislavjakl.cz\/index.php?rest_route=\/wp\/v2\/types\/post"}],"author":[{"embeddable":true,"href":"https:\/\/www.ladislavjakl.cz\/index.php?rest_route=\/wp\/v2\/users\/1"}],"replies":[{"embeddable":true,"href":"https:\/\/www.ladislavjakl.cz\/index.php?rest_route=%2Fwp%2Fv2%2Fcomments&post=2199"}],"version-history":[{"count":2,"href":"https:\/\/www.ladislavjakl.cz\/index.php?rest_route=\/wp\/v2\/posts\/2199\/revisions"}],"predecessor-version":[{"id":2201,"href":"https:\/\/www.ladislavjakl.cz\/index.php?rest_route=\/wp\/v2\/posts\/2199\/revisions\/2201"}],"wp:attachment":[{"href":"https:\/\/www.ladislavjakl.cz\/index.php?rest_route=%2Fwp%2Fv2%2Fmedia&parent=2199"}],"wp:term":[{"taxonomy":"category","embeddable":true,"href":"https:\/\/www.ladislavjakl.cz\/index.php?rest_route=%2Fwp%2Fv2%2Fcategories&post=2199"},{"taxonomy":"post_tag","embeddable":true,"href":"https:\/\/www.ladislavjakl.cz\/index.php?rest_route=%2Fwp%2Fv2%2Ftags&post=2199"}],"curies":[{"name":"wp","href":"https:\/\/api.w.org\/{rel}","templated":true}]}}