{"id":2202,"date":"2012-06-17T14:24:48","date_gmt":"2012-06-17T12:24:48","guid":{"rendered":"http:\/\/www.ladislavjakl.cz\/?p=2202"},"modified":"2012-07-02T14:27:17","modified_gmt":"2012-07-02T12:27:17","slug":"potvrzeno-jakl-bude-kandidovat-na-prezidenta","status":"publish","type":"post","link":"https:\/\/www.ladislavjakl.cz\/?p=2202","title":{"rendered":"Potvrzeno. Jakl bude kandidovat na prezidenta"},"content":{"rendered":"<p>Tajemn\u00edk sou\u010dasn\u00e9ho prezidenta Ladislav Jakl byl  na ned\u011bln\u00edm  Republikov\u00e9m sn\u011bmu Strany svobodn\u00fdch ob\u010dan\u016f ofici\u00e1ln\u011b  potvrzen jako  kandid\u00e1t do nadch\u00e1zej\u00edc\u00edch prezidentsk\u00fdch voleb \u010cesk\u00e9  republiky. Jakl,  kter\u00fd byl jedin\u00fdm kandid\u00e1tem, usp\u011bl ve v\u00edkendov\u00fdch  prezidentsk\u00fdch  prim\u00e1rk\u00e1ch a m\u016f\u017ee se tak o post uch\u00e1zet s podporou  Svobodn\u00fdch.<br \/>\n<!--more-->Prim\u00e1rky prob\u00edhaly on-line. Z\u00fa\u010dastnilo se 35 % \u010dlen\u016f a p\u0159\u00edznivc\u016f  Svobodn\u00fdch, z toho bylo 88 % pro kandidaturu. \u201eLadislav Jakl m\u011bl podporu  stranick\u00e9ho veden\u00ed, tak\u00e9 v prim\u00e1rk\u00e1ch usp\u011bl. Nyn\u00ed zahajujeme sb\u011br  pot\u0159ebn\u00fdch 50 tis\u00edc podpis\u016f,\u201c uv\u00e1d\u00ed Petr Mach, p\u0159edseda Strany  svobodn\u00fdch ob\u010dan\u016f. \u201eV\u011b\u0159\u00edme, \u017ee je nejen schopn\u00fdm politikem, ale tak\u00e9  silnou osobnost\u00ed se schopnost\u00ed \u00fasp\u011b\u0161n\u011b prosazovat z\u00e1jmy \u010cesk\u00e9  republiky,\u201c dod\u00e1v\u00e1 Petr Mach.<\/p>\n<p>Ladislav Jakl na Republikov\u00e9m sn\u011bmu Svobodn\u00fdch uvedl hlavn\u00ed d\u016fvody  p\u0159ijet\u00ed podpory sv\u00e9 prezidentsk\u00e9 kandidatury: \u201cS pot\u011b\u0161en\u00edm jsem p\u0159ijal  podporu Svobodn\u00fdch na prezidentskou kandidaturu. Strana svobodn\u00fdch  ob\u010dan\u016f vyzn\u00e1v\u00e1 stejn\u00e9 hodnoty a ide\u00e1ly jako j\u00e1. Jsme pro \u010dlov\u011bka a jeho  svobodu, to je to, k \u010demu chci p\u0159isp\u011bt.\u201c<\/p>\n<p>Na ned\u011bln\u00edm Republikov\u00e9m sn\u011bmu, krom\u011b Ladislava Jakla, vystoupili tak\u00e9  zahrani\u010dn\u00ed host\u00e9 Richard Sul\u00edk, poslanec N\u00e1rodn\u00ed rady Slovensk\u00e9  republiky a p\u0159edseda strany Sloboda a solidarita nebo tak\u00e9 Ludwik Dorn,  poslanec polsk\u00e9ho Sejmu ze strany Solid\u00e1rn\u00ed Polsko.<\/p>\n<p>Petr Mach<br \/>\n<em>p\u0159edseda<br \/>\nO Svobodn\u00fdch<br \/>\nSvobodn\u00ed se profiluj\u00ed jako pravicov\u00e1 euroskeptick\u00e1 strana a tvrd\u00ed, \u017ee  pokud se nepoda\u0159\u00ed prosadit z\u00e1sadn\u00ed zm\u011bny sou\u010dasn\u00e9 EU, m\u011bla by podle nich  \u010cesk\u00e1 republika EU opustit. Strana svobodn\u00fdch ob\u010dan\u016f m\u00e1 p\u0159es tis\u00edc  \u010dlen\u016f a registrovan\u00fdch p\u0159\u00edznivc\u016f.<br \/>\nV\u00edce informac\u00ed: www.svobodni.cz<\/em><\/p>\n<p><a href=\"http:\/\/www.ceskamedia.cz\/politika\/436323\/potvrzeno-jakl-bude-kandidovat-na-prezidenta\">Zdroj<\/a><\/p>\n","protected":false},"excerpt":{"rendered":"<p>Tajemn\u00edk sou\u010dasn\u00e9ho prezidenta Ladislav Jakl byl na ned\u011bln\u00edm Republikov\u00e9m sn\u011bmu Strany svobodn\u00fdch ob\u010dan\u016f ofici\u00e1ln\u011b potvrzen jako kandid\u00e1t do nadch\u00e1zej\u00edc\u00edch prezidentsk\u00fdch voleb \u010cesk\u00e9 republiky. Jakl, kter\u00fd byl jedin\u00fdm kandid\u00e1tem, usp\u011bl ve v\u00edkendov\u00fdch prezidentsk\u00fdch prim\u00e1rk\u00e1ch a m\u016f\u017ee se tak o post uch\u00e1zet s podporou Svobodn\u00fdch.<\/p>\n","protected":false},"author":1,"featured_media":0,"comment_status":"open","ping_status":"open","sticky":false,"template":"","format":"standard","meta":{"ngg_post_thumbnail":0,"footnotes":""},"categories":[17],"tags":[],"class_list":["post-2202","post","type-post","status-publish","format-standard","hentry","category-jakl-president"],"_links":{"self":[{"href":"https:\/\/www.ladislavjakl.cz\/index.php?rest_route=\/wp\/v2\/posts\/2202","targetHints":{"allow":["GET"]}}],"collection":[{"href":"https:\/\/www.ladislavjakl.cz\/index.php?rest_route=\/wp\/v2\/posts"}],"about":[{"href":"https:\/\/www.ladislavjakl.cz\/index.php?rest_route=\/wp\/v2\/types\/post"}],"author":[{"embeddable":true,"href":"https:\/\/www.ladislavjakl.cz\/index.php?rest_route=\/wp\/v2\/users\/1"}],"replies":[{"embeddable":true,"href":"https:\/\/www.ladislavjakl.cz\/index.php?rest_route=%2Fwp%2Fv2%2Fcomments&post=2202"}],"version-history":[{"count":1,"href":"https:\/\/www.ladislavjakl.cz\/index.php?rest_route=\/wp\/v2\/posts\/2202\/revisions"}],"predecessor-version":[{"id":2203,"href":"https:\/\/www.ladislavjakl.cz\/index.php?rest_route=\/wp\/v2\/posts\/2202\/revisions\/2203"}],"wp:attachment":[{"href":"https:\/\/www.ladislavjakl.cz\/index.php?rest_route=%2Fwp%2Fv2%2Fmedia&parent=2202"}],"wp:term":[{"taxonomy":"category","embeddable":true,"href":"https:\/\/www.ladislavjakl.cz\/index.php?rest_route=%2Fwp%2Fv2%2Fcategories&post=2202"},{"taxonomy":"post_tag","embeddable":true,"href":"https:\/\/www.ladislavjakl.cz\/index.php?rest_route=%2Fwp%2Fv2%2Ftags&post=2202"}],"curies":[{"name":"wp","href":"https:\/\/api.w.org\/{rel}","templated":true}]}}