{"id":2207,"date":"2012-06-26T14:31:14","date_gmt":"2012-06-26T12:31:14","guid":{"rendered":"http:\/\/www.ladislavjakl.cz\/?p=2207"},"modified":"2012-07-02T14:35:10","modified_gmt":"2012-07-02T12:35:10","slug":"proc-jakl-kandiduje-na-prezidenta-z-te-kolekce-bych-si-nevybral","status":"publish","type":"post","link":"https:\/\/www.ladislavjakl.cz\/?p=2207","title":{"rendered":"Pro\u010d Jakl kandiduje na prezidenta: Z t\u00e9 kolekce bych si nevybral"},"content":{"rendered":"<p>Ladislav Jakl se rozhodl kandidovat na prezidenta ve chv\u00edli, kdy si  v\u0161iml, jac\u00ed jsou \u201emedi\u00e1ln\u00ed favorit\u00e9\u201c. S\u00e1m by si z ohl\u00e1\u0161en\u00fdch kandid\u00e1t\u016f  pr\u00fd nevybral. Vad\u00ed mu v\u0161ak, kdy\u017e mu kritici p\u00ed\u0161\u00ed, co si to v\u016fbec  dovoluje, \u017ee si mysl\u00ed na nejvy\u0161\u0161\u00ed post v zemi.<\/p>\n<p><!--more-->&#8222;Mnoh\u00e9 pohor\u0161uje u\u017e ta p\u0159edstava, \u017ee by v\u016fbec v nab\u00edzen\u00e9 kolekci mohl  b\u00fdt n\u011bkdo, kdo je v jejich o\u010d\u00edch jako jedno plesniv\u00e9 raj\u010de, od kter\u00e9ho  se mohou nakazit ostatn\u00ed. Politika je p\u0159ece otev\u0159en\u00e1 sout\u011b\u017e, stejn\u011b jako  p\u0159\u00edm\u00e1 volba (&#8230;). M\u00edsto, aby si n\u011bkte\u0159\u00ed lid\u00e9 \u0159ekli: Jakl je blbec, u  m\u011b \u017e\u00e1dnou \u0161anci nem\u00e1 &#8211; co\u017e je naprosto v po\u0159\u00e1dku &#8211; k\u0159i\u010d\u00ed: co si to v\u016fbec  dovoluje?&#8220; uvedl v rozhovoru pro MF Dnes Ladislav Jakl.<\/p>\n<p>Ned\u00e1vno ozn\u00e1mil svoji kandidaturu na prezidenta za Stranu Svobodn\u00fdch  ob\u010dan\u016f. Od t\u00e9 chv\u00edle mu pr\u00fd p\u00ed\u0161\u00ed jeho odp\u016frci, &#8222;stovky lid\u00ed na v\u0161ech  mo\u017en\u00fdch internetech, diskus\u00edch, e-mailech a tak d\u00e1le&#8220;, aby na to ani  nemyslel.<\/p>\n<p>Vy\u010d\u00edtaj\u00ed mu nap\u0159\u00edklad, \u017ee pro \u010ceskou republiku zat\u00edm nic nevykonal.  &#8222;Mysl\u00edm, \u017ee pro lidi, kte\u0159\u00ed mi dnes vyjad\u0159uj\u00ed podporu, jsem u\u017e n\u011bco  vykonal,&#8220; vzkazuje jim sou\u010dasn\u00fd tajemn\u00edk prezidenta. Spolu s t\u00edm  p\u0159ipustil, \u017ee ale nikdy nebyl v politicky v\u00fdznamn\u00e9 funkci a &#8222;vahou sv\u00fdch  v\u00fdkon\u016f&#8220; se nem\u016f\u017ee s Milo\u0161em Zemanem srovn\u00e1vat.<\/p>\n<p>&#8222;Zase v\u00edm, \u017ee ve v\u0161ech rol\u00edch, v kter\u00fdch jsem byl, jsem hodn\u011b  konzistentn\u011b a vytrvale prosazoval ur\u010dit\u00e9 my\u0161lenky, kter\u00e9 si to  zasluhuj\u00ed a kter\u00e9 nikdo v\u00fdrazn\u011b neprosazuje. To znamen\u00e1 chr\u00e1nit svobodu  \u010dlov\u011bka p\u0159ed r\u016fzn\u00fdmi n\u00e1siln\u00fdmi etatizmy, a\u0165 vych\u00e1zej\u00ed odkudkoliv,&#8220; br\u00e1n\u00ed  se Jakl.<\/p>\n<p>Impulsem ke kandidatu\u0159e mu v\u0161ak byl pohled na konkurenty. Je\u0161t\u011b p\u0159ed  rokem se do politiky moc nehrnul. &#8222;Tehdy je\u0161t\u011b nebyla zaveden\u00e1 p\u0159\u00edm\u00e1  volba prezidenta. Taky tehdy nebyl takov\u00fd bezprost\u0159edn\u00ed dojem z t\u00e9  kolekce medi\u00e1ln\u00edch favorit\u016f, ve kter\u00e9 bych si jako voli\u010d nevybral,&#8220;  uzav\u00edr\u00e1.<\/p>\n<p><a href=\"http:\/\/www.parlamentnilisty.cz\/arena\/monitor\/Proc-Jakl-kandiduje-na-prezidenta-Z-te-kolekce-bych-si-nevybral-237463\">Zdroj<\/a><\/p>\n","protected":false},"excerpt":{"rendered":"<p>Ladislav Jakl se rozhodl kandidovat na prezidenta ve chv\u00edli, kdy si v\u0161iml, jac\u00ed jsou \u201emedi\u00e1ln\u00ed favorit\u00e9\u201c. S\u00e1m by si z ohl\u00e1\u0161en\u00fdch kandid\u00e1t\u016f pr\u00fd nevybral. Vad\u00ed mu v\u0161ak, kdy\u017e mu kritici p\u00ed\u0161\u00ed, co si to v\u016fbec dovoluje, \u017ee si mysl\u00ed na nejvy\u0161\u0161\u00ed post v zemi.<\/p>\n","protected":false},"author":1,"featured_media":0,"comment_status":"open","ping_status":"open","sticky":false,"template":"","format":"standard","meta":{"ngg_post_thumbnail":0,"footnotes":""},"categories":[17],"tags":[],"class_list":["post-2207","post","type-post","status-publish","format-standard","hentry","category-jakl-president"],"_links":{"self":[{"href":"https:\/\/www.ladislavjakl.cz\/index.php?rest_route=\/wp\/v2\/posts\/2207","targetHints":{"allow":["GET"]}}],"collection":[{"href":"https:\/\/www.ladislavjakl.cz\/index.php?rest_route=\/wp\/v2\/posts"}],"about":[{"href":"https:\/\/www.ladislavjakl.cz\/index.php?rest_route=\/wp\/v2\/types\/post"}],"author":[{"embeddable":true,"href":"https:\/\/www.ladislavjakl.cz\/index.php?rest_route=\/wp\/v2\/users\/1"}],"replies":[{"embeddable":true,"href":"https:\/\/www.ladislavjakl.cz\/index.php?rest_route=%2Fwp%2Fv2%2Fcomments&post=2207"}],"version-history":[{"count":1,"href":"https:\/\/www.ladislavjakl.cz\/index.php?rest_route=\/wp\/v2\/posts\/2207\/revisions"}],"predecessor-version":[{"id":2208,"href":"https:\/\/www.ladislavjakl.cz\/index.php?rest_route=\/wp\/v2\/posts\/2207\/revisions\/2208"}],"wp:attachment":[{"href":"https:\/\/www.ladislavjakl.cz\/index.php?rest_route=%2Fwp%2Fv2%2Fmedia&parent=2207"}],"wp:term":[{"taxonomy":"category","embeddable":true,"href":"https:\/\/www.ladislavjakl.cz\/index.php?rest_route=%2Fwp%2Fv2%2Fcategories&post=2207"},{"taxonomy":"post_tag","embeddable":true,"href":"https:\/\/www.ladislavjakl.cz\/index.php?rest_route=%2Fwp%2Fv2%2Ftags&post=2207"}],"curies":[{"name":"wp","href":"https:\/\/api.w.org\/{rel}","templated":true}]}}