{"id":2209,"date":"2012-06-25T14:38:49","date_gmt":"2012-06-25T12:38:49","guid":{"rendered":"http:\/\/www.ladislavjakl.cz\/?p=2209"},"modified":"2012-07-02T14:39:06","modified_gmt":"2012-07-02T12:39:06","slug":"politika-hleda-talent-aneb-nechcete-delat-prezidenta","status":"publish","type":"post","link":"https:\/\/www.ladislavjakl.cz\/?p=2209","title":{"rendered":"Politika hled\u00e1 talent aneb nechcete d\u011blat prezidenta?"},"content":{"rendered":"<p>Do p\u0159\u00edm\u00e9 volby prezidenta zb\u00fdv\u00e1 je\u0161t\u011b v\u00edce ne\u017e p\u016fl  roku, p\u0159esto zn\u00e1me  ji\u017e celou \u0159adu prezidentsk\u00fdch kandid\u00e1t\u016f. I kdy\u017e by se  mohlo zd\u00e1t, \u017ee  p\u0159i kandidatu\u0159e tolika lid\u00ed je z \u010deho vyb\u00edrat, tak opak  je pravdou. Je  pom\u011brn\u011b zaj\u00edmav\u00e9, \u017ee m\u00e9dia zat\u00edm kandid\u00e1ty v\u016fbec  nehodnot\u00ed kriticky a  sp\u00ed\u0161e jdou po senzac\u00edch typu &#8222;jako prvn\u00ed v\u00edme, \u017ee  ten a ten chce  kandidovat tak\u00e9&#8220;.<\/p>\n<p><!--more--><\/p>\n<p>To \u010deho se mnoz\u00ed lid\u00e9 b\u00e1li, se stalo  pravdou. Z volby prezidenta je show typu &#8222;\u010ceskoslovensko hled\u00e1 talent&#8220; a  je v\u00edce ne\u017e pravd\u011bpodobn\u00e9, \u017ee do fin\u00e1le se dostane \u010dlov\u011bk, kter\u00fd bude  m\u00edt v\u00edce pen\u011bz na kampa\u0148, v\u00edce billboard\u016f kolem silnic \u010di v\u00edce vyhran\u011bn\u00e9  n\u00e1zory. Je podivuhodn\u00e9 kolika lidem unik\u00e1, \u017ee post prezidenta je v  \u00fastavn\u00edm syst\u00e9mu \u010cR velmi slab\u00fd a je to t\u00e9m\u011b\u0159 tzv. &#8222;poklada\u010d v\u011bnc\u016f&#8220;, i  kdy\u017e V\u00e1clav Klaus jde velmi r\u00e1d a\u017e na hranici (a n\u011bkdy za) sv\u00fdch  \u00fastavn\u00edch kompetenc\u00ed. Mnoho lid\u00ed si dokonce mysl\u00ed, \u017ee prezident je ten,  kdo pom\u016f\u017ee zlep\u0161it jejich situaci, a proto jsem velmi zv\u011bdav, kter\u00fd z  kandid\u00e1t\u016f za\u010dne jako prvn\u00ed slibovat nesplniteln\u00e9.<\/p>\n<p><a name=\"t2\"><\/a><\/p>\n<p><strong>Jan Fischer<\/strong> &#8211; mnoh\u00fdmi pr\u016fzkumy (i kdy\u017e jim nep\u0159ikl\u00e1d\u00e1m valn\u00e9ho v\u00fdznamu)  nejfavorizovan\u011bj\u0161\u00ed kandid\u00e1t. Ot\u00e1zkou je pro\u010d. Fischer je \u010dlov\u011bk, kter\u00fd  byl dosazen jako premi\u00e9r do \u00fa\u0159ednick\u00e9 vl\u00e1dy, kter\u00e1 pouze udr\u017eovala v  zemi bez jak\u00e9koliv politick\u00e9 ambice. Je v\u0161eobecn\u011b zn\u00e1mo, \u017ee pr\u00e1v\u011b  neutr\u00e1ln\u00ed kandid\u00e1ti jsou nejpopul\u00e1rn\u011bj\u0161\u00ed a to ani ne tak z d\u016fvodu sv\u00fdch  osobn\u00edch kvalit, jako sp\u00ed\u0161e proto, \u017ee &#8222;nikomu nevad\u00ed&#8220;. D\u016fle\u017eit\u00e9 je si  ov\u0161em uv\u011bdomit, \u017ee Jan Fischer po sv\u00e9m odchodu z politiky zakotvil u  v\u00fdznamn\u00e9 evropsk\u00e9 instituce a nem\u011bl jak\u00e9koliv politick\u00e9 ambice. P\u0159esto,  kdy\u017e se uk\u00e1zalo, \u017ee je zde politick\u00e1 v\u016fle k prosazen\u00ed p\u0159\u00edm\u00e9 volby, tak  Fischer v\u011bdom si sv\u00e9 popularity p\u0159isp\u011bchal snad jako prvn\u00ed se svou  kandidaturou. Zaj\u00edmav\u00e1 zm\u011bna postoje, z \u010dlov\u011bka, kter\u00fd d\u011blal politiku  jen proto, \u017ee musel (a prakticky bez politick\u00e9 zodpov\u011bdnosti) obrat o  180 stup\u0148\u016f a\u017e k nejvy\u0161\u0161\u00ed \u00fastavn\u00ed funkci. U Fischera nav\u00edc nikdo nev\u00ed o  jeho skute\u010dn\u00fdch n\u00e1zorech. V kulo\u00e1rech se mluvilo o jeho bl\u00edzkosi k ODS  \u010di TOP 09, ov\u0161em toto nikdy nepotvrdil a nikdy ani ne\u0159ekl, jak\u00e1 politika  je mu bl\u00edzk\u00e1. Jak p\u0159\u00edhodn\u00e9 pro kandid\u00e1ta, kter\u00fd nikomu nechce vadit.  M\u016f\u017eete nam\u00edtat, \u017ee prezident m\u00e1 b\u00fdt neutr\u00e1ln\u00ed. To jist\u00e9 m\u00e1, ov\u0161em stejn\u011b  tak by m\u011bl b\u00fdt up\u0159\u00edmn\u00fd a \u0159\u00edct sv\u016fj sv\u011bton\u00e1zor. V internetov\u00fdch  diskuz\u00edch je tak\u00e9 mohutn\u011b prop\u00edr\u00e1na jeho komunistick\u00e1 minulost, doktor\u00e1t  ze statistiky (i p\u0159es jeho \u017eidovsk\u00fd p\u016fvod) a dal\u0161\u00ed v\u011bci. Komunistickou  minulost (bohu\u017eel chce se \u0159\u00edct) m\u00e1 drtiv\u00e1 v\u011bt\u0161ina kandid\u00e1t\u016f, co\u017e je samo  o sob\u011b trochu produktem doby. Jan Fischer je bezpochyby slu\u0161n\u00fd \u010dlov\u011bk,  ov\u0161em je tu ot\u00e1zka ohledn\u011b jeho n\u00e1zor\u016f a ot\u00e1zka jeho minulosti. Mo\u017en\u00e1,  \u017ee na v\u011bt\u011b Mirka Topol\u00e1nka, \u017ee &#8222;uhne, kdy\u017e jde do tuh\u00e9ho&#8220; n\u011bco bude.<\/p>\n<p><strong>Jan \u0160vejnar<\/strong> &#8211; druh\u00fd mu\u017e pr\u016fzkum\u016f. \u010clov\u011bk, kter\u00fd v  nads\u00e1zce \u0159e\u010deno, p\u0159ijede do \u010cR jen kdy\u017e se n\u011bco d\u011bje. Nic proti jeho  americk\u00e9mu ob\u010danstv\u00ed ani tomu, \u017ee je to uzn\u00e1van\u00fd profesor na Michigansk\u00e9  univerzit\u011b, ale je s podivem, \u017ee chce b\u00fdt prezidentem \u010cR, kdy\u017e zde  p\u0159\u00edli\u0161 mnoho \u010dasu netr\u00e1v\u00ed. \u0160vejnar m\u00e1 bezpochyby nedostatek charismatu,  politicky je sp\u00ed\u0161e nalevo a u\u017e se o prezidentv\u00ed tak\u00e9 jednou uch\u00e1zel.  Jako jeden z m\u00e1la nem\u00e1 komunistickou minulost, co\u017e je do zna\u010dn\u00e9 m\u00edry  d\u016fsledkem jeho emigrace. Je to tak\u00e9 napohled slu\u0161n\u00fd \u010dlov\u011bk, kter\u00fd stejn\u011b  jako Jan Fischer netrp\u00ed \u017e\u00e1dn\u00fdm nabub\u0159el\u00fdm politick\u00fdm stylem a je jasn\u00e9,  \u017ee by prezidentskou funkci vykon\u00e1val \u00fapln\u011b jinak, ne\u017e V\u00e1clav Klaus.  P\u0159esto \u0160vejnar pravd\u011bpodobn\u011b nen\u00ed rozen\u00fdm l\u00eddrem a nen\u00ed to natolik siln\u00e1  osobnost, kter\u00e1 by mohla \u010cR v\u00e9st. Trp\u00ed podobn\u00fdm syndromem jako Jan  Fischer, \u017ee &#8222;nikomu nevad\u00ed&#8220;. Stejn\u011b jako u Fischera je znepokojiv\u00e9, \u017ee  \u010dlov\u011bk, kter\u00fd politicky dok\u00e1zal je\u0161t\u011b m\u00e9n\u011b, ne\u017e prvn\u011b jmenovan\u00fd sah\u00e1  hned po nejvy\u0161\u0161\u00ed \u00fastavn\u00ed funkci. Kdy\u017e u\u017e nic, tak je op\u011bt velmi m\u00e1lo  \u010diteln\u00fd a neprov\u011b\u0159en\u00fd \u010deskou politickou sc\u00e9nou (co\u017e ov\u0161em mo\u017en\u00e1 je i  v\u00fdhoda).<\/p>\n<p><strong>Karel Schwarzenberg<\/strong> &#8211; kandid\u00e1t TOP 09, bez  komunistick\u00e9 minulosti, prov\u011b\u0159en\u00fd \u010deskou politickou sc\u00e9noum a  respektovan\u00fd v zahrani\u010d\u00ed. Zd\u00e1lo by se, \u017ee Schwarzenberg je ide\u00e1ln\u00ed  kandid\u00e1t. Ov\u0161em mezi z\u00e1pory lze za\u0159adit jednozna\u010dn\u011b jeho v\u011bk. U\u017e dneska  se zd\u00e1, \u017ee Schwarzenberg lidov\u011b \u0159e\u010deno nest\u00edh\u00e1, v Poslaneck\u00e9 sn\u011bmovn\u011b si  r\u00e1d zd\u0159\u00edmne (co\u017e mu na v\u00e1\u017enosti opravdu nep\u0159id\u00e1v\u00e1) a jeho taktovku v  TOP 09 od za\u010d\u00e1tku p\u0159ebral Miroslav Kalousek. Ob\u010das i p\u0159i rozhovorech  m\u00edv\u00e1m pocit, \u017ee je trochu mimo. Druhou v\u011bc\u00ed, kter\u00e1 by lidem mohla vadit  je jeho \u0161patn\u00e1 artikulace \u010di polon\u011bmeck\u00fd p\u016fvod. Samoz\u0159ejm\u011b jsou to  malichernosti, p\u0159esto Schwarzenberg nen\u00ed favoritem u\u017e proto, \u017ee je  kandid\u00e1tem jedn\u00e9 z koali\u010dn\u00edch stran a tak\u00e9 proto, \u017ee mnoho lid\u00ed je  nacionalisticky zam\u011b\u0159eno. P\u0159esto stejn\u011b jako p\u0159edchoz\u00ed kandid\u00e1ti je  Schwarzenberg nekontroverzn\u00ed a veskrze slu\u0161n\u00fd a poctiv\u00fd.<br \/>\n<strong>Milo\u0161 Zeman &#8211;<\/strong> kandid\u00e1t SPOZ, jezevec z vyso\u010diny a  politik, kter\u00fd z politiky doch\u00e1zel a vracel se do n\u00ed skoro se stejnou  frekvenc\u00ed jako Dominik Ha\u0161ek k hokeji. Milo\u0161 Zeman m\u00e1 jednozna\u010dn\u011b  okouzluj\u00edc\u00ed charisma, kter\u00fdm smete ostatn\u00ed kandid\u00e1ty a je t\u00e9m\u011b\u0159 jist\u00e9,  \u017ee v televizn\u00edch debat\u00e1ch si z\u00edsk\u00e1 mnoho p\u0159\u00edvr\u017eenc\u016f. Milo\u0161 Zeman je tak\u00e9  poctiv\u00fd \u010dlov\u011bk, kter\u00fd pravd\u011bpodobn\u011b nikdy neukradl ani korunu, p\u0159esto\u017ee  se v \u010desk\u00e9 politice pohybuje u\u017e p\u0159es dvacet let (co\u017e je samo o sob\u011b  mal\u00fd z\u00e1zrak). Probl\u00e9mem jsou sp\u00ed\u0161e lid\u00e9 kolem Zemana v\u010dele s lobbistou s  konexemi v Rusku Miroslavem \u0160loufem. P\u0159edstava, \u017ee na hrad\u011b bude m\u00edsto  Jakla s H\u00e1jkem \u0160louf je lehce d\u011bsiv\u00e1. Lid\u00e9 v \u010cR maj\u00ed takt\u00e9\u017e docela  kr\u00e1tkou pam\u011b\u0165, je d\u016fle\u017eit\u00e9 nezapom\u00ednat na opozi\u010dn\u00ed smlouvu, kdy se za  Zemanovy vl\u00e1dy rozjela korupce ve velk\u00e9m a mnoh\u00e9 korup\u010dn\u00ed chobotnice  p\u0159etrvaly dodnes. Je t\u011b\u017ek\u00e9 si z\u00e1rove\u0148 p\u0159edstavit, jak by si Zeman se  svou neomalenost\u00ed vedl v zahrani\u010dn\u00edch a diplomatick\u00fdch vztaz\u00edch (kter\u00e9  jsou mo\u017en\u00e1 t\u00edm nejd\u016fle\u017eit\u011bj\u0161\u00edm ve funkci prezidenta).<\/p>\n<p><strong>P\u0159emysl Sobotka<\/strong> &#8211; Sobotka prakticky nem\u00e1 \u0161anci na  v\u00fdhru. Je sice velmi pravd\u011bpodobn\u00e9, \u017ee bude nominantem ODS (co\u017e jen  sv\u011bd\u010d\u00ed o neuv\u011b\u0159iteln\u00e9 person\u00e1ln\u00ed vyprahlosti nejsiln\u011bj\u0161\u00ed pravicov\u00e9  strany), ale nen\u00ed nijak zvl\u00e1\u0161\u0165 popul\u00e1rn\u00ed a je dost mo\u017en\u00e9, \u017ee ho nebudou  volit ani pravov\u011brn\u00ed voli\u010di ODS. Sobotka nem\u00e1 charisma, je nev\u00fdrazn\u00fd a  politicky veskrze pr\u016fm\u011brn\u00fd. Post p\u0159edsedy sen\u00e1tu sice zvl\u00e1dal dob\u0159e,  jako reprezentant cel\u00e9 zem\u011b by pravd\u011bpodobn\u011b neud\u011blal mnoho p\u0159e\u0161lap\u016f,  p\u0159esto v t\u00e9to volb\u011b budou asi rozhodovat jin\u00e9 vlastnosti. Samotn\u00fd  nez\u00e1jem \u010dlen\u016f ODS o prezidentsk\u00e9 prim\u00e1rky sv\u011bd\u010d\u00ed o tom, \u017ee pravd\u011bpodobn\u011b  ani nebudou pro sv\u00e9ho kandid\u00e1ta hlasovat. Sobotkovi paradoxn\u011b nejv\u00edce  \u0161kod\u00ed pr\u00e1v\u011b jeho \u010dlenstv\u00ed a nominace ODS, proto\u017ee tato strana nen\u00ed dnes  zrovna nejpopul\u00e1rn\u011bj\u0161\u00ed a on jako osobnost toto nedok\u00e1\u017ee p\u0159eb\u00edt.<\/p>\n<p><strong>Ji\u0159\u00ed Dientsbier<\/strong> &#8211; stejn\u011b jako hlavn\u00ed kandid\u00e1t ODS,  tak i hlavn\u00ed kandid\u00e1t \u010cSSD pravd\u011bpodobn\u011b neusp\u011bje. Dienstbier sice je  sou\u010dasn\u00fdm nejpopul\u00e1rn\u011bj\u0161\u00edm politikem, ale nutno \u0159\u00edct, \u017ee v\u011bt\u0161ina  ostatn\u00edch kandid\u00e1t\u016f v t\u00e9to statistice zahrnuta nen\u00ed. Jeho velk\u00fdm z\u00e1porem  je jeho ml\u00e1d\u00ed, kdy po chv\u00edli na pra\u017esk\u00e9 radnici a v sen\u00e1tu by r\u00e1d na  Hrad. Stejn\u011b tak pravd\u011bpodobn\u011b mnoho lid\u00ed odrad\u00ed jeho pom\u011brn\u011b kladn\u00fd  vztah ke KS\u010cM, kdy se n\u011bkolikr\u00e1t ve\u0159ejn\u011b p\u0159ihl\u00e1sil k mo\u017en\u00e9 spolupr\u00e1ci.  Jan \u0160vejnar si proz\u0159eteln\u011b svou pozici odchodem od \u010cSSD vylep\u0161il.  Dientsbier takovou mo\u017enost nem\u00e1 a i to je jeden z d\u016fvod\u016f, pro\u010d do  hlavn\u00edch boj\u016f pravd\u011bpodobn\u011b nezas\u00e1hne.<\/p>\n<p><strong>Zuzana Roithov\u00e1<\/strong> &#8211; kandid\u00e1tka lidovc\u016f m\u00e1 podle m\u011b  n\u011bkolik probl\u00e9m\u016f, kter\u00e9 ji ve volb\u011b nepom\u016f\u017eou. P\u0159edev\u0161\u00edm je kandid\u00e1tkou  nep\u0159\u00edli\u0161 popul\u00e1rn\u00edch lidovc\u016f, kte\u0159\u00ed maj\u00ed sami probl\u00e9m se vyprofilovat  (jednou jsou levicov\u00ed, jednou pravicov\u00ed), je tak\u0159\u00edkaj\u00edc &#8222;za\u0161it\u00e1&#8220; v  Evropsk\u00e9m parlamentu (o kter\u00e9m up\u0159\u00edmn\u011b moc lid\u00ed p\u0159ehled nem\u00e1) a tak\u00e9 (a  neberte m\u011b jako \u0161ovinistu) je \u017eena. Mnoho ob\u010dan\u016f \u010cR je velmi  konzervativn\u00edch a mysl\u00edm, \u017ee \u010desk\u00e1 spole\u010dnost mus\u00ed uj\u00edt je\u0161t\u011b dlouhou  cestu, ne\u017e si do \u010dela bez p\u0159edsudk\u016f zvol\u00ed \u017eenu. Tradice mu\u017esk\u00fdch  prezident\u016f je u n\u00e1s velmi siln\u00e1, co\u017e bude pravd\u011bpodobn\u011b h\u0159eb\u00edkem do  rakve jej\u00edch \u0161anc\u00ed.<\/p>\n<p><strong>Jana Bobo\u0161\u00edkov\u00e1<\/strong> &#8211; BoBo m\u016f\u017ee oslovit sp\u00ed\u0161e  radik\u00e1ln\u011bji sm\u00fd\u0161lej\u00edc\u00ed voli\u010de (kter\u00fdch je rozhodn\u011b men\u0161ina), d\u00e1le pro ni  plat\u00ed to sam\u00e9 co pro Roithovou (p\u0159edev\u0161\u00edm nev\u00fdhody jej\u00edho pohlav\u00ed).  Bobo\u0161\u00edkov\u00e1 nav\u00edc v politice prakticky v\u016fbec nic nedok\u00e1zala, je velmi  ne\u010diteln\u00e1 a mnoh\u00fdm lidem p\u0159ijde jako populistka a feministka. Vyhran\u011bn\u00fd  kandid\u00e1t sice m\u00e1 \u0161anci oslovit voli\u010de, ale p\u0159\u00edli\u0161n\u00e1 vyhran\u011bnost jako zde  je sp\u00ed\u0161e na\u0161kodu. Bude velmi zaj\u00edmav\u00e9 ji sledovat v televizn\u00edch  debat\u00e1ch.<\/p>\n<p><strong>Ladislav Jakl<\/strong> &#8211; kandid\u00e1t liber\u00e1ln\u00edch Svobodn\u00fdch,  kter\u00fd je pupe\u010dn\u00ed \u0161\u0148\u016frou spojen s V\u00e1clavem Klausem. Ro\u0161\u00e1da v Rusk\u00e9m stylu  se pravd\u011bpodobn\u011b konat nebude. Jakl je sice zn\u00e1m sv\u00fdmi vysoce  kontroverzn\u00edmi n\u00e1zory, av\u0161ak pro n\u011bj plat\u00ed to sam\u00e9 co pro Bobo\u0161\u00edkovou  (\u017ee v\u0161eho moc je p\u0159\u00edli\u0161). Mohl by zabodovat sv\u00fdmi kritick\u00fdmi n\u00e1zory na  EU (v \u010dem\u017e je jedin\u00fd ze sou\u010dasn\u00fdch kandid\u00e1t\u016f), ale tohle je asi m\u00e1lo na  n\u011bjak\u00fd v\u00fdrazn\u011bj\u0161\u00ed z\u00e1sah. Je ov\u0161em velmi pravd\u011bpodobn\u00e9, \u017ee jej budou  volit p\u0159\u00edznivci svobodn\u00fdch a mo\u017en\u00e1 velmi konzervativn\u00ed voli\u010di.<\/p>\n<p><strong>Tom\u00e1\u0161 Vandas<\/strong> &#8211; pro mnoh\u00e9 lidi je to sp\u00ed\u0161e recese,  ov\u0161em Vandas m\u00e1 prakticky jistou podporu DSSS a dal\u0161\u00edch p\u0159\u00edvr\u017eenc\u016f.  Jist\u011b si bude svou kampa\u0148 zakl\u00e1dat na populismu o EU, romech \u010di  p\u0159ist\u011bhovalc\u00edch, ov\u0161em je velmi nepravd\u011bpodobn\u00e9, \u017ee by mu toto vyneslo  v\u00fdrazn\u011bj\u0161\u00ed podporu, sp\u00ed\u0161e bude jeho v\u00fdsledek na \u00farovni v\u00fdsledku DSSS ve  volb\u00e1ch.<\/p>\n<p><strong>Vladim\u00edr Dlouh\u00fd<\/strong> &#8211; zat\u00edm nejpozd\u011bji ohl\u00e1\u0161en\u00fd  kandid\u00e1t, v devades\u00e1t\u00fdch letech velmi popul\u00e1rn\u00ed politik, kter\u00fd na del\u0161\u00ed  \u010das se\u0161el z o\u010d\u00ed, co\u017e by mu mohlo p\u0159in\u00e9st body navrch, av\u0161ak pro \u010d\u00e1st  lid\u00ed by tak\u00e9 mohl b\u00fdt neznam\u00fd (p\u0159edev\u0161\u00edm pro mlad\u0161\u00ed generaci) a  ne\u010diteln\u00fd. Je mu z\u010d\u00e1sti d\u00e1v\u00e1na za vinu privatizace. Mohl by ov\u010dem  st\u00e1hnout \u010d\u00e1st voli\u010d\u016f ODS, proto\u017ee je pravd\u011bpodobn\u011b v\u00fdrazn\u011bj\u0161\u00ed ne\u017e  Sobotka.<\/p>\n<p>Ostatn\u00ed kandid\u00e1ty jsem nepova\u017eoval za p\u0159\u00edli\u0161 relevantn\u00ed, stejn\u011b tak  je velmi pravd\u011bpodobn\u00e9, \u017ee dal\u0161\u00ed p\u0159ibudou. Na z\u00e1v\u011br je dobr\u00e9 \u0159\u00edct, \u017ee  cel\u00e1 tahle &#8222;show&#8220; n\u00e1s bude st\u00e1t kolem jedn\u00e9 miliardy korun, co\u017e je  nepochybn\u011b p\u011bkn\u00fd pen\u00edz. Je \u0161koda, \u017ee lid\u00e9 si tohle vymodlili a mysl\u00ed, \u017ee  t\u00edm, \u017ee zde budou dal\u0161\u00ed volby, tak se zv\u00fd\u0161\u00ed demokracie v \u010cR. P\u0159i  pohledu na kandid\u00e1ty je to mo\u017en\u00e1 je\u0161t\u011b chmurn\u011bj\u0161\u00ed. Samoz\u0159ejm\u011b lze  nam\u00edtat, \u017ee by si politici stejn\u011b zvolili n\u011bkoho podobn\u00e9ho. No pr\u00e1v\u011b.  Ale zadarmo. V\u011b\u0159\u00edm,\u017ee obyvatel\u00e9 zvol\u00ed moud\u0159e. To co jsem napsal v\u00fd\u0161e  jsou samoz\u0159ejm\u011b m\u00e9 subjektivn\u00ed dojmy, ka\u017ed\u00fd m\u00e1 pr\u00e1vo na jin\u00fd n\u00e1zor.  T\u00edmto jsem cht\u011bl jen pouk\u00e1zat, \u017ee zde prakticky nen\u00ed bezchybn\u00fd \u010di dobr\u00fd  kandid\u00e1t, a proto to bude stejn\u011b jako u voleb do PS volba z men\u0161\u00edho zla.  Na z\u00e1v\u011br si dovol\u00edm jeden odhad. Mysl\u00edm, \u017ee kdyby mohl V\u00e1clav Klaus  kandidovat, tak by byl schopen i vyhr\u00e1t. Co\u017e sp\u00ed\u0161e ne\u017e o jeho kvalit\u00e1ch  sv\u011bd\u010d\u00ed o kvalit\u00e1ch nyn\u011bj\u0161\u00ed konkurence.<\/p>\n<p><a href=\"http:\/\/www.parlamentnilisty.cz\/parlament\/vlada\/Klausuv-Jakl-O-Rathovy-miliony-v-krabici-ani-tak-nejde-Osvobodme-lidi-237155\" target=\"_blank\">Zdroj<\/a><\/p>\n","protected":false},"excerpt":{"rendered":"<p>Do p\u0159\u00edm\u00e9 volby prezidenta zb\u00fdv\u00e1 je\u0161t\u011b v\u00edce ne\u017e p\u016fl roku, p\u0159esto zn\u00e1me ji\u017e celou \u0159adu prezidentsk\u00fdch kandid\u00e1t\u016f. I kdy\u017e by se mohlo zd\u00e1t, \u017ee p\u0159i kandidatu\u0159e tolika lid\u00ed je z \u010deho vyb\u00edrat, tak opak je pravdou. Je pom\u011brn\u011b zaj\u00edmav\u00e9, \u017ee m\u00e9dia zat\u00edm kandid\u00e1ty v\u016fbec nehodnot\u00ed kriticky a sp\u00ed\u0161e jdou po senzac\u00edch typu &#8222;jako prvn\u00ed v\u00edme, [&hellip;]<\/p>\n","protected":false},"author":1,"featured_media":0,"comment_status":"open","ping_status":"open","sticky":false,"template":"","format":"standard","meta":{"ngg_post_thumbnail":0,"footnotes":""},"categories":[17],"tags":[],"class_list":["post-2209","post","type-post","status-publish","format-standard","hentry","category-jakl-president"],"_links":{"self":[{"href":"https:\/\/www.ladislavjakl.cz\/index.php?rest_route=\/wp\/v2\/posts\/2209","targetHints":{"allow":["GET"]}}],"collection":[{"href":"https:\/\/www.ladislavjakl.cz\/index.php?rest_route=\/wp\/v2\/posts"}],"about":[{"href":"https:\/\/www.ladislavjakl.cz\/index.php?rest_route=\/wp\/v2\/types\/post"}],"author":[{"embeddable":true,"href":"https:\/\/www.ladislavjakl.cz\/index.php?rest_route=\/wp\/v2\/users\/1"}],"replies":[{"embeddable":true,"href":"https:\/\/www.ladislavjakl.cz\/index.php?rest_route=%2Fwp%2Fv2%2Fcomments&post=2209"}],"version-history":[{"count":2,"href":"https:\/\/www.ladislavjakl.cz\/index.php?rest_route=\/wp\/v2\/posts\/2209\/revisions"}],"predecessor-version":[{"id":2211,"href":"https:\/\/www.ladislavjakl.cz\/index.php?rest_route=\/wp\/v2\/posts\/2209\/revisions\/2211"}],"wp:attachment":[{"href":"https:\/\/www.ladislavjakl.cz\/index.php?rest_route=%2Fwp%2Fv2%2Fmedia&parent=2209"}],"wp:term":[{"taxonomy":"category","embeddable":true,"href":"https:\/\/www.ladislavjakl.cz\/index.php?rest_route=%2Fwp%2Fv2%2Fcategories&post=2209"},{"taxonomy":"post_tag","embeddable":true,"href":"https:\/\/www.ladislavjakl.cz\/index.php?rest_route=%2Fwp%2Fv2%2Ftags&post=2209"}],"curies":[{"name":"wp","href":"https:\/\/api.w.org\/{rel}","templated":true}]}}