{"id":2212,"date":"2012-06-28T14:39:25","date_gmt":"2012-06-28T12:39:25","guid":{"rendered":"http:\/\/www.ladislavjakl.cz\/?p=2212"},"modified":"2012-07-02T14:40:41","modified_gmt":"2012-07-02T12:40:41","slug":"fragmenty-jasaji-nad-jaklem-slava-pravice-ma-koho-volit","status":"publish","type":"post","link":"https:\/\/www.ladislavjakl.cz\/?p=2212","title":{"rendered":"Fragmenty j\u00e1saj\u00ed nad Jaklem: Sl\u00e1va, pravice m\u00e1 koho volit"},"content":{"rendered":"<p>Na sv\u00e9m ned\u00e1vn\u00e9m celorepublikov\u00e9m sn\u011bmu zvolili Svobodn\u00ed sv\u00fdm kandid\u00e1tem  na prezidenta Ladislava Jakla, sou\u010dasn\u00e9ho osobn\u00edho tajemn\u00edka prezidenta  republiky a \u0159editele jeho politick\u00e9ho odboru. Jakl jejich nominaci  p\u0159ijal.<\/p>\n<p><!--more--><\/p>\n<p>Proklausovsk\u00fd server Fragmenty.cz tuto nominaci kvituj\u00ed s povd\u011bkem,  hovo\u0159\u00ed dokonce o z\u00e1zraku. &#8222;Stal se z\u00e1zrak! Ji\u017e jsme nedoufali, ale  kone\u010dn\u011b je\u00a0mezi kandid\u00e1ty na prezidenta opravdu pravicov\u00fd \u010dlov\u011bk  vyzn\u00e1vaj\u00edc\u00ed hodnoty svobody jednotlivce a minim\u00e1ln\u00edho st\u00e1tu,&#8220; p\u00ed\u0161\u00ed. Jakl  je podle nich \u010dlov\u011bk, kter\u00fd v\u00ed, co obn\u00e1\u0161\u00ed politick\u00e1 pr\u00e1ce doopravdy,  proto\u017ee je v neust\u00e1l\u00e9m kontaktu se sou\u010dasn\u00fdm prezidentem republiky  V\u00e1clavem Klausem. Nevid\u00ed proto jen jej\u00ed lesk, ale i tvrdou pr\u00e1ci, kter\u00e1  je skryt\u00e1 v pozad\u00ed.<\/p>\n<h4>Pot\u0159ebuje 50 tis\u00edc podpis\u016f<\/h4>\n<p>Nyn\u00ed Svobodn\u00ed pot\u0159ebuj\u00ed 50 tis\u00edc podpis\u016f pod petici za Jaklovu  kandidaturu na post prezidenta republiky. Fragmenty na sv\u00fdch str\u00e1nk\u00e1ch  vyb\u00edzej\u00ed \u010dten\u00e1\u0159e, aby sv\u00fdm podpisem jeho kandidaturu podpo\u0159ili. Server  tak\u00e9 nab\u00e1d\u00e1 \u010dten\u00e1\u0159e, aby si vytiskli peti\u010dn\u00ed arch a zajistili podpisy  lid\u00ed ze sv\u00e9ho okol\u00ed. Jen tak se bude moci Ladislav Jakl z\u00fa\u010dastnit  prezidentsk\u00e9 volby.<\/p>\n<p><a href=\"http:\/\/www.parlamentnilisty.cz\/arena\/monitor\/Fragmenty-jasaji-nad-Jaklem-Slava-pravice-ma-koho-volit-237341\">Zdroj<\/a><\/p>\n","protected":false},"excerpt":{"rendered":"<p>Na sv\u00e9m ned\u00e1vn\u00e9m celorepublikov\u00e9m sn\u011bmu zvolili Svobodn\u00ed sv\u00fdm kandid\u00e1tem na prezidenta Ladislava Jakla, sou\u010dasn\u00e9ho osobn\u00edho tajemn\u00edka prezidenta republiky a \u0159editele jeho politick\u00e9ho odboru. Jakl jejich nominaci p\u0159ijal.<\/p>\n","protected":false},"author":1,"featured_media":0,"comment_status":"open","ping_status":"open","sticky":false,"template":"","format":"standard","meta":{"ngg_post_thumbnail":0,"footnotes":""},"categories":[17],"tags":[],"class_list":["post-2212","post","type-post","status-publish","format-standard","hentry","category-jakl-president"],"_links":{"self":[{"href":"https:\/\/www.ladislavjakl.cz\/index.php?rest_route=\/wp\/v2\/posts\/2212","targetHints":{"allow":["GET"]}}],"collection":[{"href":"https:\/\/www.ladislavjakl.cz\/index.php?rest_route=\/wp\/v2\/posts"}],"about":[{"href":"https:\/\/www.ladislavjakl.cz\/index.php?rest_route=\/wp\/v2\/types\/post"}],"author":[{"embeddable":true,"href":"https:\/\/www.ladislavjakl.cz\/index.php?rest_route=\/wp\/v2\/users\/1"}],"replies":[{"embeddable":true,"href":"https:\/\/www.ladislavjakl.cz\/index.php?rest_route=%2Fwp%2Fv2%2Fcomments&post=2212"}],"version-history":[{"count":1,"href":"https:\/\/www.ladislavjakl.cz\/index.php?rest_route=\/wp\/v2\/posts\/2212\/revisions"}],"predecessor-version":[{"id":2213,"href":"https:\/\/www.ladislavjakl.cz\/index.php?rest_route=\/wp\/v2\/posts\/2212\/revisions\/2213"}],"wp:attachment":[{"href":"https:\/\/www.ladislavjakl.cz\/index.php?rest_route=%2Fwp%2Fv2%2Fmedia&parent=2212"}],"wp:term":[{"taxonomy":"category","embeddable":true,"href":"https:\/\/www.ladislavjakl.cz\/index.php?rest_route=%2Fwp%2Fv2%2Fcategories&post=2212"},{"taxonomy":"post_tag","embeddable":true,"href":"https:\/\/www.ladislavjakl.cz\/index.php?rest_route=%2Fwp%2Fv2%2Ftags&post=2212"}],"curies":[{"name":"wp","href":"https:\/\/api.w.org\/{rel}","templated":true}]}}