{"id":2233,"date":"2012-07-11T10:18:32","date_gmt":"2012-07-11T08:18:32","guid":{"rendered":"http:\/\/www.ladislavjakl.cz\/?p=2233"},"modified":"2012-07-16T13:09:18","modified_gmt":"2012-07-16T11:09:18","slug":"odpovedi-ladislava-jakla-na-otazky-reditele-prazske-hrdosti-poradatele-pochodu-homosexualu","status":"publish","type":"post","link":"https:\/\/www.ladislavjakl.cz\/?p=2233","title":{"rendered":"Odpov\u011bdi Ladislava Jakla na ot\u00e1zky \u0159editele Pra\u017esk\u00e9 hrdosti, po\u0159adatele pochodu homosexu\u00e1l\u016f"},"content":{"rendered":"<p>Ot\u00e1zky kladl: Czeslaw Walek, Chairman of the Board <a href=\"mailto:czeslaw@praguepride.com\" target=\"_blank\">czeslaw@praguepride.com<\/a> +420 737 461 542<\/p>\n<p><!--more--><strong>1. Kter\u00e9 z\u00e1sady pova\u017eujete za st\u011b\u017eejn\u00ed p\u0159i budov\u00e1n\u00ed otev\u0159en\u00e9 ob\u010dansk\u00e9 spole\u010dnosti?<\/strong><\/p>\n<p>Podle mne je ob\u010dansk\u00e1 spole\u010dnost a otev\u0159en\u00e1 spole\u010dnost protimluvem. Spole\u010dnost je bu\u010f ob\u010dansk\u00e1, nebo otev\u0159en\u00e1, jedno vylu\u010duje druh\u00e9. J\u00e1 jsem z\u00e1sadn\u00edm stoupencem konceptu spole\u010dnosti otev\u0159en\u00e9. Zat\u00edmco tzv. ob\u010dansk\u00e1 spole\u010dnost je zalo\u017eena na moci privilegovan\u00fdch skupin, kter\u00e9 si rozd\u011bl\u00ed st\u00e1t a ten pak spravuj\u00ed na \u00fakor sv\u00fdch z\u00e1jm\u016f bez demokratick\u00e9 kontroly, z\u00e1kladem otev\u0159en\u00e9 spole\u010dnosti je svobodn\u00fd \u010dlov\u011bk, sdru\u017euj\u00edc\u00ed se (nebo nesdru\u017euj\u00edc\u00ed se) zcela nez\u00e1visle na ve\u0159ejn\u00e9 moci. Ob\u010dansk\u00e1 spole\u010dnost je pro mne formou korporativismu, jeho\u017e p\u0159\u00edbuznou formou je fa\u0161ismus.<\/p>\n<p><strong> 2. Je pro V\u00e1s t\u00e9ma z\u00e1kazu diskriminace v\u00a0t\u00e9to souvislosti d\u016fle\u017eit\u00e9? <\/strong><\/p>\n<p>Obrat &#8222;z\u00e1kaz diskiminace&#8220; pova\u017euji za nesmysln\u00fd. Diskriminovat mohou pouze ve\u0159ejn\u00e9 instituce a u t\u011bch plat\u00ed, \u017ee co nemaj\u00ed povoleno \u010di dokonce na\u0159\u00edzeno, to maj\u00ed zak\u00e1z\u00e1no. Pozornost bych tedy od nesmysln\u00e9ho z\u00e1kazu obr\u00e1til na ty mo\u017en\u00e9 p\u0159\u00edpady, kdy ve\u0159ejn\u00e1 instituce prov\u00e1d\u00ed diskriminaci na z\u00e1klad\u011b pov\u011b\u0159en\u00ed (z\u00e1konem \u010di p\u0159episem). Jako p\u0159\u00edklad uvedu, \u017ee jist\u00e9\u00a0 prvky diskriminace spat\u0159uji v samotn\u00e9 existenci speci\u00e1ln\u00edch (d\u0159\u00edve zvl\u00e1\u0161tn\u00edch) \u0161kol.<\/p>\n<p><strong> 3. Jak budete ve Va\u0161\u00ed kampani\u00a0 p\u0159istupovat k t\u00e9matu soci\u00e1ln\u00edho vylou\u010den\u00ed?<\/strong><\/p>\n<p>Nem\u00e1m v \u00famyslu fragmentovat svou kampa\u0148 na jednotliv\u00e1 subt\u00e9mata. M\u00fdm z\u00e1kladn\u00edm \u017eivotn\u00edm t\u00e9matem je a z\u016fstane svoboda \u010dlov\u011bka. Soci\u00e1ln\u00ed vylou\u010den\u00ed je spole\u010densk\u00fd fenom\u00e9n. M\u00e1 mnoho p\u0159\u00ed\u010din a je zm\u00edrniteln\u00fd pouze na spole\u010densk\u00e9 \u00farovni: vlastn\u00ed \u017eivotn\u00ed prax\u00ed.<\/p>\n<p><strong>4. Mysl\u00edte si, \u017ee demonstrace D\u011blnick\u00e9 strany soci\u00e1ln\u00ed spravedlnosti a jejich nar\u016fstaj\u00edc\u00ed podpora m\u00edstn\u00edho obyvatelstva, jsou soci\u00e1ln\u00edm nebo etnick\u00fdm probl\u00e9mem?<\/strong><\/p>\n<p>Nemysl\u00edm, \u017ee by jak\u00e1koli demonstrace mohla b\u00fdt probl\u00e9mem, i kdy\u017e se mi jej\u00ed projevy nemusej\u00ed l\u00edbit. Pokud p\u0159i n\u00ed ov\u0161em nen\u00ed poru\u0161ov\u00e1n z\u00e1kon \u010di pr\u00e1va jin\u00fdch subjekt\u016f. Podpora obyvatel r\u016fzn\u00fdm snadn\u00fdm \u0159e\u0161en\u00edm probl\u00e9mem je, ale op\u011bt spole\u010densk\u00fdm. Nic jin\u00e9ho ne\u017e dlouhodob\u00e9 p\u016fsoben\u00ed t\u011bch, co na snadn\u00e1 \u0159e\u0161en\u00ed nev\u011b\u0159\u00ed, v t\u00e9to v\u011bci pomoci nem\u016f\u017ee.<\/p>\n<p><strong>5. Mysl\u00edte si, \u017ee je t\u0159eba prosazovat aktivn\u00ed n\u00e1stroje (pr\u00e1vn\u00ed a syst\u00e9mov\u00e9)\u00a0v\u00a0boji s\u00a0homofobi\u00ed a rasismem?<\/strong><\/p>\n<p>Ne. Je v\u011bc\u00ed ka\u017ed\u00e9ho, pokud poci\u0165uje k n\u011b\u010demu odpor \u010di m\u00e1-li z n\u011b\u010deho strach. Pokud ho strach \u010di odpor vede k protipr\u00e1vn\u00edmu jedn\u00e1n\u00ed, pak st\u00e1t mus\u00ed konat stejn\u011b jako ve v\u0161ech p\u0159\u00edpadech poru\u0161en\u00ed pr\u00e1va, bez ohledu na motivaci p\u016fvodce nez\u00e1konn\u00e9ho jedn\u00e1n\u00ed.<\/p>\n<p><strong>6. Hodl\u00e1te se ve sv\u00e9 kampani zam\u011b\u0159it t\u00e9ma mezigenera\u010dn\u00ed solidarity nebo\/a gendrov\u00e9 rovnosti? Pokud ano jak chcete tyto t\u00e9mata uchopit?<\/strong><\/p>\n<p>Genderovou rovnost neuzn\u00e1v\u00e1m. Dokonce jsem p\u0159esv\u011bd\u010den, \u017ee jej\u00ed prosazov\u00e1n\u00ed je pro spole\u010dnost zlem. Mezigenera\u010dn\u00ed solidaritu pova\u017euji za d\u016fle\u017eit\u00fd pozitivn\u00ed soci\u00e1ln\u00ed fenom\u00e9n. Zde by m\u011bl ka\u017ed\u00fd za\u010d\u00edt p\u0159edev\u0161\u00edm u sebe.<\/p>\n<p><strong> 7. Jak\u00fd je V\u00e1\u0161 n\u00e1zor na zrovnopr\u00e1vn\u011bn\u00ed vztah\u016f rodinn\u00e9 povahy &#8211;\u00a0otev\u0159en\u00ed man\u017eelstv\u00ed stejnopohlavn\u00edm p\u00e1r\u016fm a otev\u0159en\u00ed registrovan\u00e9ho partnerstv\u00ed heterosexu\u00e1ln\u00edm p\u00e1r\u016fm?\u00a0Pokud\u00a0se stanete prezidentem \u010cR, podpo\u0159\u00edte n\u00e1vrh z\u00e1kona, kter\u00fd rodinn\u00e9 pr\u00e1vo t\u00edmto zp\u016fsobem bude upravovat?<br \/>\n<\/strong><br \/>\nZrovnopr\u00e1vn\u011bn\u00ed je v t\u00e9to souvislosti nesmysln\u00fdm term\u00ednem. Takov\u00fd term\u00edn m\u00e1 smysl pouze tehdy, jde-li o &#8222;pr\u00e1vo&#8220;. Pak lze prosazovat, aby bylo rovn\u00e9. U man\u017eelstv\u00ed nejde o pr\u00e1vo ale\u00a0 o privilegium, kter\u00e9 st\u00e1t ud\u011bluje s jist\u00fdm c\u00edlem a za jist\u00fdch podm\u00ednek. Um\u00edm si p\u0159edstavit, \u017ee by st\u00e1t takov\u00e1 privilegia neud\u011bloval. Ale byl bych proti, kdyby se je sna\u017eil roz\u0161i\u0159ovat tam, kde jsou tyto c\u00edle a podm\u00ednky p\u0159inejmen\u0161\u00edm sporn\u00e9.<\/p>\n<p><strong>8. Jak\u00fd je V\u00e1\u0161 n\u00e1zor na zlegalizov\u00e1n\u00ed adopce biologick\u00e9ho potomka partnera\/ky, p\u0159\u00edpadn\u011b legalizaci individu\u00e1ln\u00edch i spole\u010dn\u00fdch adopc\u00ed stejnopohlavn\u00edch p\u00e1r\u016f v registrovan\u00e9m partnerstv\u00ed?<br \/>\n<\/strong><br \/>\nNev\u00edm nic o tom, \u017ee by takov\u00e1 adopce byla neleg\u00e1ln\u00ed. Pokud v\u00edm, pak o adopci rozhoduj\u00ed p\u0159\u00edslu\u0161n\u00e9 ve\u0159ejn\u00e9 org\u00e1ny a ty maj\u00ed za povinnost p\u0159ihl\u00ed\u017eet p\u0159i tom k z\u00e1jm\u016fm adoptovan\u00e9ho d\u00edt\u011bte. Soud\u00edm, \u017ee takov\u00e1 povinnost mus\u00ed b\u00fdt zachov\u00e1na.<\/p>\n<p><strong>9. Co si mysl\u00edte o z\u00e1konem\u00a0nucen\u00e9 sterilizaci osob p\u0159i zm\u011bn\u011b pohlav\u00ed?<\/strong><\/p>\n<p>Zdr\u00e1h\u00e1m se uv\u011b\u0159it, \u017ee pohlav\u00ed lze zm\u011bnit. Z\u00e1konem nucenou sterilizaci bych za v\u0161ech okolnost\u00ed pova\u017eoval za z\u00e1sah do pr\u00e1v jednotlivce, a to dokonce i u sexu\u00e1ln\u00edch zlo\u010dinc\u016f.<\/p>\n<p><strong> 10. Jste ochoten se k t\u011bmto t\u00e9mat\u016fm ve\u0159ejn\u011b vyjad\u0159ovat na diskuzn\u00edch forech, \u010di ve\u0159ejn\u00fdch debat\u00e1ch? <\/strong><\/p>\n<p>D\u011bl\u00e1m to cel\u00fd \u017eivot.<\/p>\n<p>Zdrav\u00ed<br \/>\nL. Jakl<\/p>\n","protected":false},"excerpt":{"rendered":"<p>Ot\u00e1zky kladl: Czeslaw Walek, Chairman of the Board czeslaw@praguepride.com +420 737 461 542<\/p>\n","protected":false},"author":1,"featured_media":0,"comment_status":"open","ping_status":"open","sticky":false,"template":"","format":"standard","meta":{"ngg_post_thumbnail":0,"footnotes":""},"categories":[13],"tags":[],"class_list":["post-2233","post","type-post","status-publish","format-standard","hentry","category-rozhovory"],"_links":{"self":[{"href":"https:\/\/www.ladislavjakl.cz\/index.php?rest_route=\/wp\/v2\/posts\/2233","targetHints":{"allow":["GET"]}}],"collection":[{"href":"https:\/\/www.ladislavjakl.cz\/index.php?rest_route=\/wp\/v2\/posts"}],"about":[{"href":"https:\/\/www.ladislavjakl.cz\/index.php?rest_route=\/wp\/v2\/types\/post"}],"author":[{"embeddable":true,"href":"https:\/\/www.ladislavjakl.cz\/index.php?rest_route=\/wp\/v2\/users\/1"}],"replies":[{"embeddable":true,"href":"https:\/\/www.ladislavjakl.cz\/index.php?rest_route=%2Fwp%2Fv2%2Fcomments&post=2233"}],"version-history":[{"count":4,"href":"https:\/\/www.ladislavjakl.cz\/index.php?rest_route=\/wp\/v2\/posts\/2233\/revisions"}],"predecessor-version":[{"id":2251,"href":"https:\/\/www.ladislavjakl.cz\/index.php?rest_route=\/wp\/v2\/posts\/2233\/revisions\/2251"}],"wp:attachment":[{"href":"https:\/\/www.ladislavjakl.cz\/index.php?rest_route=%2Fwp%2Fv2%2Fmedia&parent=2233"}],"wp:term":[{"taxonomy":"category","embeddable":true,"href":"https:\/\/www.ladislavjakl.cz\/index.php?rest_route=%2Fwp%2Fv2%2Fcategories&post=2233"},{"taxonomy":"post_tag","embeddable":true,"href":"https:\/\/www.ladislavjakl.cz\/index.php?rest_route=%2Fwp%2Fv2%2Ftags&post=2233"}],"curies":[{"name":"wp","href":"https:\/\/api.w.org\/{rel}","templated":true}]}}